{"id":96584,"date":"2020-01-14T05:05:02","date_gmt":"2020-01-14T08:05:02","guid":{"rendered":"http:\/\/www.eltrabajo.cl\/portal\/?p=96584"},"modified":"2020-01-13T22:26:42","modified_gmt":"2020-01-14T01:26:42","slug":"asalto-a-mujer-mientras-amamantaba-a-su-pequena-hija-y-le-robo-celular","status":"publish","type":"post","link":"https:\/\/eltrabajo.cl\/portal\/asalto-a-mujer-mientras-amamantaba-a-su-pequena-hija-y-le-robo-celular\/","title":{"rendered":"Asalt\u00f3 a mujer mientras amamantaba a su peque\u00f1a hija y le rob\u00f3 celular"},"content":{"rendered":"<p><span style=\"color: #ff0000;\"><strong>Boliviana sufri\u00f3 dos atracos en una semana:<\/strong><\/span><\/p>\n<p>Dos hechos delictuales en menos de una semana afectaron a un matrimonio boliviano. El primero de ellos ocurri\u00f3 el pasado lunes 6 de enero, cuando un sujeto asalt\u00f3 a la mujer y le rob\u00f3 su celular mientras amamantaba a su hija, mientras el segundo caso se registr\u00f3 este domingo cuando la misma mujer caminaba con su esposo y se les acerc\u00f3 un sujeto provisto de un arma blanca.<\/p>\n<p>La mujer, identificada como <strong>Amalia Calizaya<\/strong>, nos cont\u00f3 las circunstancias en que le robaron su celular: <em>\u201cEl d\u00eda lunes tuve un robo ac\u00e1 en la esquina (Maip\u00fa con Prat). El se\u00f1or me agarr\u00f3 el celular, me hizo caer\u00a0 al suelo con mi hijita y escap\u00f3 cuando estaba en el lugar, vac\u00edo, y me quiso robar la plata y no le di la mochila, entonces mi celular me lo jal\u00f3 y qued\u00e9 muy asustada\u201d.<\/em><\/p>\n<p>&#8211;<strong> \u00bfEstaba con su hija amamant\u00e1ndola?<\/strong><\/p>\n<p>&#8211; S\u00ed, estaba con mi hija, amamant\u00e1ndola\u00a0 y estaba hablando (por celular).<\/p>\n<p>&#8211; <strong>\u00bfC\u00f3mo era el tipo?<\/strong><\/p>\n<p>&#8211; Era un hombre alto, con una barbita, flaco, en una bicicleta color rojo y con un gorro blanco, era el ladr\u00f3n que me agarr\u00f3, una polera ten\u00eda rojo con rayas.<\/p>\n<p>&#8211; <strong>\u00bfHab\u00eda presencia de Carabineros por el lugar?<\/strong><\/p>\n<p>&#8211; No, no hab\u00eda nada, era el lugar vac\u00edo, eran las tres de la tarde y la gente que hab\u00eda no se met\u00eda, pasaban por un costado nada m\u00e1s, mirando desde la esquina y no se met\u00edan.<\/p>\n<p>&#8211; <strong>\u00bfEn cu\u00e1nto aval\u00faa su celular?<\/strong><\/p>\n<p>&#8211; Es un AS 30, en unos 140 mil pesos. Lo peor que ten\u00eda las fotos de mi hija, fotos de recuerdo.<\/p>\n<p>&#8211; <strong>Preocupante situaci\u00f3n para usted.<\/strong><\/p>\n<p>&#8211; S\u00ed, hay muchos ladrones, no se ponen a trabajar, ya no hay caso, si da miedo.<\/p>\n<p>&#8211; <strong>\u00bfCon su esposo tambi\u00e9n le sucedi\u00f3 un hecho delictual?<\/strong><\/p>\n<p>&#8211; Con mi esposo fue ayer (domingo). Estuvimos all\u00e1 abajo en la feria, dos cuadras para abajo hab\u00eda una pareja que nos quisieron asaltar con un cuchillo. Yo ped\u00ed auxilio y la gente, los vecinos, salieron y los corretearon con palos y la chica se escap\u00f3. El hombre le dijo s\u00e1cala, la bala, disp\u00e1rale, y la chica de miedo se escap\u00f3, entonces el hombre quiso apu\u00f1alar a m\u00ed esposo con un cuchillo de unos 20 cent\u00edmetros, y nosotros gritamos auxilio y la gente, los vecinos, nos salvaron.<\/p>\n<p>&#8211; <strong>\u00bfGracias a los vecinos entonces?<\/strong><\/p>\n<p>&#8211; Nos salvaron los vecinos.<\/p>\n<p>Cuenta que ayer andaba con unos 150 mil pesos en la billetera que el sujeto le quer\u00eda arrebatar, pero reitera que gracias al actuar de algunos vecinos del lugar eso no sucedi\u00f3. <em>\u201cEntr\u00e9game toda la plata si no te voy a meter cuchillo, le dec\u00eda a mi esposo\u201d,<\/em> se\u00f1al\u00f3 Amalia.<\/p>\n<p>De todas maneras bloque\u00f3 su celular.<\/p>\n<p>&nbsp;<\/p>\n<figure id=\"attachment_96585\" aria-describedby=\"caption-attachment-96585\" style=\"width: 580px\" class=\"wp-caption alignnone\"><img data-recalc-dims=\"1\" loading=\"lazy\" decoding=\"async\" class=\"size-full wp-image-96585\" src=\"https:\/\/i0.wp.com\/www.eltrabajo.cl\/portal\/wp-content\/uploads\/2020\/01\/asalto-mama-amamantando.jpg?resize=580%2C360\" alt=\"En este lugar fue donde un delincuente en bicicleta asalt\u00f3 a una ciudadana boliviana mientras amamantaba a su beb\u00e9.\" width=\"580\" height=\"360\" srcset=\"https:\/\/i0.wp.com\/eltrabajo.cl\/portal\/wp-content\/uploads\/2020\/01\/asalto-mama-amamantando.jpg?w=580&amp;ssl=1 580w, https:\/\/i0.wp.com\/eltrabajo.cl\/portal\/wp-content\/uploads\/2020\/01\/asalto-mama-amamantando.jpg?resize=300%2C186&amp;ssl=1 300w, https:\/\/i0.wp.com\/eltrabajo.cl\/portal\/wp-content\/uploads\/2020\/01\/asalto-mama-amamantando.jpg?resize=200%2C124&amp;ssl=1 200w, https:\/\/i0.wp.com\/eltrabajo.cl\/portal\/wp-content\/uploads\/2020\/01\/asalto-mama-amamantando.jpg?resize=242%2C150&amp;ssl=1 242w, https:\/\/i0.wp.com\/eltrabajo.cl\/portal\/wp-content\/uploads\/2020\/01\/asalto-mama-amamantando.jpg?resize=400%2C248&amp;ssl=1 400w\" sizes=\"auto, (max-width: 580px) 100vw, 580px\" \/><figcaption id=\"caption-attachment-96585\" class=\"wp-caption-text\">En este lugar fue donde un delincuente en bicicleta asalt\u00f3 a una ciudadana boliviana mientras amamantaba a su beb\u00e9.<\/figcaption><\/figure>\n","protected":false},"excerpt":{"rendered":"<p>Boliviana sufri\u00f3 dos atracos en una semana: Dos hechos delictuales en menos de una semana afectaron a un matrimonio boliviano. El primero de ellos ocurri\u00f3 el pasado lunes 6 de enero, cuando&#8230;<\/p>\n","protected":false},"author":482,"featured_media":96585,"comment_status":"open","ping_status":"open","sticky":false,"template":"","format":"standard","meta":{"advanced_seo_description":"","jetpack_seo_html_title":"","jetpack_seo_noindex":false,"_jetpack_memberships_contains_paid_content":false,"footnotes":""},"categories":[21],"tags":[],"class_list":["post-96584","post","type-post","status-publish","format-standard","has-post-thumbnail","hentry","category-policial"],"jetpack_featured_media_url":"https:\/\/i0.wp.com\/eltrabajo.cl\/portal\/wp-content\/uploads\/2020\/01\/asalto-mama-amamantando.jpg?fit=580%2C360&ssl=1","jetpack_sharing_enabled":true,"jetpack_likes_enabled":true,"jetpack-related-posts":[],"_links":{"self":[{"href":"https:\/\/eltrabajo.cl\/portal\/wp-json\/wp\/v2\/posts\/96584","targetHints":{"allow":["GET"]}}],"collection":[{"href":"https:\/\/eltrabajo.cl\/portal\/wp-json\/wp\/v2\/posts"}],"about":[{"href":"https:\/\/eltrabajo.cl\/portal\/wp-json\/wp\/v2\/types\/post"}],"author":[{"embeddable":true,"href":"https:\/\/eltrabajo.cl\/portal\/wp-json\/wp\/v2\/users\/482"}],"replies":[{"embeddable":true,"href":"https:\/\/eltrabajo.cl\/portal\/wp-json\/wp\/v2\/comments?post=96584"}],"version-history":[{"count":0,"href":"https:\/\/eltrabajo.cl\/portal\/wp-json\/wp\/v2\/posts\/96584\/revisions"}],"wp:featuredmedia":[{"embeddable":true,"href":"https:\/\/eltrabajo.cl\/portal\/wp-json\/wp\/v2\/media\/96585"}],"wp:attachment":[{"href":"https:\/\/eltrabajo.cl\/portal\/wp-json\/wp\/v2\/media?parent=96584"}],"wp:term":[{"taxonomy":"category","embeddable":true,"href":"https:\/\/eltrabajo.cl\/portal\/wp-json\/wp\/v2\/categories?post=96584"},{"taxonomy":"post_tag","embeddable":true,"href":"https:\/\/eltrabajo.cl\/portal\/wp-json\/wp\/v2\/tags?post=96584"}],"curies":[{"name":"wp","href":"https:\/\/api.w.org\/{rel}","templated":true}]}}