{"id":96587,"date":"2020-01-15T05:01:38","date_gmt":"2020-01-15T08:01:38","guid":{"rendered":"http:\/\/www.eltrabajo.cl\/portal\/?p=96587"},"modified":"2020-01-15T01:12:53","modified_gmt":"2020-01-15T04:12:53","slug":"realizaran-bingo-a-beneficio-de-adulto-mayor-que-sufrio-robo-de-colectivo","status":"publish","type":"post","link":"https:\/\/eltrabajo.cl\/portal\/realizaran-bingo-a-beneficio-de-adulto-mayor-que-sufrio-robo-de-colectivo\/","title":{"rendered":"Realizar\u00e1n bingo a beneficio de adulto mayor que sufri\u00f3 robo de colectivo"},"content":{"rendered":"<p><span style=\"color: #ff0000;\"><strong>Este s\u00e1bado 18 en la sede vecinal 21 de Mayo:<\/strong><\/span><\/p>\n<ul>\n<li><strong>La v\u00edctima de 61 a\u00f1os de edad perdi\u00f3 su fuente laboral que ha venido desarrollando por cerca de nueve a\u00f1os.\u00a0 Se invita a la comunidad a participar del evento organizado por la familia del afectado.<\/strong><\/li>\n<\/ul>\n<p><strong>\u00a0<\/strong>Para este s\u00e1bado 18 de enero a contar de las 19:30 horas, en la sede del sector de 21 de Mayo, est\u00e1 contemplada la realizaci\u00f3n de un bingo para ir en ayuda de <strong>Jaime Francisco Y\u00e9venes P\u00e9rez<\/strong>, apodado <strong>\u2018El Zorro\u2019<\/strong>, a quien el d\u00eda 2 de enero un solitario delincuente le rob\u00f3 a punta de pistola su taxi colectivo cuando se detuvo moment\u00e1neamente pasado el Puente Enc\u00f3n.<\/p>\n<p>En conversaci\u00f3n con nuestro medio dijo que hasta el momento no ha sabido nada sobre el paradero de su taxi colectivo que para \u00e9l es su fuente de trabajo. En carabineros le dijeron que deb\u00eda esperar y en cuanto tuvieran noticias le avisar\u00edan.<\/p>\n<p>Asimismo aprovech\u00f3 nuestro para agradecer a los integrantes de la l\u00ednea 5 por la ayuda que le han brindado.<\/p>\n<p>\u201c<em>No hemos sabido ninguna pista (del veh\u00edculo), hemos estado busc\u00e1ndolo por varios lados solitarios y no lo hemos encontrado. Yo creo que est\u00e1 para afuera, yo creo que en Santiago, porque aqu\u00ed pueblo chico se sabe todo. Aqu\u00ed estamos sin trabajo, a manos cruzadas porque esto era mi fuente de ingreso y somos cinco en la familia. M\u00e1s encima el auto lo estoy pagando y tengo que ver la respuesta del seguro.\u00a0 La cuota es de $263.000 mensuales y reci\u00e9n en julio de este a\u00f1o terminaba de pagarlo\u201d.<\/em><\/p>\n<p>Sobre el bingo coment\u00f3 que son unos familiares quienes le est\u00e1n organizando este bingo, <em>\u201cque se va a realizar en la sede de 21 de Mayo, en la sede de la junta de vecinos. La idea es poder juntar dinero porque el taxi colectivo era mi fuente laboral\u201d,<\/em> dijo Y\u00e9venes.<\/p>\n<p>Cuenta que estos d\u00edas han sido terribles porque para todo se necesita dinero. Afortunadamente lo han estado ayudando un poco para pasar mejor estos d\u00edas. De todas maneras reconoce que siente desesperaci\u00f3n al no poder encontrar su autom\u00f3vil.<\/p>\n<p>Reconoce que hasta el momento no ha tenido ning\u00fan dato sobre la ubicaci\u00f3n del taxi colectivo: <em>\u201cHartos colegas andan pendientes, han ido para varios lados algunos y nada, Carabineros anda trayendo la patente en caso de algo\u201d,<\/em> se\u00f1ala.<\/p>\n<p>&#8211; <strong>\u00bfQu\u00e9 se ha hecho por parte de Carabineros e Investigaciones sobre su caso?<\/strong><\/p>\n<p>&#8211; Nada, no he sabido ninguna noticia de ellos, es lamentable.<\/p>\n<p>&#8211; <strong>\u00bfLe queda la sensaci\u00f3n que en San Felipe o a nivel nacional es f\u00e1cil robar?<\/strong><\/p>\n<p>&#8211; Yo creo que en todos lados est\u00e1 as\u00ed.<\/p>\n<p>Al finalizar reiter\u00f3 la invitaci\u00f3n para este d\u00eda s\u00e1bado a las 19:30 horas en la sede vecinal del sector de 21 de Mayo. El valor del cart\u00f3n es $1.000 (mil pesos) que da derecho a cinco bingos. Hay excelentes premios y productos para comer. La actividad se realizar\u00e1 en la sede vecinal frente a la escuela 21 de Mayo.<\/p>\n<p>Cabe recordar que Jaime Y\u00e9venes es una persona con habilidades reducidas, pues tiene problemas en la cadera.<\/p>\n<p>&nbsp;<\/p>\n<figure id=\"attachment_96588\" aria-describedby=\"caption-attachment-96588\" style=\"width: 580px\" class=\"wp-caption alignnone\"><img data-recalc-dims=\"1\" loading=\"lazy\" decoding=\"async\" class=\"size-full wp-image-96588\" src=\"https:\/\/i0.wp.com\/www.eltrabajo.cl\/portal\/wp-content\/uploads\/2020\/01\/JAIME-YEVENES-PEREZ-1.jpg?resize=580%2C359\" alt=\"Don Jaime Y\u00e9venes P\u00e9rez tiene 61 a\u00f1os edad.  A principios de este mes sufri\u00f3 un asalto a mano armada por un delincuente que le rob\u00f3 su colectivo.\" width=\"580\" height=\"359\" srcset=\"https:\/\/i0.wp.com\/eltrabajo.cl\/portal\/wp-content\/uploads\/2020\/01\/JAIME-YEVENES-PEREZ-1.jpg?w=580&amp;ssl=1 580w, https:\/\/i0.wp.com\/eltrabajo.cl\/portal\/wp-content\/uploads\/2020\/01\/JAIME-YEVENES-PEREZ-1.jpg?resize=300%2C186&amp;ssl=1 300w, https:\/\/i0.wp.com\/eltrabajo.cl\/portal\/wp-content\/uploads\/2020\/01\/JAIME-YEVENES-PEREZ-1.jpg?resize=200%2C124&amp;ssl=1 200w, https:\/\/i0.wp.com\/eltrabajo.cl\/portal\/wp-content\/uploads\/2020\/01\/JAIME-YEVENES-PEREZ-1.jpg?resize=242%2C150&amp;ssl=1 242w, https:\/\/i0.wp.com\/eltrabajo.cl\/portal\/wp-content\/uploads\/2020\/01\/JAIME-YEVENES-PEREZ-1.jpg?resize=400%2C248&amp;ssl=1 400w\" sizes=\"auto, (max-width: 580px) 100vw, 580px\" \/><figcaption id=\"caption-attachment-96588\" class=\"wp-caption-text\">Don Jaime Y\u00e9venes P\u00e9rez tiene 61 a\u00f1os edad. A principios de este mes sufri\u00f3 un asalto a mano armada por un delincuente que le rob\u00f3 su colectivo.<\/figcaption><\/figure>\n","protected":false},"excerpt":{"rendered":"<p>Este s\u00e1bado 18 en la sede vecinal 21 de Mayo: La v\u00edctima de 61 a\u00f1os de edad perdi\u00f3 su fuente laboral que ha venido desarrollando por cerca de nueve a\u00f1os.\u00a0 Se invita&#8230;<\/p>\n","protected":false},"author":482,"featured_media":96588,"comment_status":"open","ping_status":"open","sticky":false,"template":"","format":"standard","meta":{"advanced_seo_description":"","jetpack_seo_html_title":"","jetpack_seo_noindex":false,"_jetpack_memberships_contains_paid_content":false,"footnotes":""},"categories":[15],"tags":[],"class_list":["post-96587","post","type-post","status-publish","format-standard","has-post-thumbnail","hentry","category-comunidad"],"jetpack_featured_media_url":"https:\/\/i0.wp.com\/eltrabajo.cl\/portal\/wp-content\/uploads\/2020\/01\/JAIME-YEVENES-PEREZ-1.jpg?fit=580%2C359&ssl=1","jetpack_sharing_enabled":true,"jetpack_likes_enabled":true,"jetpack-related-posts":[],"_links":{"self":[{"href":"https:\/\/eltrabajo.cl\/portal\/wp-json\/wp\/v2\/posts\/96587","targetHints":{"allow":["GET"]}}],"collection":[{"href":"https:\/\/eltrabajo.cl\/portal\/wp-json\/wp\/v2\/posts"}],"about":[{"href":"https:\/\/eltrabajo.cl\/portal\/wp-json\/wp\/v2\/types\/post"}],"author":[{"embeddable":true,"href":"https:\/\/eltrabajo.cl\/portal\/wp-json\/wp\/v2\/users\/482"}],"replies":[{"embeddable":true,"href":"https:\/\/eltrabajo.cl\/portal\/wp-json\/wp\/v2\/comments?post=96587"}],"version-history":[{"count":0,"href":"https:\/\/eltrabajo.cl\/portal\/wp-json\/wp\/v2\/posts\/96587\/revisions"}],"wp:featuredmedia":[{"embeddable":true,"href":"https:\/\/eltrabajo.cl\/portal\/wp-json\/wp\/v2\/media\/96588"}],"wp:attachment":[{"href":"https:\/\/eltrabajo.cl\/portal\/wp-json\/wp\/v2\/media?parent=96587"}],"wp:term":[{"taxonomy":"category","embeddable":true,"href":"https:\/\/eltrabajo.cl\/portal\/wp-json\/wp\/v2\/categories?post=96587"},{"taxonomy":"post_tag","embeddable":true,"href":"https:\/\/eltrabajo.cl\/portal\/wp-json\/wp\/v2\/tags?post=96587"}],"curies":[{"name":"wp","href":"https:\/\/api.w.org\/{rel}","templated":true}]}}