{"id":96590,"date":"2020-01-15T05:02:58","date_gmt":"2020-01-15T08:02:58","guid":{"rendered":"http:\/\/www.eltrabajo.cl\/portal\/?p=96590"},"modified":"2020-01-15T01:14:39","modified_gmt":"2020-01-15T04:14:39","slug":"familia-de-christian-tapia-exigira-todo-el-rigor-de-la-ley-por-joven-asesinado-en-minimarket-zakar","status":"publish","type":"post","link":"https:\/\/eltrabajo.cl\/portal\/familia-de-christian-tapia-exigira-todo-el-rigor-de-la-ley-por-joven-asesinado-en-minimarket-zakar\/","title":{"rendered":"Familia de Christian Tapia exigir\u00e1 todo el rigor de la ley por joven asesinado en minimarket Zakar"},"content":{"rendered":"<ul>\n<li><strong>Creen que hubo un ensa\u00f1amiento de parte del locatario y un militar activo contra Christian Tapia Trigo, a quien habr\u00edan golpeado m\u00e1s de media hora, donde apuntan a que las c\u00e1maras del local ser\u00e1n el mejor testigo para saber lo ocurrido y que la justicia aplique la mayor pena contra los agresores.<\/strong><\/li>\n<\/ul>\n<p><strong>LOS ANDES<\/strong>.- Golpeados por la falta de humanidad y poco sentir se encuentra la familia directa de <strong>Christian Antonio Tapia Trigo<\/strong>, joven de 24 a\u00f1os de edad que fuera asesinado a golpes tras un confuso incidente ocurrido la tarde del domingo al interior del minimarket Zakar ubicado en el sector sur de Los Andes.<\/p>\n<p>Como se conoci\u00f3 aquel d\u00eda, el joven fue reducido por uno de los dependientes que posee conocimientos en artes marciales, el que lo habr\u00eda golpeado por cerca de 25 minutos, a lo que posteriormente se le habr\u00eda sumado un funcionario del Ej\u00e9rcito, quien habr\u00eda intentado ayudar al locatario, pero tambi\u00e9n habr\u00eda golpeado al joven hasta que le ocasionaron la muerte.<\/p>\n<p>Tras ello, la familia no se resigna a la p\u00e9rdida de Christian Tapia Trigo, ante lo cual pide que la justicia aplique el m\u00e1ximo rigor de la ley en el caso del fallecimiento, y que las c\u00e1maras del mismo local, que est\u00e1n en poder de la polic\u00eda, sean los mejores testigos para llegar a saber la verdad.<\/p>\n<p>Cabe mencionar que, seg\u00fan cont\u00f3 la familia en exclusiva a \u2018Los Andes Hoy\u2019, el informe de la autopsia se\u00f1ala que hay traumatismo enc\u00e9falo craneano producto de los innumerables golpes, y tambi\u00e9n fractura en la tr\u00e1quea que le imped\u00eda respirar a Christian Trigo, lo que le ocasion\u00f3 la muerte.<\/p>\n<p>Al respecto, una consternada madre, <strong>Claudia Trigo<\/strong>, se\u00f1al\u00f3 que <em>\u201cno me he querido enterar de m\u00e1s cosas de lo sucedido con mi hijo, pero cuando lo vi, me di cuenta que se ensa\u00f1aron y el que est\u00e1 en el caj\u00f3n no es mi hijo, lo que m\u00e1s me extra\u00f1a y da rabia, dolor, es que nadie hizo nada durante media hora.\u00a0 Hay gente que vio el tema y not\u00f3 que eran dos contra uno y nunca se colocaron en el lugar de \u00e9l para ayudar a una persona\u2026\u00a0 Tengo tanta rabia con estas personas, mi hijo no era una mala persona y s\u00f3lo pido que se haga justicia, ya que me quitaron un hijo y a mi nieta, su padre, y que paguen lo que hicieron con Christian, espero que paguen por el da\u00f1o que hicieron, aunque s\u00e9 que no me lo devolver\u00e1n\u201d.<\/em><\/p>\n<p>La familia est\u00e1 dispuesta a hacer toda la presi\u00f3n posible para que la justicia act\u00fae de la forma correcta en este caso, donde se\u00f1alan que hubo un ensa\u00f1amiento y destruyeron una familia, y se pongan en el lugar de la familia, por lo que tambi\u00e9n llaman a testigos a cooperar en este caso, ya que ac\u00e1 se quit\u00f3 la vida a una persona, sobre lo cual no pensaron los agresores.<\/p>\n<p>Misma opini\u00f3n tiene <strong>Ana Karen P\u00e1ez<\/strong>, polola de Christian, quien manifest\u00f3 sentir rabia y pena, sobre todo por la hija de 5 a\u00f1os que tienen en com\u00fan: <em>\u201cPara mi hija, su padre era todo y se lo quitaron\u2026 Ac\u00e1 esperamos que se haga justicia y tienen que pagar estas dos personas por lo que hicieron, \u00e9l siempre estuvo en desventaja, me lo imagino desesperado y con miedo y estos hombres nunca lo dejaron tranquilo, por lo que queremos que la justicia act\u00fae como corresponde y se hable con la verdad\u201d.<\/em><\/p>\n<p>No cabe duda que para esta familia quedar\u00e1 un vac\u00edo enorme\u00a0 tras la muerte del joven, dado que la p\u00e9rdida de un hijo nunca se repara.\u00a0 <em>\u201cTenemos un dolor muy grande y nunca tendremos una cura en nuestros corazones. Hicieron algo muy cruel con \u00e9l y hubo ensa\u00f1amiento, no le costaba nada haberlo reducido, ya que ambos ten\u00edan conocimientos y entrenamiento\u2026 Esperamos que sean los videos los mejores testigos y la gente que entr\u00f3 a comprar, ya que el local nunca cerr\u00f3 y las c\u00e1maras no mienten y es la mejor manera de hacer justicia y que se aplique todo el rigor de la ley\u201d.<\/em><\/p>\n<p>Lo que m\u00e1s duele a la familia es la peque\u00f1a que queda sin un padre, ya que quedaron muchas cosas por vivir entre ambos. Los adultos entienden de mejor forma las cosas, pero la ni\u00f1a de tan s\u00f3lo 5 a\u00f1os es la que m\u00e1s perder\u00e1 en este terrible caso.<\/p>\n<p>La familia de Christian Tapia espera que la justicia haga ahora su parte y ambos implicados cumplan por el delito que cometieron y se aplique todo el rigor de la ley, ya que consideran que esto no fue accidental, sino que hubo un ensa\u00f1amiento y falta de humanidad para tratar una persona, sobretodo porque nunca hubo opci\u00f3n para que la v\u00edctima en este caso se defendiera de los prolongados golpes.<\/p>\n<p>&nbsp;<\/p>\n<figure id=\"attachment_96591\" aria-describedby=\"caption-attachment-96591\" style=\"width: 580px\" class=\"wp-caption alignnone\"><img data-recalc-dims=\"1\" loading=\"lazy\" decoding=\"async\" class=\"size-full wp-image-96591\" src=\"https:\/\/i0.wp.com\/www.eltrabajo.cl\/portal\/wp-content\/uploads\/2020\/01\/ChristianTapiaTrigo.jpg?resize=580%2C360\" alt=\"Christian Antonio Tapia Trigo, de 24 a\u00f1os y padre de una ni\u00f1a de 5, muri\u00f3 en un confuso incidente que su familia espera sea aclarado por la justicia, exigiendo todo el peso de la ley para los autores que, aseguran, se ensa\u00f1aron con el joven.\" width=\"580\" height=\"360\" srcset=\"https:\/\/i0.wp.com\/eltrabajo.cl\/portal\/wp-content\/uploads\/2020\/01\/ChristianTapiaTrigo.jpg?w=580&amp;ssl=1 580w, https:\/\/i0.wp.com\/eltrabajo.cl\/portal\/wp-content\/uploads\/2020\/01\/ChristianTapiaTrigo.jpg?resize=300%2C186&amp;ssl=1 300w, https:\/\/i0.wp.com\/eltrabajo.cl\/portal\/wp-content\/uploads\/2020\/01\/ChristianTapiaTrigo.jpg?resize=200%2C124&amp;ssl=1 200w, https:\/\/i0.wp.com\/eltrabajo.cl\/portal\/wp-content\/uploads\/2020\/01\/ChristianTapiaTrigo.jpg?resize=242%2C150&amp;ssl=1 242w, https:\/\/i0.wp.com\/eltrabajo.cl\/portal\/wp-content\/uploads\/2020\/01\/ChristianTapiaTrigo.jpg?resize=400%2C248&amp;ssl=1 400w\" sizes=\"auto, (max-width: 580px) 100vw, 580px\" \/><figcaption id=\"caption-attachment-96591\" class=\"wp-caption-text\">Christian Antonio Tapia Trigo, de 24 a\u00f1os y padre de una ni\u00f1a de 5, muri\u00f3 en un confuso incidente que su familia espera sea aclarado por la justicia, exigiendo todo el peso de la ley para los autores que, aseguran, se ensa\u00f1aron con el joven.<\/figcaption><\/figure>\n","protected":false},"excerpt":{"rendered":"<p>Creen que hubo un ensa\u00f1amiento de parte del locatario y un militar activo contra Christian Tapia Trigo, a quien habr\u00edan golpeado m\u00e1s de media hora, donde apuntan a que las c\u00e1maras del&#8230;<\/p>\n","protected":false},"author":482,"featured_media":96591,"comment_status":"open","ping_status":"open","sticky":false,"template":"","format":"standard","meta":{"advanced_seo_description":"","jetpack_seo_html_title":"","jetpack_seo_noindex":false,"_jetpack_memberships_contains_paid_content":false,"footnotes":""},"categories":[15],"tags":[],"class_list":["post-96590","post","type-post","status-publish","format-standard","has-post-thumbnail","hentry","category-comunidad"],"jetpack_featured_media_url":"https:\/\/i0.wp.com\/eltrabajo.cl\/portal\/wp-content\/uploads\/2020\/01\/ChristianTapiaTrigo.jpg?fit=580%2C360&ssl=1","jetpack_sharing_enabled":true,"jetpack_likes_enabled":true,"jetpack-related-posts":[],"_links":{"self":[{"href":"https:\/\/eltrabajo.cl\/portal\/wp-json\/wp\/v2\/posts\/96590","targetHints":{"allow":["GET"]}}],"collection":[{"href":"https:\/\/eltrabajo.cl\/portal\/wp-json\/wp\/v2\/posts"}],"about":[{"href":"https:\/\/eltrabajo.cl\/portal\/wp-json\/wp\/v2\/types\/post"}],"author":[{"embeddable":true,"href":"https:\/\/eltrabajo.cl\/portal\/wp-json\/wp\/v2\/users\/482"}],"replies":[{"embeddable":true,"href":"https:\/\/eltrabajo.cl\/portal\/wp-json\/wp\/v2\/comments?post=96590"}],"version-history":[{"count":0,"href":"https:\/\/eltrabajo.cl\/portal\/wp-json\/wp\/v2\/posts\/96590\/revisions"}],"wp:featuredmedia":[{"embeddable":true,"href":"https:\/\/eltrabajo.cl\/portal\/wp-json\/wp\/v2\/media\/96591"}],"wp:attachment":[{"href":"https:\/\/eltrabajo.cl\/portal\/wp-json\/wp\/v2\/media?parent=96590"}],"wp:term":[{"taxonomy":"category","embeddable":true,"href":"https:\/\/eltrabajo.cl\/portal\/wp-json\/wp\/v2\/categories?post=96590"},{"taxonomy":"post_tag","embeddable":true,"href":"https:\/\/eltrabajo.cl\/portal\/wp-json\/wp\/v2\/tags?post=96590"}],"curies":[{"name":"wp","href":"https:\/\/api.w.org\/{rel}","templated":true}]}}