{"id":96593,"date":"2020-01-15T05:03:44","date_gmt":"2020-01-15T08:03:44","guid":{"rendered":"http:\/\/www.eltrabajo.cl\/portal\/?p=96593"},"modified":"2020-01-15T01:22:50","modified_gmt":"2020-01-15T04:22:50","slug":"conductor-casi-muere-calcinado-al-interior-de-auto-envuelto-en-llamas","status":"publish","type":"post","link":"https:\/\/eltrabajo.cl\/portal\/conductor-casi-muere-calcinado-al-interior-de-auto-envuelto-en-llamas\/","title":{"rendered":"Conductor casi muere calcinado al interior de auto envuelto en llamas"},"content":{"rendered":"<p><span style=\"color: #ff0000;\"><strong>Derrib\u00f3 poste con\u00a0 transformador y cables que incendiaron tambi\u00e9n \u00e1rboles cercanos:<\/strong><\/span><\/p>\n<p><strong>PANQUEHUE<\/strong>.- Un conductor de autom\u00f3vil estuvo a punto de perder la vida calcinado luego que su veh\u00edculo se estrellara contra un poste del alumbrado p\u00fablico, el cual arranc\u00f3 de su base y fue a caer justo sobre el veh\u00edculo, el cual termin\u00f3 envuelto en llamas debido al cortocircuito y explosi\u00f3n de un transformador el\u00e9ctrico que era sostenido por el mismo poste.<\/p>\n<p>La colisi\u00f3n del veh\u00edculo fue m\u00e1s que fulminante y aparatosa. El autom\u00f3vil KIA patente JG DC 26 qued\u00f3 destrozado e incendiado, mientras que su conductor <strong>Esteban Manzano Cataldo<\/strong>, de 39 a\u00f1os de edad, qued\u00f3 atrapado con el auto en llamas al interior del mismo. El peligro de muerte era inminente.<\/p>\n<p>Tras la potente explosi\u00f3n en las cercan\u00edas de la bencinera de Panquehue (Km.20 Troncal) producto de este accidente, en pocos minutos lleg\u00f3 la primera m\u00e1quina de Bomberos al lugar, procediendo a enfrentar el peligroso escenario electrificado para rescatar lo m\u00e1s r\u00e1pidamente posible al conductor atrapado de manera exitosa, pero con heridas que ameritaron su r\u00e1pido traslado a Urgencias del Hospital San Camilo, en donde fue categorizado (C2) para Atenci\u00f3n Inmediata.<\/p>\n<p><strong>\u00a0<\/strong><\/p>\n<p><span style=\"color: #ff0000;\"><strong>REACCI\u00d3N INMEDIATA<\/strong><\/span><\/p>\n<p><strong>Diario El Trabajo<\/strong> habl\u00f3 en el lugar con el oficial a cargo de las operaciones, Comandante de Bomberos <strong>Juan Carlos Herrera Lillo<\/strong>: <em>\u00abLa verdad es que despu\u00e9s de varios minutos la situaci\u00f3n se pudo controlar, afortunadamente la primera m\u00e1quina de Panquehue pudo sacar al \u00fanico ocupante del veh\u00edculo colisionado. Este conductor result\u00f3 con algunas lesiones no de car\u00e1cter grave tras esta situaci\u00f3n bastante complicada al chocar con el poste, mismo que fue arrancado de su base, adem\u00e1s hab\u00eda un transformador, lo que produjo un incendio tanto del veh\u00edculo como la zarzamora en este sector. As\u00ed que pese a que fue un accidente bastante complicado, lo cierto es que la persona se pudo rescatar del veh\u00edculo en llamas <\/em>(\u2026) <em>La persona que conduc\u00eda estaba atrapada dentro del veh\u00edculo y afortunadamente la Sexta Compa\u00f1\u00eda est\u00e1 a menos de 500 metros del lugar y r\u00e1pidamente personal de Bomberos pudo llegar y rescatar a la v\u00edctima<\/em>\u00bb, coment\u00f3 Herrera.<\/p>\n<p>Esteban Manzano fue ingresado a Urgencias minutos despu\u00e9s, en donde fue atendido para estabilizarlo. Al cierre de nuestra edici\u00f3n segu\u00eda en Urgencias pero fuera de riesgo vital, sin quemaduras ni fracturas. Tampoco se pudo establecer las razones que hicieron perder el control al conductor de su veh\u00edculo.<br \/>\n<strong>Roberto Gonz\u00e1lez Short<\/strong><\/p>\n<p>&nbsp;<\/p>\n<figure id=\"attachment_96599\" aria-describedby=\"caption-attachment-96599\" style=\"width: 580px\" class=\"wp-caption alignnone\"><img data-recalc-dims=\"1\" loading=\"lazy\" decoding=\"async\" class=\"size-full wp-image-96599\" src=\"https:\/\/i0.wp.com\/www.eltrabajo.cl\/portal\/wp-content\/uploads\/2020\/01\/Portada.jpg?resize=580%2C359\" alt=\"P\u00c9RDIDAS TOTALES.- As\u00ed qued\u00f3 el KIA, partido en dos partes su motor e incendiado en gran parte, luego de colisionar violentamente contra este poste.\" width=\"580\" height=\"359\" srcset=\"https:\/\/i0.wp.com\/eltrabajo.cl\/portal\/wp-content\/uploads\/2020\/01\/Portada.jpg?w=580&amp;ssl=1 580w, https:\/\/i0.wp.com\/eltrabajo.cl\/portal\/wp-content\/uploads\/2020\/01\/Portada.jpg?resize=300%2C186&amp;ssl=1 300w, https:\/\/i0.wp.com\/eltrabajo.cl\/portal\/wp-content\/uploads\/2020\/01\/Portada.jpg?resize=200%2C124&amp;ssl=1 200w, https:\/\/i0.wp.com\/eltrabajo.cl\/portal\/wp-content\/uploads\/2020\/01\/Portada.jpg?resize=242%2C150&amp;ssl=1 242w, https:\/\/i0.wp.com\/eltrabajo.cl\/portal\/wp-content\/uploads\/2020\/01\/Portada.jpg?resize=400%2C248&amp;ssl=1 400w\" sizes=\"auto, (max-width: 580px) 100vw, 580px\" \/><figcaption id=\"caption-attachment-96599\" class=\"wp-caption-text\">P\u00c9RDIDAS TOTALES.- As\u00ed qued\u00f3 el KIA, partido en dos partes su motor e incendiado en gran parte, luego de colisionar violentamente contra este poste.<\/figcaption><\/figure>\n<p>&nbsp;<\/p>\n<figure id=\"attachment_96595\" aria-describedby=\"caption-attachment-96595\" style=\"width: 580px\" class=\"wp-caption alignnone\"><img data-recalc-dims=\"1\" loading=\"lazy\" decoding=\"async\" class=\"size-full wp-image-96595\" src=\"https:\/\/i0.wp.com\/www.eltrabajo.cl\/portal\/wp-content\/uploads\/2020\/01\/Poste1.jpg?resize=580%2C359\" alt=\"P\u00c9RDIDAS TOTALES.- As\u00ed qued\u00f3 el KIA, partido en dos partes su motor e incendiado en gran parte, luego de colisionar violentamente contra este poste.\" width=\"580\" height=\"359\" srcset=\"https:\/\/i0.wp.com\/eltrabajo.cl\/portal\/wp-content\/uploads\/2020\/01\/Poste1.jpg?w=580&amp;ssl=1 580w, https:\/\/i0.wp.com\/eltrabajo.cl\/portal\/wp-content\/uploads\/2020\/01\/Poste1.jpg?resize=300%2C186&amp;ssl=1 300w, https:\/\/i0.wp.com\/eltrabajo.cl\/portal\/wp-content\/uploads\/2020\/01\/Poste1.jpg?resize=200%2C124&amp;ssl=1 200w, https:\/\/i0.wp.com\/eltrabajo.cl\/portal\/wp-content\/uploads\/2020\/01\/Poste1.jpg?resize=242%2C150&amp;ssl=1 242w, https:\/\/i0.wp.com\/eltrabajo.cl\/portal\/wp-content\/uploads\/2020\/01\/Poste1.jpg?resize=400%2C248&amp;ssl=1 400w\" sizes=\"auto, (max-width: 580px) 100vw, 580px\" \/><figcaption id=\"caption-attachment-96595\" class=\"wp-caption-text\">P\u00c9RDIDAS TOTALES.- As\u00ed qued\u00f3 el KIA, partido en dos partes su motor e incendiado en gran parte, luego de colisionar violentamente contra este poste.<\/figcaption><\/figure>\n<p>&nbsp;<\/p>\n<figure id=\"attachment_96598\" aria-describedby=\"caption-attachment-96598\" style=\"width: 580px\" class=\"wp-caption alignnone\"><img data-recalc-dims=\"1\" loading=\"lazy\" decoding=\"async\" class=\"size-full wp-image-96598\" src=\"https:\/\/i0.wp.com\/www.eltrabajo.cl\/portal\/wp-content\/uploads\/2020\/01\/Poste4.jpg?resize=580%2C359\" alt=\"KILOM\u00c9TRICO TACO.- Filas de al menos 3 kil\u00f3metros se formaron en ambas direcciones de la ruta Troncal Panquehue a la altura del kil\u00f3metro 20.\" width=\"580\" height=\"359\" srcset=\"https:\/\/i0.wp.com\/eltrabajo.cl\/portal\/wp-content\/uploads\/2020\/01\/Poste4.jpg?w=580&amp;ssl=1 580w, https:\/\/i0.wp.com\/eltrabajo.cl\/portal\/wp-content\/uploads\/2020\/01\/Poste4.jpg?resize=300%2C186&amp;ssl=1 300w, https:\/\/i0.wp.com\/eltrabajo.cl\/portal\/wp-content\/uploads\/2020\/01\/Poste4.jpg?resize=200%2C124&amp;ssl=1 200w, https:\/\/i0.wp.com\/eltrabajo.cl\/portal\/wp-content\/uploads\/2020\/01\/Poste4.jpg?resize=242%2C150&amp;ssl=1 242w, https:\/\/i0.wp.com\/eltrabajo.cl\/portal\/wp-content\/uploads\/2020\/01\/Poste4.jpg?resize=400%2C248&amp;ssl=1 400w\" sizes=\"auto, (max-width: 580px) 100vw, 580px\" \/><figcaption id=\"caption-attachment-96598\" class=\"wp-caption-text\">KILOM\u00c9TRICO TACO.- Filas de al menos 3 kil\u00f3metros se formaron en ambas direcciones de la ruta Troncal Panquehue a la altura del kil\u00f3metro 20.<\/figcaption><\/figure>\n<p>&nbsp;<\/p>\n<figure id=\"attachment_96594\" aria-describedby=\"caption-attachment-96594\" style=\"width: 580px\" class=\"wp-caption alignnone\"><img data-recalc-dims=\"1\" loading=\"lazy\" decoding=\"async\" class=\"size-full wp-image-96594\" src=\"https:\/\/i0.wp.com\/www.eltrabajo.cl\/portal\/wp-content\/uploads\/2020\/01\/Poste_Juan-Carlos-Herrera.jpg?resize=580%2C358\" alt=\"Comandante de Bomberos, Juan Carlos Herrera Lillo.\" width=\"580\" height=\"358\" srcset=\"https:\/\/i0.wp.com\/eltrabajo.cl\/portal\/wp-content\/uploads\/2020\/01\/Poste_Juan-Carlos-Herrera.jpg?w=580&amp;ssl=1 580w, https:\/\/i0.wp.com\/eltrabajo.cl\/portal\/wp-content\/uploads\/2020\/01\/Poste_Juan-Carlos-Herrera.jpg?resize=300%2C185&amp;ssl=1 300w, https:\/\/i0.wp.com\/eltrabajo.cl\/portal\/wp-content\/uploads\/2020\/01\/Poste_Juan-Carlos-Herrera.jpg?resize=200%2C123&amp;ssl=1 200w, https:\/\/i0.wp.com\/eltrabajo.cl\/portal\/wp-content\/uploads\/2020\/01\/Poste_Juan-Carlos-Herrera.jpg?resize=243%2C150&amp;ssl=1 243w, https:\/\/i0.wp.com\/eltrabajo.cl\/portal\/wp-content\/uploads\/2020\/01\/Poste_Juan-Carlos-Herrera.jpg?resize=400%2C247&amp;ssl=1 400w\" sizes=\"auto, (max-width: 580px) 100vw, 580px\" \/><figcaption id=\"caption-attachment-96594\" class=\"wp-caption-text\">Comandante de Bomberos, Juan Carlos Herrera Lillo.<\/figcaption><\/figure>\n<p>&nbsp;<\/p>\n<figure id=\"attachment_96597\" aria-describedby=\"caption-attachment-96597\" style=\"width: 580px\" class=\"wp-caption alignnone\"><img data-recalc-dims=\"1\" loading=\"lazy\" decoding=\"async\" class=\"size-full wp-image-96597\" src=\"https:\/\/i0.wp.com\/www.eltrabajo.cl\/portal\/wp-content\/uploads\/2020\/01\/Poste3.jpg?resize=580%2C870\" alt=\"En este lugar exacto del veh\u00edculo qued\u00f3 atrapado el conductor, mientras las llamas hac\u00edan peligrar su vida.\" width=\"580\" height=\"870\" srcset=\"https:\/\/i0.wp.com\/eltrabajo.cl\/portal\/wp-content\/uploads\/2020\/01\/Poste3.jpg?w=580&amp;ssl=1 580w, https:\/\/i0.wp.com\/eltrabajo.cl\/portal\/wp-content\/uploads\/2020\/01\/Poste3.jpg?resize=200%2C300&amp;ssl=1 200w, https:\/\/i0.wp.com\/eltrabajo.cl\/portal\/wp-content\/uploads\/2020\/01\/Poste3.jpg?resize=100%2C150&amp;ssl=1 100w, https:\/\/i0.wp.com\/eltrabajo.cl\/portal\/wp-content\/uploads\/2020\/01\/Poste3.jpg?resize=400%2C600&amp;ssl=1 400w\" sizes=\"auto, (max-width: 580px) 100vw, 580px\" \/><figcaption id=\"caption-attachment-96597\" class=\"wp-caption-text\">En este lugar exacto del veh\u00edculo qued\u00f3 atrapado el conductor, mientras las llamas hac\u00edan peligrar su vida.<\/figcaption><\/figure>\n<p>&nbsp;<\/p>\n<figure id=\"attachment_96596\" aria-describedby=\"caption-attachment-96596\" style=\"width: 579px\" class=\"wp-caption alignnone\"><img data-recalc-dims=\"1\" loading=\"lazy\" decoding=\"async\" class=\"size-full wp-image-96596\" src=\"https:\/\/i0.wp.com\/www.eltrabajo.cl\/portal\/wp-content\/uploads\/2020\/01\/Poste2.jpg?resize=579%2C869\" alt=\"TODO QUEMADO.- Varios metros alrededor del poste fueron calcinados por el incendio, \u00e1rboles y maleza desaparecieron.\" width=\"579\" height=\"869\" srcset=\"https:\/\/i0.wp.com\/eltrabajo.cl\/portal\/wp-content\/uploads\/2020\/01\/Poste2.jpg?w=579&amp;ssl=1 579w, https:\/\/i0.wp.com\/eltrabajo.cl\/portal\/wp-content\/uploads\/2020\/01\/Poste2.jpg?resize=200%2C300&amp;ssl=1 200w, https:\/\/i0.wp.com\/eltrabajo.cl\/portal\/wp-content\/uploads\/2020\/01\/Poste2.jpg?resize=100%2C150&amp;ssl=1 100w, https:\/\/i0.wp.com\/eltrabajo.cl\/portal\/wp-content\/uploads\/2020\/01\/Poste2.jpg?resize=400%2C600&amp;ssl=1 400w\" sizes=\"auto, (max-width: 579px) 100vw, 579px\" \/><figcaption id=\"caption-attachment-96596\" class=\"wp-caption-text\">TODO QUEMADO.- Varios metros alrededor del poste fueron calcinados por el incendio, \u00e1rboles y maleza desaparecieron.<\/figcaption><\/figure>\n","protected":false},"excerpt":{"rendered":"<p>Derrib\u00f3 poste con\u00a0 transformador y cables que incendiaron tambi\u00e9n \u00e1rboles cercanos: PANQUEHUE.- Un conductor de autom\u00f3vil estuvo a punto de perder la vida calcinado luego que su veh\u00edculo se estrellara contra un&#8230;<\/p>\n","protected":false},"author":482,"featured_media":96599,"comment_status":"open","ping_status":"open","sticky":false,"template":"","format":"standard","meta":{"advanced_seo_description":"","jetpack_seo_html_title":"","jetpack_seo_noindex":false,"_jetpack_memberships_contains_paid_content":false,"footnotes":""},"categories":[21],"tags":[],"class_list":["post-96593","post","type-post","status-publish","format-standard","has-post-thumbnail","hentry","category-policial"],"jetpack_featured_media_url":"https:\/\/i0.wp.com\/eltrabajo.cl\/portal\/wp-content\/uploads\/2020\/01\/Portada.jpg?fit=580%2C359&ssl=1","jetpack_sharing_enabled":true,"jetpack_likes_enabled":true,"jetpack-related-posts":[],"_links":{"self":[{"href":"https:\/\/eltrabajo.cl\/portal\/wp-json\/wp\/v2\/posts\/96593","targetHints":{"allow":["GET"]}}],"collection":[{"href":"https:\/\/eltrabajo.cl\/portal\/wp-json\/wp\/v2\/posts"}],"about":[{"href":"https:\/\/eltrabajo.cl\/portal\/wp-json\/wp\/v2\/types\/post"}],"author":[{"embeddable":true,"href":"https:\/\/eltrabajo.cl\/portal\/wp-json\/wp\/v2\/users\/482"}],"replies":[{"embeddable":true,"href":"https:\/\/eltrabajo.cl\/portal\/wp-json\/wp\/v2\/comments?post=96593"}],"version-history":[{"count":0,"href":"https:\/\/eltrabajo.cl\/portal\/wp-json\/wp\/v2\/posts\/96593\/revisions"}],"wp:featuredmedia":[{"embeddable":true,"href":"https:\/\/eltrabajo.cl\/portal\/wp-json\/wp\/v2\/media\/96599"}],"wp:attachment":[{"href":"https:\/\/eltrabajo.cl\/portal\/wp-json\/wp\/v2\/media?parent=96593"}],"wp:term":[{"taxonomy":"category","embeddable":true,"href":"https:\/\/eltrabajo.cl\/portal\/wp-json\/wp\/v2\/categories?post=96593"},{"taxonomy":"post_tag","embeddable":true,"href":"https:\/\/eltrabajo.cl\/portal\/wp-json\/wp\/v2\/tags?post=96593"}],"curies":[{"name":"wp","href":"https:\/\/api.w.org\/{rel}","templated":true}]}}