{"id":96601,"date":"2020-01-15T05:04:54","date_gmt":"2020-01-15T08:04:54","guid":{"rendered":"http:\/\/www.eltrabajo.cl\/portal\/?p=96601"},"modified":"2020-01-15T01:25:13","modified_gmt":"2020-01-15T04:25:13","slug":"encuentran-muerto-a-recien-nacido-dentro-de-bolsa-de-basura-en-calle-duco","status":"publish","type":"post","link":"https:\/\/eltrabajo.cl\/portal\/encuentran-muerto-a-recien-nacido-dentro-de-bolsa-de-basura-en-calle-duco\/","title":{"rendered":"Encuentran muerto a reci\u00e9n nacido dentro de bolsa de basura en calle Duc\u00f3"},"content":{"rendered":"<p><span style=\"color: #ff0000;\"><strong>Macabro hallazgo en sitio eriazo en San Felipe:<\/strong><\/span><\/p>\n<ul>\n<li><strong>Beb\u00e9 manten\u00eda su cord\u00f3n umbilical y restos de placenta, investig\u00e1ndose presunta asfixia para darle muerte. Brigada de Homicidios de la PDI inici\u00f3 intensa investigaci\u00f3n para dar con la identidad de los participantes.<\/strong><\/li>\n<\/ul>\n<p>Al\u00a0 interior de una bolsa de basura fue hallado muerto un reci\u00e9n nacido de sexo masculino en un sitio eriazo ubicado en calle Duc\u00f3, cercano a las Cuatro Villas en San Felipe.<\/p>\n<p>El macabro hallazgo se registr\u00f3 a primeras horas de ayer martes, cuando algunos testigos lograron observar el cuerpo sin vida del beb\u00e9 que estar\u00eda siendo devorado por perros en medio de los restos de basura que se manten\u00edan acopiados en el sector.<\/p>\n<p>El Fiscal Jefe de San Felipe, Eduardo Fajardo De La Cuba, asever\u00f3 a <strong>Diario El Trabajo<\/strong>, que en el sitio del suceso el cuerpo del beb\u00e9 manten\u00eda el cord\u00f3n umbilical y restos de placenta, investig\u00e1ndose una presunta asfixia para dar muerte al reci\u00e9n nacido.<\/p>\n<p>\u201c<em>Es un reci\u00e9n nacido, tiene una data de muerte de 20 horas aproximadamente. La causa de muerte al parecer es asfixia, pero debemos corroborarlo con el Servicio M\u00e9dico Legal en la autopsia. Hay dos testigos quienes dan aviso a vecinos y \u00e9stos llaman a Carabineros.\u00a0 Estamos en etapa de investigaci\u00f3n que podr\u00eda ser un delito de infanticidio. El cuerpo manten\u00eda el cord\u00f3n umbilical, manten\u00eda restos de placenta que da cuenta de que fue un nacimiento; es importante saber la causa de muerte para establecer el il\u00edcito, por lo tanto hablamos de un reci\u00e9n nacido seg\u00fan las evidencias encontradas y en las condiciones en las que se encontr\u00f3 el menor, y evidentemente establecer si hubo participaci\u00f3n de la madre podr\u00eda tratarse de un infanticidio\u201d.<\/em><\/p>\n<p>El t\u00e9trico caso est\u00e1 siendo investigado por los peritos de la Brigada de Homicidios de la Polic\u00eda de Investigaciones de Los Andes, quienes se encuentran recopilando m\u00e1s antecedentes para establecer qui\u00e9nes ser\u00edan los autores de la\u00a0 muerte del reci\u00e9n nacido.<\/p>\n<p>As\u00ed lo inform\u00f3 a <strong>Diario El Trabajo<\/strong>, el Comisario de la PDI, Luis B\u00e1ez: <em>\u201cEs un beb\u00e9 de sexo masculino el cual se encontraba con algunas partes que hab\u00edan sido devoradas por animales del sector y se est\u00e1n realizando las diligencias para establecer los hechos y a su vez los participantes de \u00e9ste. El cuerpo seg\u00fan lo que dijeron testigos del sector, lo encontraron al interior de una bolsa de basura, lo otro es materia de investigaci\u00f3n\u201d.<\/em><\/p>\n<p>El cuerpo posteriormente fue remitido hasta el Servicio M\u00e9dico Legal para la pr\u00e1ctica de la autopsia que determine la causa de muerte, mientras la polic\u00eda civil investiga el paradero de la madre del menor.<br \/>\n<strong>Pablo Salinas Sald\u00edas<\/strong><\/p>\n<p><strong>\u00a0<\/strong><\/p>\n<figure id=\"attachment_96602\" aria-describedby=\"caption-attachment-96602\" style=\"width: 580px\" class=\"wp-caption alignnone\"><img data-recalc-dims=\"1\" loading=\"lazy\" decoding=\"async\" class=\"size-full wp-image-96602\" src=\"https:\/\/i0.wp.com\/www.eltrabajo.cl\/portal\/wp-content\/uploads\/2020\/01\/BEBE1.jpg?resize=580%2C360\" alt=\"Vecinos del sector requirieron la presencia de Carabineros alrededor de las 09:00 de la ma\u00f1ana de ayer martes en un sitio eriazo de calle Duc\u00f3.\" width=\"580\" height=\"360\" srcset=\"https:\/\/i0.wp.com\/eltrabajo.cl\/portal\/wp-content\/uploads\/2020\/01\/BEBE1.jpg?w=580&amp;ssl=1 580w, https:\/\/i0.wp.com\/eltrabajo.cl\/portal\/wp-content\/uploads\/2020\/01\/BEBE1.jpg?resize=300%2C186&amp;ssl=1 300w, https:\/\/i0.wp.com\/eltrabajo.cl\/portal\/wp-content\/uploads\/2020\/01\/BEBE1.jpg?resize=200%2C124&amp;ssl=1 200w, https:\/\/i0.wp.com\/eltrabajo.cl\/portal\/wp-content\/uploads\/2020\/01\/BEBE1.jpg?resize=242%2C150&amp;ssl=1 242w, https:\/\/i0.wp.com\/eltrabajo.cl\/portal\/wp-content\/uploads\/2020\/01\/BEBE1.jpg?resize=400%2C248&amp;ssl=1 400w\" sizes=\"auto, (max-width: 580px) 100vw, 580px\" \/><figcaption id=\"caption-attachment-96602\" class=\"wp-caption-text\">Vecinos del sector requirieron la presencia de Carabineros alrededor de las 09:00 de la ma\u00f1ana de ayer martes en un sitio eriazo de calle Duc\u00f3.<\/figcaption><\/figure>\n<p>&nbsp;<\/p>\n<figure id=\"attachment_96603\" aria-describedby=\"caption-attachment-96603\" style=\"width: 580px\" class=\"wp-caption alignnone\"><img data-recalc-dims=\"1\" loading=\"lazy\" decoding=\"async\" class=\"size-full wp-image-96603\" src=\"https:\/\/i0.wp.com\/www.eltrabajo.cl\/portal\/wp-content\/uploads\/2020\/01\/BEBE2.jpg?resize=580%2C358\" alt=\"El sitio del suceso fue aislado por Carabineros a la espera de la llegada del Fiscal de turno.\" width=\"580\" height=\"358\" srcset=\"https:\/\/i0.wp.com\/eltrabajo.cl\/portal\/wp-content\/uploads\/2020\/01\/BEBE2.jpg?w=580&amp;ssl=1 580w, https:\/\/i0.wp.com\/eltrabajo.cl\/portal\/wp-content\/uploads\/2020\/01\/BEBE2.jpg?resize=300%2C185&amp;ssl=1 300w, https:\/\/i0.wp.com\/eltrabajo.cl\/portal\/wp-content\/uploads\/2020\/01\/BEBE2.jpg?resize=200%2C123&amp;ssl=1 200w, https:\/\/i0.wp.com\/eltrabajo.cl\/portal\/wp-content\/uploads\/2020\/01\/BEBE2.jpg?resize=243%2C150&amp;ssl=1 243w, https:\/\/i0.wp.com\/eltrabajo.cl\/portal\/wp-content\/uploads\/2020\/01\/BEBE2.jpg?resize=400%2C247&amp;ssl=1 400w\" sizes=\"auto, (max-width: 580px) 100vw, 580px\" \/><figcaption id=\"caption-attachment-96603\" class=\"wp-caption-text\">El sitio del suceso fue aislado por Carabineros a la espera de la llegada del Fiscal de turno.<\/figcaption><\/figure>\n<p>&nbsp;<\/p>\n<figure id=\"attachment_96604\" aria-describedby=\"caption-attachment-96604\" style=\"width: 580px\" class=\"wp-caption alignnone\"><img data-recalc-dims=\"1\" loading=\"lazy\" decoding=\"async\" class=\"size-full wp-image-96604\" src=\"https:\/\/i0.wp.com\/www.eltrabajo.cl\/portal\/wp-content\/uploads\/2020\/01\/BEBE3.jpg?resize=580%2C360\" alt=\"Las diligencias del hallazgo quedaron en manos de la Brigada de Homicidios de la Polic\u00eda de Investigaciones de Los Andes.\" width=\"580\" height=\"360\" srcset=\"https:\/\/i0.wp.com\/eltrabajo.cl\/portal\/wp-content\/uploads\/2020\/01\/BEBE3.jpg?w=580&amp;ssl=1 580w, https:\/\/i0.wp.com\/eltrabajo.cl\/portal\/wp-content\/uploads\/2020\/01\/BEBE3.jpg?resize=300%2C186&amp;ssl=1 300w, https:\/\/i0.wp.com\/eltrabajo.cl\/portal\/wp-content\/uploads\/2020\/01\/BEBE3.jpg?resize=200%2C124&amp;ssl=1 200w, https:\/\/i0.wp.com\/eltrabajo.cl\/portal\/wp-content\/uploads\/2020\/01\/BEBE3.jpg?resize=242%2C150&amp;ssl=1 242w, https:\/\/i0.wp.com\/eltrabajo.cl\/portal\/wp-content\/uploads\/2020\/01\/BEBE3.jpg?resize=400%2C248&amp;ssl=1 400w\" sizes=\"auto, (max-width: 580px) 100vw, 580px\" \/><figcaption id=\"caption-attachment-96604\" class=\"wp-caption-text\">Las diligencias del hallazgo quedaron en manos de la Brigada de Homicidios de la Polic\u00eda de Investigaciones de Los Andes.<\/figcaption><\/figure>\n","protected":false},"excerpt":{"rendered":"<p>Macabro hallazgo en sitio eriazo en San Felipe: Beb\u00e9 manten\u00eda su cord\u00f3n umbilical y restos de placenta, investig\u00e1ndose presunta asfixia para darle muerte. Brigada de Homicidios de la PDI inici\u00f3 intensa investigaci\u00f3n&#8230;<\/p>\n","protected":false},"author":482,"featured_media":96604,"comment_status":"open","ping_status":"open","sticky":false,"template":"","format":"standard","meta":{"advanced_seo_description":"","jetpack_seo_html_title":"","jetpack_seo_noindex":false,"_jetpack_memberships_contains_paid_content":false,"footnotes":""},"categories":[21],"tags":[],"class_list":["post-96601","post","type-post","status-publish","format-standard","has-post-thumbnail","hentry","category-policial"],"jetpack_featured_media_url":"https:\/\/i0.wp.com\/eltrabajo.cl\/portal\/wp-content\/uploads\/2020\/01\/BEBE3.jpg?fit=580%2C360&ssl=1","jetpack_sharing_enabled":true,"jetpack_likes_enabled":true,"jetpack-related-posts":[],"_links":{"self":[{"href":"https:\/\/eltrabajo.cl\/portal\/wp-json\/wp\/v2\/posts\/96601","targetHints":{"allow":["GET"]}}],"collection":[{"href":"https:\/\/eltrabajo.cl\/portal\/wp-json\/wp\/v2\/posts"}],"about":[{"href":"https:\/\/eltrabajo.cl\/portal\/wp-json\/wp\/v2\/types\/post"}],"author":[{"embeddable":true,"href":"https:\/\/eltrabajo.cl\/portal\/wp-json\/wp\/v2\/users\/482"}],"replies":[{"embeddable":true,"href":"https:\/\/eltrabajo.cl\/portal\/wp-json\/wp\/v2\/comments?post=96601"}],"version-history":[{"count":0,"href":"https:\/\/eltrabajo.cl\/portal\/wp-json\/wp\/v2\/posts\/96601\/revisions"}],"wp:featuredmedia":[{"embeddable":true,"href":"https:\/\/eltrabajo.cl\/portal\/wp-json\/wp\/v2\/media\/96604"}],"wp:attachment":[{"href":"https:\/\/eltrabajo.cl\/portal\/wp-json\/wp\/v2\/media?parent=96601"}],"wp:term":[{"taxonomy":"category","embeddable":true,"href":"https:\/\/eltrabajo.cl\/portal\/wp-json\/wp\/v2\/categories?post=96601"},{"taxonomy":"post_tag","embeddable":true,"href":"https:\/\/eltrabajo.cl\/portal\/wp-json\/wp\/v2\/tags?post=96601"}],"curies":[{"name":"wp","href":"https:\/\/api.w.org\/{rel}","templated":true}]}}