{"id":96607,"date":"2020-01-16T05:01:52","date_gmt":"2020-01-16T08:01:52","guid":{"rendered":"http:\/\/www.eltrabajo.cl\/portal\/?p=96607"},"modified":"2020-01-15T21:11:25","modified_gmt":"2020-01-16T00:11:25","slug":"el-prat-vence-a-universidad-de-chile-y-queda-a-las-puertas-de-clasificar-en-el-domani","status":"publish","type":"post","link":"https:\/\/eltrabajo.cl\/portal\/el-prat-vence-a-universidad-de-chile-y-queda-a-las-puertas-de-clasificar-en-el-domani\/","title":{"rendered":"El Prat vence a Universidad de Chile y queda a las puertas de clasificar en el Domani"},"content":{"rendered":"<p>Un triunfo espectacular que lo dej\u00f3 muy cerca de la clasificaci\u00f3n a la instancia final del Campioni del Domani, consigui\u00f3 ayer el quinteto del Prat al superar 70 a 66 (15-23; 25-10; 14-18; 16-15) a la Universidad de Chile.<\/p>\n<p>Con esta victoria el juvenil equipo sanfelipe\u00f1o deber\u00e1 esperar hasta hoy para saber si contin\u00faa en carrera en el torneo, ya que eso depender\u00e1 que la Universidad de Chile y Ferm\u00edn Osorio, no ganen sus encuentros ante Stadio Italiano y Patrocinio San Jos\u00e9, respectivamente.<\/p>\n<p>&nbsp;<\/p>\n<figure id=\"attachment_96608\" aria-describedby=\"caption-attachment-96608\" style=\"width: 580px\" class=\"wp-caption alignnone\"><img data-recalc-dims=\"1\" loading=\"lazy\" decoding=\"async\" class=\"size-full wp-image-96608\" src=\"https:\/\/i0.wp.com\/www.eltrabajo.cl\/portal\/wp-content\/uploads\/2020\/01\/arturo-prat.jpg?resize=580%2C359\" alt=\"El Prat logr\u00f3 una victoria muy importante sobre su similar de la Universidad de Chile.\" width=\"580\" height=\"359\" srcset=\"https:\/\/i0.wp.com\/eltrabajo.cl\/portal\/wp-content\/uploads\/2020\/01\/arturo-prat.jpg?w=580&amp;ssl=1 580w, https:\/\/i0.wp.com\/eltrabajo.cl\/portal\/wp-content\/uploads\/2020\/01\/arturo-prat.jpg?resize=300%2C186&amp;ssl=1 300w, https:\/\/i0.wp.com\/eltrabajo.cl\/portal\/wp-content\/uploads\/2020\/01\/arturo-prat.jpg?resize=200%2C124&amp;ssl=1 200w, https:\/\/i0.wp.com\/eltrabajo.cl\/portal\/wp-content\/uploads\/2020\/01\/arturo-prat.jpg?resize=242%2C150&amp;ssl=1 242w, https:\/\/i0.wp.com\/eltrabajo.cl\/portal\/wp-content\/uploads\/2020\/01\/arturo-prat.jpg?resize=400%2C248&amp;ssl=1 400w\" sizes=\"auto, (max-width: 580px) 100vw, 580px\" \/><figcaption id=\"caption-attachment-96608\" class=\"wp-caption-text\">El Prat logr\u00f3 una victoria muy importante sobre su similar de la Universidad de Chile.<\/figcaption><\/figure>\n","protected":false},"excerpt":{"rendered":"<p>Un triunfo espectacular que lo dej\u00f3 muy cerca de la clasificaci\u00f3n a la instancia final del Campioni del Domani, consigui\u00f3 ayer el quinteto del Prat al superar 70 a 66 (15-23; 25-10;&#8230;<\/p>\n","protected":false},"author":482,"featured_media":96608,"comment_status":"open","ping_status":"open","sticky":false,"template":"","format":"standard","meta":{"advanced_seo_description":"","jetpack_seo_html_title":"","jetpack_seo_noindex":false,"_jetpack_memberships_contains_paid_content":false,"footnotes":""},"categories":[19],"tags":[],"class_list":["post-96607","post","type-post","status-publish","format-standard","has-post-thumbnail","hentry","category-deportes"],"jetpack_featured_media_url":"https:\/\/i0.wp.com\/eltrabajo.cl\/portal\/wp-content\/uploads\/2020\/01\/arturo-prat.jpg?fit=580%2C359&ssl=1","jetpack_sharing_enabled":true,"jetpack_likes_enabled":true,"jetpack-related-posts":[],"_links":{"self":[{"href":"https:\/\/eltrabajo.cl\/portal\/wp-json\/wp\/v2\/posts\/96607","targetHints":{"allow":["GET"]}}],"collection":[{"href":"https:\/\/eltrabajo.cl\/portal\/wp-json\/wp\/v2\/posts"}],"about":[{"href":"https:\/\/eltrabajo.cl\/portal\/wp-json\/wp\/v2\/types\/post"}],"author":[{"embeddable":true,"href":"https:\/\/eltrabajo.cl\/portal\/wp-json\/wp\/v2\/users\/482"}],"replies":[{"embeddable":true,"href":"https:\/\/eltrabajo.cl\/portal\/wp-json\/wp\/v2\/comments?post=96607"}],"version-history":[{"count":0,"href":"https:\/\/eltrabajo.cl\/portal\/wp-json\/wp\/v2\/posts\/96607\/revisions"}],"wp:featuredmedia":[{"embeddable":true,"href":"https:\/\/eltrabajo.cl\/portal\/wp-json\/wp\/v2\/media\/96608"}],"wp:attachment":[{"href":"https:\/\/eltrabajo.cl\/portal\/wp-json\/wp\/v2\/media?parent=96607"}],"wp:term":[{"taxonomy":"category","embeddable":true,"href":"https:\/\/eltrabajo.cl\/portal\/wp-json\/wp\/v2\/categories?post=96607"},{"taxonomy":"post_tag","embeddable":true,"href":"https:\/\/eltrabajo.cl\/portal\/wp-json\/wp\/v2\/tags?post=96607"}],"curies":[{"name":"wp","href":"https:\/\/api.w.org\/{rel}","templated":true}]}}