{"id":96625,"date":"2020-01-16T05:06:32","date_gmt":"2020-01-16T08:06:32","guid":{"rendered":"http:\/\/www.eltrabajo.cl\/portal\/?p=96625"},"modified":"2020-01-15T21:20:17","modified_gmt":"2020-01-16T00:20:17","slug":"despues-de-dos-horas-bomberos-controla-masiva-fuga-de-anhidrido-sulfuroso","status":"publish","type":"post","link":"https:\/\/eltrabajo.cl\/portal\/despues-de-dos-horas-bomberos-controla-masiva-fuga-de-anhidrido-sulfuroso\/","title":{"rendered":"Despu\u00e9s de dos horas Bomberos controla masiva fuga de anh\u00eddrido sulfuroso"},"content":{"rendered":"<p><span style=\"color: #ff0000;\"><strong>Emergencia qu\u00edmica en empresa agr\u00edcola de Santa Mar\u00eda:<\/strong><\/span><\/p>\n<ul>\n<li><strong>Tras la emergencia la instituci\u00f3n confirm\u00f3 que no se registraron personas intoxicadas ni lesionadas la tarde de este martes.<\/strong><\/li>\n<\/ul>\n<p>A las 16:40 horas de este martes, personal de Bomberos debi\u00f3 concurrir hasta una empresa agroindustrial ubicada en calle San Fernando de la comuna de Santa Mar\u00eda, tras producirse una potente fuga\u00a0 de anh\u00eddrido sulfuroso.<\/p>\n<p>Seg\u00fan inform\u00f3 a <strong>Diario El Trabajo<\/strong> el relacionador p\u00fablico de Bomberos, <strong>Diego Arancibia Rodr\u00edguez<\/strong>, el oportuno llamado de los vecinos permiti\u00f3 a los voluntarios y la unidad especializada, controlar la emergencia que se extendi\u00f3 por cerca de dos horas.<\/p>\n<p>\u201c<em>Fue la fuga completa de un cilindro de un gas que usa para preservar las frutas de exportaci\u00f3n, la desconcentraci\u00f3n al ser trabajado en la agroindustria es menor, controlado por una m\u00e1quina que dosifica el gas.\u00a0 En este caso al verse vaciado completo el cilindro, pon\u00eda en riesgo la salud de las personas porque es un gas altamente corrosivo que por razones ambientales se solidific\u00f3 todas las fugas\u201d.<\/em><\/p>\n<p>Bomberos debi\u00f3 evacuar el per\u00edmetro rescatando a algunos adultos mayores y residentes del sitio del suceso, de modo de evitar que fueran afectados, requiri\u00e9ndose de inmediato la presencia de la Unidad de Materiales Peligrosos de Bomberos de Los Andes: <em>\u201cTrabajaron en la contenci\u00f3n y remover el l\u00edquido del producto de la zona afectada. Fueron dos horas que estuvo cerrada la calle San Fernando, trabajando el Cuerpo de Bomberos de Santa Mar\u00eda, Los Andes y Carabineros de Santa Mar\u00eda\u201d,<\/em> a\u00f1adi\u00f3 Arancibia.<\/p>\n<p>Controlada la emergencia, Bomberos inform\u00f3 que no se registraron personas intoxicadas por la alta concentraci\u00f3n del gas ni vecinos lesionados.<\/p>\n<p><strong>Pablo Salinas Sald\u00edas<\/strong><\/p>\n<p><strong>\u00a0<\/strong><\/p>\n<figure id=\"attachment_96626\" aria-describedby=\"caption-attachment-96626\" style=\"width: 580px\" class=\"wp-caption alignnone\"><img data-recalc-dims=\"1\" loading=\"lazy\" decoding=\"async\" class=\"size-full wp-image-96626\" src=\"https:\/\/i0.wp.com\/www.eltrabajo.cl\/portal\/wp-content\/uploads\/2020\/01\/BOMBEROS-SEGUNDA.jpg?resize=580%2C360\" alt=\"Personal de Bomberos de la comuna de Santa Mar\u00eda en la emergencia.\" width=\"580\" height=\"360\" srcset=\"https:\/\/i0.wp.com\/eltrabajo.cl\/portal\/wp-content\/uploads\/2020\/01\/BOMBEROS-SEGUNDA.jpg?w=580&amp;ssl=1 580w, https:\/\/i0.wp.com\/eltrabajo.cl\/portal\/wp-content\/uploads\/2020\/01\/BOMBEROS-SEGUNDA.jpg?resize=300%2C186&amp;ssl=1 300w, https:\/\/i0.wp.com\/eltrabajo.cl\/portal\/wp-content\/uploads\/2020\/01\/BOMBEROS-SEGUNDA.jpg?resize=200%2C124&amp;ssl=1 200w, https:\/\/i0.wp.com\/eltrabajo.cl\/portal\/wp-content\/uploads\/2020\/01\/BOMBEROS-SEGUNDA.jpg?resize=242%2C150&amp;ssl=1 242w, https:\/\/i0.wp.com\/eltrabajo.cl\/portal\/wp-content\/uploads\/2020\/01\/BOMBEROS-SEGUNDA.jpg?resize=400%2C248&amp;ssl=1 400w\" sizes=\"auto, (max-width: 580px) 100vw, 580px\" \/><figcaption id=\"caption-attachment-96626\" class=\"wp-caption-text\">Personal de Bomberos de la comuna de Santa Mar\u00eda en la emergencia.<\/figcaption><\/figure>\n<p>&nbsp;<\/p>\n<figure id=\"attachment_96627\" aria-describedby=\"caption-attachment-96627\" style=\"width: 580px\" class=\"wp-caption alignnone\"><img data-recalc-dims=\"1\" loading=\"lazy\" decoding=\"async\" class=\"size-full wp-image-96627\" src=\"https:\/\/i0.wp.com\/www.eltrabajo.cl\/portal\/wp-content\/uploads\/2020\/01\/BOMBEROS-LOS-ANDES.jpg?resize=580%2C360\" alt=\"La emergencia requiri\u00f3 la presencia de la Unidad de Materiales Peligrosos de Bomberos de Los Andes.\" width=\"580\" height=\"360\" srcset=\"https:\/\/i0.wp.com\/eltrabajo.cl\/portal\/wp-content\/uploads\/2020\/01\/BOMBEROS-LOS-ANDES.jpg?w=580&amp;ssl=1 580w, https:\/\/i0.wp.com\/eltrabajo.cl\/portal\/wp-content\/uploads\/2020\/01\/BOMBEROS-LOS-ANDES.jpg?resize=300%2C186&amp;ssl=1 300w, https:\/\/i0.wp.com\/eltrabajo.cl\/portal\/wp-content\/uploads\/2020\/01\/BOMBEROS-LOS-ANDES.jpg?resize=200%2C124&amp;ssl=1 200w, https:\/\/i0.wp.com\/eltrabajo.cl\/portal\/wp-content\/uploads\/2020\/01\/BOMBEROS-LOS-ANDES.jpg?resize=242%2C150&amp;ssl=1 242w, https:\/\/i0.wp.com\/eltrabajo.cl\/portal\/wp-content\/uploads\/2020\/01\/BOMBEROS-LOS-ANDES.jpg?resize=400%2C248&amp;ssl=1 400w\" sizes=\"auto, (max-width: 580px) 100vw, 580px\" \/><figcaption id=\"caption-attachment-96627\" class=\"wp-caption-text\">La emergencia requiri\u00f3 la presencia de la Unidad de Materiales Peligrosos de Bomberos de Los Andes.<\/figcaption><\/figure>\n","protected":false},"excerpt":{"rendered":"<p>Emergencia qu\u00edmica en empresa agr\u00edcola de Santa Mar\u00eda: Tras la emergencia la instituci\u00f3n confirm\u00f3 que no se registraron personas intoxicadas ni lesionadas la tarde de este martes. A las 16:40 horas de&#8230;<\/p>\n","protected":false},"author":482,"featured_media":96626,"comment_status":"open","ping_status":"open","sticky":false,"template":"","format":"standard","meta":{"advanced_seo_description":"","jetpack_seo_html_title":"","jetpack_seo_noindex":false,"_jetpack_memberships_contains_paid_content":false,"footnotes":""},"categories":[21],"tags":[],"class_list":["post-96625","post","type-post","status-publish","format-standard","has-post-thumbnail","hentry","category-policial"],"jetpack_featured_media_url":"https:\/\/i0.wp.com\/eltrabajo.cl\/portal\/wp-content\/uploads\/2020\/01\/BOMBEROS-SEGUNDA.jpg?fit=580%2C360&ssl=1","jetpack_sharing_enabled":true,"jetpack_likes_enabled":true,"jetpack-related-posts":[],"_links":{"self":[{"href":"https:\/\/eltrabajo.cl\/portal\/wp-json\/wp\/v2\/posts\/96625","targetHints":{"allow":["GET"]}}],"collection":[{"href":"https:\/\/eltrabajo.cl\/portal\/wp-json\/wp\/v2\/posts"}],"about":[{"href":"https:\/\/eltrabajo.cl\/portal\/wp-json\/wp\/v2\/types\/post"}],"author":[{"embeddable":true,"href":"https:\/\/eltrabajo.cl\/portal\/wp-json\/wp\/v2\/users\/482"}],"replies":[{"embeddable":true,"href":"https:\/\/eltrabajo.cl\/portal\/wp-json\/wp\/v2\/comments?post=96625"}],"version-history":[{"count":0,"href":"https:\/\/eltrabajo.cl\/portal\/wp-json\/wp\/v2\/posts\/96625\/revisions"}],"wp:featuredmedia":[{"embeddable":true,"href":"https:\/\/eltrabajo.cl\/portal\/wp-json\/wp\/v2\/media\/96626"}],"wp:attachment":[{"href":"https:\/\/eltrabajo.cl\/portal\/wp-json\/wp\/v2\/media?parent=96625"}],"wp:term":[{"taxonomy":"category","embeddable":true,"href":"https:\/\/eltrabajo.cl\/portal\/wp-json\/wp\/v2\/categories?post=96625"},{"taxonomy":"post_tag","embeddable":true,"href":"https:\/\/eltrabajo.cl\/portal\/wp-json\/wp\/v2\/tags?post=96625"}],"curies":[{"name":"wp","href":"https:\/\/api.w.org\/{rel}","templated":true}]}}