{"id":96629,"date":"2020-01-16T05:07:23","date_gmt":"2020-01-16T08:07:23","guid":{"rendered":"http:\/\/www.eltrabajo.cl\/portal\/?p=96629"},"modified":"2020-01-15T21:22:49","modified_gmt":"2020-01-16T00:22:49","slug":"dan-de-alta-a-pequeno-nino-de-10-anos-que-padece-inusual-enfermedad","status":"publish","type":"post","link":"https:\/\/eltrabajo.cl\/portal\/dan-de-alta-a-pequeno-nino-de-10-anos-que-padece-inusual-enfermedad\/","title":{"rendered":"Dan de alta a peque\u00f1o ni\u00f1o de 10 a\u00f1os que padece inusual enfermedad"},"content":{"rendered":"<p><span style=\"color: #ff0000;\"><strong>Trasplante de c\u00e9lulas madres ha sido exitoso:<\/strong><\/span><\/p>\n<ul>\n<li><strong>En septiembre del a\u00f1o pasado, Vicente fue diagnosticado de Adrenoleucodistrofia, mal que comienza a afectar el cerebro y originar problemas motrices.\u00a0 Sin embargo, el peque\u00f1o luchador sanfelipe\u00f1o ha recibido un avanzado tratamiento m\u00e9dico en Estados Unidos.<\/strong><\/li>\n<\/ul>\n<p>D\u00edas cruciales est\u00e1 atravesando el peque\u00f1o de 10 a\u00f1os de edad, <strong>Vicente Tapia<\/strong>, luego de recibir el trasplante de c\u00e9lulas madres en su cuerpo para revertir una rara enfermedad denominada Adrenoleucodistrofia, siendo dado de alta del Hospital Children en Boston (Estados Unidos), respondiendo satisfactoriamente al avanzado tratamiento m\u00e9dico.<\/p>\n<p>Seg\u00fan explica a <strong>Diario El Trabajo<\/strong> el padre del ni\u00f1o, <strong>Jaime Tapia Tapia<\/strong>, son 60 d\u00edas en que se deber\u00e1 evaluar los resultados del trasplante, el cual hasta el momento ha evolucionado en forma exitosa, manteniendo la fe y la esperanza que el menor pueda volver sano a San Felipe a finales del pr\u00f3ximo mes de febrero.<\/p>\n<p>&#8211; <strong>\u00bfCu\u00e1ndo se realiz\u00f3 el trasplante?<\/strong><\/p>\n<p>&#8211; El trasplante se hizo el d\u00eda 16 de diciembre, tuvo cuatro quimioterapias antes del trasplante. Fue duro como pap\u00e1 ver que tu hijo pase por eso, no se lo doy a nadie. Pero afortunadamente no reaccion\u00f3 tan mal, porque a nosotros nos prepararon bien antes, qu\u00e9 cosas pod\u00edan pasar, que le pod\u00edan salir llagas en su boquita y despu\u00e9s no comen, pero afortunadamente Vicente comi\u00f3 todos los d\u00edas, no le dio fiebre. Se le cay\u00f3 su pelito, que es algo normal de las quimioterapias. \u00c9l tambi\u00e9n lo tom\u00f3 un poco mal como ni\u00f1o, pensando que despu\u00e9s se iban a burlar de \u00e9l, pero igual hice algo y me cort\u00e9 el pelo para quedar como \u00e9l, para darle \u00e1nimos, saliendo de a poquito.<\/p>\n<p>&#8211; <strong>\u00bfC\u00f3mo ha evolucionado el tratamiento?<\/strong><\/p>\n<p>&#8211; Ha evolucionado con \u00e9xito, despu\u00e9s del trasplante ten\u00edamos que saber si las c\u00e9lulas estaban realmente resultando, pas\u00f3 una semana y las c\u00e9lulas empezaron a hacer su trabajo. Los gl\u00f3bulos blancos le bajaron a cero, entonces la tarea era que los gl\u00f3bulos le subieran a 600.\u00a0 Una semana se demor\u00f3 que los gl\u00f3bulos blancos subieran a 600 y le retiraron los medicamentos que lo ayudaban a \u00e9l a subir los gl\u00f3bulos blancos, para ver si el cuerpo trabajaba bien.\u00a0 Tres d\u00edas Vicente estuvo arriba de 600 y los doctores estaban contentos porque eso quer\u00eda decir que las c\u00e9lulas estaban trabajando como ellos quer\u00edan.<\/p>\n<p>&#8211; <strong>\u00bfQu\u00e9 dicen los m\u00e9dicos ahora?<\/strong><\/p>\n<p>&#8211; Que Vicente no se puede enfermar en 60 d\u00edas despu\u00e9s del trasplante, por las quimioterapias tiene las defensas muy bajas, entonces hay que cuidarlo. El d\u00eda jueves pasado le dieron el alta, \u00a0con un r\u00e9gimen especial, nosotros lo llevamos al departamento donde estamos, con mascarillas, no puede salir a lugares donde haya mucha gente, tenemos que andar con alcohol gel para todos lados, esto es por 60 d\u00edas.<\/p>\n<p>&#8211; <strong>\u00bfUsted tuvo que regresar a Chile?<\/strong><\/p>\n<p>&#8211; S\u00ed, Vicente qued\u00f3 all\u00e1 (Boston) y yo tuve que regresar por mi trabajo, igual agradecido de la empresa que me dio permiso de septiembre, desde que supe la enfermedad que Vicente ten\u00eda. Mi suegra se fue para all\u00e1 para acompa\u00f1ar a mi se\u00f1ora.<\/p>\n<p>&#8211; <strong>\u00bfCu\u00e1ndo regresar\u00eda Vicente?<\/strong><\/p>\n<p>&#8211; Tiene pasajes para el 28 de febrero, estimando una fecha.<\/p>\n<p>&#8211; <strong>\u00bfLos diagn\u00f3sticos ser\u00edan alentadores?<\/strong><\/p>\n<p>&#8211; Igual nosotros nunca vamos a poder estar tranquilos porque esto est\u00e1 reci\u00e9n comenzando, pero estamos tranquilos de que est\u00e1 en buenas manos. Hemos conocido gente muy linda all\u00e1,\u00a0 nosotros decimos que son \u00e1ngeles porque si Dios nos puso all\u00e1 a nosotros, en tan poco tiempo, nos gui\u00f3 y nos puso all\u00e1 en Boston. El 25 de este mes har\u00e1n un evento en beneficio de nuestro hijo all\u00e1 en Boston, son cosas que uno no se espera y eso se agradece. Conocimos una se\u00f1ora que nos gu\u00eda, que vivi\u00f3 en San Felipe, se fue joven de ac\u00e1 y lleva 40 a\u00f1os viviendo en Boston, y cuando supo que nosotros \u00edbamos para all\u00e1 y somos de San Felipe, se acerc\u00f3, nos gui\u00f3 en Boston, nos llevaba a comer, la queremos ya como un familiar. Hartos chilenos que hemos conocido all\u00e1 y est\u00e1n organizando un beneficio para mi guagua, son muchos regalos y eso se agradece.<\/p>\n<p>&#8211; <strong>\u00bfEstos 60 d\u00edas ser\u00e1n cruciales para verificar el resultado del tratamiento?<\/strong><\/p>\n<p>&#8211; Son etapas que tenemos que ir pasando, ya tuvo una visita al neur\u00f3logo, lo encontr\u00f3 bien.\u00a0 En seis meses m\u00e1s le van a hacer una resonancia que es la misma que le hicimos al principio y para ver el tema de su cerebro, si las quimios lo afectaron o se detuvo la enfermedad. Las resonancias las vamos a tener que hacer cada a\u00f1o, pero la primera va a hacerse en seis meses m\u00e1s (\u2026) tiene que ir a terapias para que su cuerpo pueda ir teniendo m\u00e1s fuerzas, todo avanzando de a poquitito.<\/p>\n<p><strong>Pablo Salinas Sald\u00edas<\/strong><\/p>\n<p><strong>\u00a0<\/strong><\/p>\n<figure id=\"attachment_96630\" aria-describedby=\"caption-attachment-96630\" style=\"width: 580px\" class=\"wp-caption alignnone\"><img data-recalc-dims=\"1\" loading=\"lazy\" decoding=\"async\" class=\"size-full wp-image-96630\" src=\"https:\/\/i0.wp.com\/www.eltrabajo.cl\/portal\/wp-content\/uploads\/2020\/01\/vicente-y-familia.jpg?resize=580%2C425\" alt=\"El peque\u00f1o Vicente Tapia junto a su familia.\" width=\"580\" height=\"425\" srcset=\"https:\/\/i0.wp.com\/eltrabajo.cl\/portal\/wp-content\/uploads\/2020\/01\/vicente-y-familia.jpg?w=580&amp;ssl=1 580w, https:\/\/i0.wp.com\/eltrabajo.cl\/portal\/wp-content\/uploads\/2020\/01\/vicente-y-familia.jpg?resize=300%2C220&amp;ssl=1 300w, https:\/\/i0.wp.com\/eltrabajo.cl\/portal\/wp-content\/uploads\/2020\/01\/vicente-y-familia.jpg?resize=200%2C147&amp;ssl=1 200w, https:\/\/i0.wp.com\/eltrabajo.cl\/portal\/wp-content\/uploads\/2020\/01\/vicente-y-familia.jpg?resize=205%2C150&amp;ssl=1 205w, https:\/\/i0.wp.com\/eltrabajo.cl\/portal\/wp-content\/uploads\/2020\/01\/vicente-y-familia.jpg?resize=400%2C293&amp;ssl=1 400w\" sizes=\"auto, (max-width: 580px) 100vw, 580px\" \/><figcaption id=\"caption-attachment-96630\" class=\"wp-caption-text\">El peque\u00f1o Vicente Tapia junto a su familia.<\/figcaption><\/figure>\n<p>&nbsp;<\/p>\n<figure id=\"attachment_96631\" aria-describedby=\"caption-attachment-96631\" style=\"width: 580px\" class=\"wp-caption alignnone\"><img data-recalc-dims=\"1\" loading=\"lazy\" decoding=\"async\" class=\"size-full wp-image-96631\" src=\"https:\/\/i0.wp.com\/www.eltrabajo.cl\/portal\/wp-content\/uploads\/2020\/01\/vicente-y-jaime.jpg?resize=580%2C358\" alt=\"Jaime Tapia Tapia apoyando a su hijo Vicente. \" width=\"580\" height=\"358\" srcset=\"https:\/\/i0.wp.com\/eltrabajo.cl\/portal\/wp-content\/uploads\/2020\/01\/vicente-y-jaime.jpg?w=580&amp;ssl=1 580w, https:\/\/i0.wp.com\/eltrabajo.cl\/portal\/wp-content\/uploads\/2020\/01\/vicente-y-jaime.jpg?resize=300%2C185&amp;ssl=1 300w, https:\/\/i0.wp.com\/eltrabajo.cl\/portal\/wp-content\/uploads\/2020\/01\/vicente-y-jaime.jpg?resize=200%2C123&amp;ssl=1 200w, https:\/\/i0.wp.com\/eltrabajo.cl\/portal\/wp-content\/uploads\/2020\/01\/vicente-y-jaime.jpg?resize=243%2C150&amp;ssl=1 243w, https:\/\/i0.wp.com\/eltrabajo.cl\/portal\/wp-content\/uploads\/2020\/01\/vicente-y-jaime.jpg?resize=400%2C247&amp;ssl=1 400w\" sizes=\"auto, (max-width: 580px) 100vw, 580px\" \/><figcaption id=\"caption-attachment-96631\" class=\"wp-caption-text\">Jaime Tapia Tapia apoyando a su hijo Vicente.<\/figcaption><\/figure>\n","protected":false},"excerpt":{"rendered":"<p>Trasplante de c\u00e9lulas madres ha sido exitoso: En septiembre del a\u00f1o pasado, Vicente fue diagnosticado de Adrenoleucodistrofia, mal que comienza a afectar el cerebro y originar problemas motrices.\u00a0 Sin embargo, el peque\u00f1o&#8230;<\/p>\n","protected":false},"author":482,"featured_media":96631,"comment_status":"open","ping_status":"open","sticky":false,"template":"","format":"standard","meta":{"advanced_seo_description":"","jetpack_seo_html_title":"","jetpack_seo_noindex":false,"_jetpack_memberships_contains_paid_content":false,"footnotes":""},"categories":[15],"tags":[],"class_list":["post-96629","post","type-post","status-publish","format-standard","has-post-thumbnail","hentry","category-comunidad"],"jetpack_featured_media_url":"https:\/\/i0.wp.com\/eltrabajo.cl\/portal\/wp-content\/uploads\/2020\/01\/vicente-y-jaime.jpg?fit=580%2C358&ssl=1","jetpack_sharing_enabled":true,"jetpack_likes_enabled":true,"jetpack-related-posts":[],"_links":{"self":[{"href":"https:\/\/eltrabajo.cl\/portal\/wp-json\/wp\/v2\/posts\/96629","targetHints":{"allow":["GET"]}}],"collection":[{"href":"https:\/\/eltrabajo.cl\/portal\/wp-json\/wp\/v2\/posts"}],"about":[{"href":"https:\/\/eltrabajo.cl\/portal\/wp-json\/wp\/v2\/types\/post"}],"author":[{"embeddable":true,"href":"https:\/\/eltrabajo.cl\/portal\/wp-json\/wp\/v2\/users\/482"}],"replies":[{"embeddable":true,"href":"https:\/\/eltrabajo.cl\/portal\/wp-json\/wp\/v2\/comments?post=96629"}],"version-history":[{"count":0,"href":"https:\/\/eltrabajo.cl\/portal\/wp-json\/wp\/v2\/posts\/96629\/revisions"}],"wp:featuredmedia":[{"embeddable":true,"href":"https:\/\/eltrabajo.cl\/portal\/wp-json\/wp\/v2\/media\/96631"}],"wp:attachment":[{"href":"https:\/\/eltrabajo.cl\/portal\/wp-json\/wp\/v2\/media?parent=96629"}],"wp:term":[{"taxonomy":"category","embeddable":true,"href":"https:\/\/eltrabajo.cl\/portal\/wp-json\/wp\/v2\/categories?post=96629"},{"taxonomy":"post_tag","embeddable":true,"href":"https:\/\/eltrabajo.cl\/portal\/wp-json\/wp\/v2\/tags?post=96629"}],"curies":[{"name":"wp","href":"https:\/\/api.w.org\/{rel}","templated":true}]}}