{"id":96641,"date":"2020-01-17T05:03:25","date_gmt":"2020-01-17T08:03:25","guid":{"rendered":"http:\/\/www.eltrabajo.cl\/portal\/?p=96641"},"modified":"2020-01-16T20:58:35","modified_gmt":"2020-01-16T23:58:35","slug":"rebajan-paquete-de-salud-dental-de-370-000-a-menos-de-40-000-pesos","status":"publish","type":"post","link":"https:\/\/eltrabajo.cl\/portal\/rebajan-paquete-de-salud-dental-de-370-000-a-menos-de-40-000-pesos\/","title":{"rendered":"Rebajan paquete de salud dental de 370.000 a menos de 40.000 pesos"},"content":{"rendered":"<p><span style=\"color: #ff0000;\"><strong>Con un cup\u00f3n Se-Dent brinda atenci\u00f3n dental por todo un a\u00f1o:<\/strong><\/span><\/p>\n<p>En el marco del 17\u00ba aniversario de este centro m\u00e9dico sanfelipe\u00f1o, desde este mi\u00e9rcoles y hasta completar los 50 cupos disponibles, Sedent San Felipe tendr\u00e1 en vigencia la casi ins\u00f3lita campa\u00f1a del Cup\u00f3n de Sedent para todos los aconcag\u00fcinos. Se trata de un paquete de salud dental a precio rebajad\u00edsimo. Lo atractiva de esta campa\u00f1a radica en que con s\u00f3lo adquirir un cup\u00f3n nuestros lectores podr\u00e1n recibir atenci\u00f3n m\u00e9dica por todo un a\u00f1o en Sedent, lo que implica limpiezas generales, ex\u00e1menes dentales, barrido ultras\u00f3nicos y todo un conjunto de servicios por los que normalmente se debe pagar cerca de los 400.000 pesos, en este caso la suma del cup\u00f3n es de apenas 39.900 pesos, y hasta puede salir favorecida una segunda persona con ese cup\u00f3n.<\/p>\n<p>&nbsp;<\/p>\n<p><span style=\"color: #ff0000;\"><strong>INS\u00d3LITA OFERTA<\/strong><\/span><\/p>\n<p><strong>Diario El Trabajo<\/strong> habl\u00f3 ayer jueves con <strong>Nicol\u00e1s G\u00f3mez<\/strong>, encargado de Proyectos del prestigioso centro m\u00e9dico sanfelipe\u00f1o.<\/p>\n<p>&#8211; <strong>\u00bfPor qu\u00e9 Sedent est\u00e1 lanzando esta oferta, no afectar\u00e1 a los dem\u00e1s centros odontol\u00f3gicos del valle, por qu\u00e9 tan barato?<\/strong><\/p>\n<p>&#8211; Mira, te cuento que actualmente estamos trabajando en esta Campa\u00f1a de fidelizaci\u00f3n para pacientes dentales impulsada por el Centro M\u00e9dico Odontol\u00f3gico Se-Dent, ubicado en Prat #585, en San Felipe. Sabemos que el costo de la vida est\u00e1 subiendo cada d\u00eda m\u00e1s y por eso hemos lanzado la campa\u00f1a, por lo mismo tenemos para ofrecer y dar cupones de descuento, para que los aconcag\u00fcinos aprovechen de cuidar su salud dental y a la vez su bolsillo, m\u00e1s que nunca con lo caro que est\u00e1 todo.<\/p>\n<p>&#8211; <strong>\u00bfCu\u00e1l es la cobertura que brinda este cup\u00f3n?<\/strong><\/p>\n<p>&#8211; Estos cupones te entregan cobertura de tratamientos dentales por un a\u00f1o completo. Los tratamientos de estos cupones de descuento buscan reforzar la higiene y absolutamente todo tipo de patolog\u00edas dentales, por lo mismo, si te interesa, tu Ticket incluir\u00eda alt\u00edsimo descuento en este Centro M\u00e9dico. Implica tambi\u00e9n radiograf\u00edas, Rayos X Periapical, Destartraje coronario o limpiezas, Rayos X Bilateral Bite Wing y el programa de acompa\u00f1ante, o sea, que una segunda persona podr\u00e1 recibir su examen dental completamente gratis. Esta oferta est\u00e1 tambi\u00e9n disponible para empresas, sindicatos o instituciones.<\/p>\n<p>&#8211; <strong>\u00bfPor qu\u00e9 Se-Dent est\u00e1 haciendo esto?<\/strong><\/p>\n<p>&#8211; Porque sabemos que la atenci\u00f3n y el servicio te van a encantar y que vas a volver no t\u00fa solamente, sino que nos vas a recomendar y se va a producir lejos el mejor marketing que es el boca a boca. Los interesados podr\u00e1n llamar directamente al <strong>+56 9 4004 4885<\/strong>.<\/p>\n<p><strong>Roberto Gonz\u00e1lez Short<\/strong><\/p>\n<p>&nbsp;<\/p>\n<figure id=\"attachment_96644\" aria-describedby=\"caption-attachment-96644\" style=\"width: 580px\" class=\"wp-caption alignnone\"><img data-recalc-dims=\"1\" loading=\"lazy\" decoding=\"async\" class=\"size-full wp-image-96644\" src=\"https:\/\/i0.wp.com\/www.eltrabajo.cl\/portal\/wp-content\/uploads\/2020\/01\/Sedent1.jpg?resize=580%2C360\" alt=\"ATENCI\u00d3N POR UN A\u00d1O.- Las c\u00e1maras de Diario El Trabajo captaron ayer jueves a Sof\u00eda \u00c1lvarez atendiendo a los interesados en la Plaza de Armas, aqu\u00ed vemos a don Guillermo P\u00e9rez y su esposa Sandra Ram\u00edrez comprando su cup\u00f3n.\" width=\"580\" height=\"360\" srcset=\"https:\/\/i0.wp.com\/eltrabajo.cl\/portal\/wp-content\/uploads\/2020\/01\/Sedent1.jpg?w=580&amp;ssl=1 580w, https:\/\/i0.wp.com\/eltrabajo.cl\/portal\/wp-content\/uploads\/2020\/01\/Sedent1.jpg?resize=300%2C186&amp;ssl=1 300w, https:\/\/i0.wp.com\/eltrabajo.cl\/portal\/wp-content\/uploads\/2020\/01\/Sedent1.jpg?resize=200%2C124&amp;ssl=1 200w, https:\/\/i0.wp.com\/eltrabajo.cl\/portal\/wp-content\/uploads\/2020\/01\/Sedent1.jpg?resize=242%2C150&amp;ssl=1 242w, https:\/\/i0.wp.com\/eltrabajo.cl\/portal\/wp-content\/uploads\/2020\/01\/Sedent1.jpg?resize=400%2C248&amp;ssl=1 400w\" sizes=\"auto, (max-width: 580px) 100vw, 580px\" \/><figcaption id=\"caption-attachment-96644\" class=\"wp-caption-text\">ATENCI\u00d3N POR UN A\u00d1O.- Las c\u00e1maras de Diario El Trabajo captaron ayer jueves a Sof\u00eda \u00c1lvarez atendiendo a los interesados en la Plaza de Armas, aqu\u00ed vemos a don Guillermo P\u00e9rez y su esposa Sandra Ram\u00edrez comprando su cup\u00f3n.<\/figcaption><\/figure>\n<p>&nbsp;<\/p>\n<figure id=\"attachment_96642\" aria-describedby=\"caption-attachment-96642\" style=\"width: 579px\" class=\"wp-caption alignnone\"><img data-recalc-dims=\"1\" loading=\"lazy\" decoding=\"async\" class=\"size-full wp-image-96642\" src=\"https:\/\/i0.wp.com\/www.eltrabajo.cl\/portal\/wp-content\/uploads\/2020\/01\/Sedent2.jpg?resize=579%2C563\" alt=\"POR TIEMPO LIMITADO.- Todas estas molestias y otros servicios ser\u00e1n atendidos por un a\u00f1o con s\u00f3lo pagar el Cup\u00f3n Se-Dent.\" width=\"579\" height=\"563\" srcset=\"https:\/\/i0.wp.com\/eltrabajo.cl\/portal\/wp-content\/uploads\/2020\/01\/Sedent2.jpg?w=579&amp;ssl=1 579w, https:\/\/i0.wp.com\/eltrabajo.cl\/portal\/wp-content\/uploads\/2020\/01\/Sedent2.jpg?resize=300%2C292&amp;ssl=1 300w, https:\/\/i0.wp.com\/eltrabajo.cl\/portal\/wp-content\/uploads\/2020\/01\/Sedent2.jpg?resize=154%2C150&amp;ssl=1 154w, https:\/\/i0.wp.com\/eltrabajo.cl\/portal\/wp-content\/uploads\/2020\/01\/Sedent2.jpg?resize=400%2C389&amp;ssl=1 400w\" sizes=\"auto, (max-width: 579px) 100vw, 579px\" \/><figcaption id=\"caption-attachment-96642\" class=\"wp-caption-text\">POR TIEMPO LIMITADO.- Todas estas molestias y otros servicios ser\u00e1n atendidos por un a\u00f1o con s\u00f3lo pagar el Cup\u00f3n Se-Dent.<\/figcaption><\/figure>\n<p>&nbsp;<\/p>\n<figure id=\"attachment_96643\" aria-describedby=\"caption-attachment-96643\" style=\"width: 580px\" class=\"wp-caption alignnone\"><img data-recalc-dims=\"1\" loading=\"lazy\" decoding=\"async\" class=\"size-full wp-image-96643\" src=\"https:\/\/i0.wp.com\/www.eltrabajo.cl\/portal\/wp-content\/uploads\/2020\/01\/Sedent_Nicolas-Gomez.jpg?resize=580%2C598\" alt=\"Nicol\u00e1s G\u00f3mez, encargado de Proyectos de Sedent San Felipe.\" width=\"580\" height=\"598\" srcset=\"https:\/\/i0.wp.com\/eltrabajo.cl\/portal\/wp-content\/uploads\/2020\/01\/Sedent_Nicolas-Gomez.jpg?w=580&amp;ssl=1 580w, https:\/\/i0.wp.com\/eltrabajo.cl\/portal\/wp-content\/uploads\/2020\/01\/Sedent_Nicolas-Gomez.jpg?resize=291%2C300&amp;ssl=1 291w, https:\/\/i0.wp.com\/eltrabajo.cl\/portal\/wp-content\/uploads\/2020\/01\/Sedent_Nicolas-Gomez.jpg?resize=145%2C150&amp;ssl=1 145w, https:\/\/i0.wp.com\/eltrabajo.cl\/portal\/wp-content\/uploads\/2020\/01\/Sedent_Nicolas-Gomez.jpg?resize=400%2C412&amp;ssl=1 400w\" sizes=\"auto, (max-width: 580px) 100vw, 580px\" \/><figcaption id=\"caption-attachment-96643\" class=\"wp-caption-text\">Nicol\u00e1s G\u00f3mez, encargado de Proyectos de Sedent San Felipe.<\/figcaption><\/figure>\n","protected":false},"excerpt":{"rendered":"<p>Con un cup\u00f3n Se-Dent brinda atenci\u00f3n dental por todo un a\u00f1o: En el marco del 17\u00ba aniversario de este centro m\u00e9dico sanfelipe\u00f1o, desde este mi\u00e9rcoles y hasta completar los 50 cupos disponibles,&#8230;<\/p>\n","protected":false},"author":482,"featured_media":96644,"comment_status":"open","ping_status":"open","sticky":false,"template":"","format":"standard","meta":{"advanced_seo_description":"","jetpack_seo_html_title":"","jetpack_seo_noindex":false,"_jetpack_memberships_contains_paid_content":false,"footnotes":""},"categories":[15],"tags":[],"class_list":["post-96641","post","type-post","status-publish","format-standard","has-post-thumbnail","hentry","category-comunidad"],"jetpack_featured_media_url":"https:\/\/i0.wp.com\/eltrabajo.cl\/portal\/wp-content\/uploads\/2020\/01\/Sedent1.jpg?fit=580%2C360&ssl=1","jetpack_sharing_enabled":true,"jetpack_likes_enabled":true,"jetpack-related-posts":[],"_links":{"self":[{"href":"https:\/\/eltrabajo.cl\/portal\/wp-json\/wp\/v2\/posts\/96641","targetHints":{"allow":["GET"]}}],"collection":[{"href":"https:\/\/eltrabajo.cl\/portal\/wp-json\/wp\/v2\/posts"}],"about":[{"href":"https:\/\/eltrabajo.cl\/portal\/wp-json\/wp\/v2\/types\/post"}],"author":[{"embeddable":true,"href":"https:\/\/eltrabajo.cl\/portal\/wp-json\/wp\/v2\/users\/482"}],"replies":[{"embeddable":true,"href":"https:\/\/eltrabajo.cl\/portal\/wp-json\/wp\/v2\/comments?post=96641"}],"version-history":[{"count":0,"href":"https:\/\/eltrabajo.cl\/portal\/wp-json\/wp\/v2\/posts\/96641\/revisions"}],"wp:featuredmedia":[{"embeddable":true,"href":"https:\/\/eltrabajo.cl\/portal\/wp-json\/wp\/v2\/media\/96644"}],"wp:attachment":[{"href":"https:\/\/eltrabajo.cl\/portal\/wp-json\/wp\/v2\/media?parent=96641"}],"wp:term":[{"taxonomy":"category","embeddable":true,"href":"https:\/\/eltrabajo.cl\/portal\/wp-json\/wp\/v2\/categories?post=96641"},{"taxonomy":"post_tag","embeddable":true,"href":"https:\/\/eltrabajo.cl\/portal\/wp-json\/wp\/v2\/tags?post=96641"}],"curies":[{"name":"wp","href":"https:\/\/api.w.org\/{rel}","templated":true}]}}