{"id":96646,"date":"2020-01-17T05:04:45","date_gmt":"2020-01-17T08:04:45","guid":{"rendered":"http:\/\/www.eltrabajo.cl\/portal\/?p=96646"},"modified":"2020-01-16T21:02:11","modified_gmt":"2020-01-17T00:02:11","slug":"ayer-despidieron-a-conocido-vecino-chamelo-escobar-en-la-iglesia-andacollo","status":"publish","type":"post","link":"https:\/\/eltrabajo.cl\/portal\/ayer-despidieron-a-conocido-vecino-chamelo-escobar-en-la-iglesia-andacollo\/","title":{"rendered":"Ayer despidieron a conocido vecino \u2018Chamelo\u2019 Escobar en la Iglesia Andacollo"},"content":{"rendered":"<p><span style=\"color: #ff0000;\"><strong>Ten\u00eda 74 a\u00f1os de edad, fue mujeriego, camionero y comerciante:<\/strong><\/span><\/p>\n<p>\u2018Como balde de agua fr\u00eda\u2019 cay\u00f3 en todo el Valle de Aconcagua la triste noticia del deceso de <strong>Manuel de la Cruz <\/strong>\u2018<strong>Chamelo<\/strong>\u2019<strong> Escobar Brito<\/strong>; quien naciera el 7 de febrero de 1945 y nos dej\u00f3 este mi\u00e9rcoles al mediod\u00eda en su casa de habitaci\u00f3n en Avenida Sargento Aldea, a la edad de 74 a\u00f1os.<\/p>\n<p>Era hijo de Manuel Escobar y Mar\u00eda Elena Brito, tuvo siete hermanos, nueve hijos, 22 nietos y una bisnieta. En sus primeros a\u00f1os acompa\u00f1aba a su padre a trabajar en la feria libre mientras estudiaba en La Escuela 4, donde se fue formando entre ferias locales y la Vega Central en Santiago. M\u00e1s tarde comenz\u00f3 su emprendimiento dedic\u00e1ndose al transporte como camionero nacional e internacional. Fue dirigente de la Asociaci\u00f3n de Due\u00f1os de Camiones de Chile.<\/p>\n<p>&nbsp;<\/p>\n<p><span style=\"color: #ff0000;\"><strong>\u00abMUY MUJERIEGO\u00bb<\/strong><\/span><\/p>\n<p><strong>Diario El Trabajo<\/strong> habl\u00f3 ayer con su ahora viuda <strong>Mar\u00eda Teresa Aravena Guti\u00e9rrez<\/strong>, quien ha tomado este p\u00e9rdida con madurez y serenidad. Ella nos atendi\u00f3 en su casa de habitaci\u00f3n, mismo lugar donde se hizo ayer el velatorio de su esposo, \u00ab<em>no es porque mi esposo est\u00e9 ya muerto que digo esto, pero s\u00ed me atrevo a decir que \u00e9l se merece un Siete, como hombre, como empresario, como padre, amigo, esposo y como patriarca, aqu\u00ed lo despedimos toda su familia a su lado y los amigos de toda una vida. A Chamelo lo conoc\u00ed desde ni\u00f1a, a mis 15 a\u00f1os de edad me llevaron al sur del pa\u00eds, regres\u00e9 seis a\u00f1os despu\u00e9s, as\u00ed empezamos a pololear y nos juntamos, vivimos juntos hasta la fecha, \u00e9l era un trabaj\u00f3lico y pocas veces sal\u00edamos a pasear. De su persona puedo decir que era muy divertido, fue muy mujeriego, recuerdo que cuando le reclam\u00e9 en una ocasi\u00f3n por sus aventuras \u00e9l me dec\u00eda: \u2018<strong>Amor, t\u00fa eres mi Catedral, las otras s\u00f3lo son capillas nom\u00e1s<\/strong>\u2019, al final eso no nos dio problema, nunca nos dej\u00f3<\/em>\u00bb, coment\u00f3 Teresita Aravena.<\/p>\n<p><strong>\u00a0<\/strong><\/p>\n<p><span style=\"color: #ff0000;\"><strong>MUY TRABAJADOR<\/strong><\/span><\/p>\n<p>Chamelo Escobar vivi\u00f3 su juventud y edad adulta manejando camiones en todo Chile; tambi\u00e9n hizo muchos viajes al Paraguay; fue hincha del Un\u00ed Un\u00ed y tambi\u00e9n del Colo Colo; despu\u00e9s de esas aventuras en carretera, Escobar se instal\u00f3 en nuestra comuna con la empresa Chamelo Gas. El a\u00f1o pasado fue distinguido por la Municipalidad de San Felipe en la categor\u00eda <strong><em>\u00a0\u2018Emprendimiento 2019<\/em>\u2019<\/strong>.<\/p>\n<p>Antes de llegar a ser uno de los principales referentes en la venta y distribuci\u00f3n de gas licuado en nuestra comuna, Chamelo cre\u00f3 la Empresa de Transporte Aconcagua Limitada; al mismo tiempo se desarroll\u00f3 como comerciante en Aconcagua, instal\u00e1ndose con restaurant y verduler\u00eda, entre otros.<\/p>\n<p>Los funerales de Manuel Escobar se realizaron ayer a las 16:00 horas en la Parroquia Andacollo, y sus restos mortales ya descansan en el Cementerio Municipal de San Felipe, en El Almendral.<\/p>\n<p><strong>Roberto Gonz\u00e1lez Short<\/strong><\/p>\n<p>&nbsp;<\/p>\n<figure id=\"attachment_96647\" aria-describedby=\"caption-attachment-96647\" style=\"width: 580px\" class=\"wp-caption alignnone\"><img data-recalc-dims=\"1\" loading=\"lazy\" decoding=\"async\" class=\"size-full wp-image-96647\" src=\"https:\/\/i0.wp.com\/www.eltrabajo.cl\/portal\/wp-content\/uploads\/2020\/01\/Chamelo1.jpg?resize=580%2C359\" alt=\"HONDO PESAR.- Cientos de personas despidieron ayer jueves al querido \u2018Chamelo\u2019 Escobar, popular comerciante sanfelipe\u00f1o.\" width=\"580\" height=\"359\" srcset=\"https:\/\/i0.wp.com\/eltrabajo.cl\/portal\/wp-content\/uploads\/2020\/01\/Chamelo1.jpg?w=580&amp;ssl=1 580w, https:\/\/i0.wp.com\/eltrabajo.cl\/portal\/wp-content\/uploads\/2020\/01\/Chamelo1.jpg?resize=300%2C186&amp;ssl=1 300w, https:\/\/i0.wp.com\/eltrabajo.cl\/portal\/wp-content\/uploads\/2020\/01\/Chamelo1.jpg?resize=200%2C124&amp;ssl=1 200w, https:\/\/i0.wp.com\/eltrabajo.cl\/portal\/wp-content\/uploads\/2020\/01\/Chamelo1.jpg?resize=242%2C150&amp;ssl=1 242w, https:\/\/i0.wp.com\/eltrabajo.cl\/portal\/wp-content\/uploads\/2020\/01\/Chamelo1.jpg?resize=400%2C248&amp;ssl=1 400w\" sizes=\"auto, (max-width: 580px) 100vw, 580px\" \/><figcaption id=\"caption-attachment-96647\" class=\"wp-caption-text\">HONDO PESAR.- Cientos de personas despidieron ayer jueves al querido \u2018Chamelo\u2019 Escobar, popular comerciante sanfelipe\u00f1o.<\/figcaption><\/figure>\n<p>&nbsp;<\/p>\n<figure id=\"attachment_96648\" aria-describedby=\"caption-attachment-96648\" style=\"width: 578px\" class=\"wp-caption alignnone\"><img data-recalc-dims=\"1\" loading=\"lazy\" decoding=\"async\" class=\"size-full wp-image-96648\" src=\"https:\/\/i0.wp.com\/www.eltrabajo.cl\/portal\/wp-content\/uploads\/2020\/01\/Chamelo2.jpg?resize=578%2C425\" alt=\"AQUELLOS TIEMPOS.- Aqu\u00ed vemos a Manuel cuando contaba con m\u00e1s fuerzas, al frente de su empresa de gas licuado.\" width=\"578\" height=\"425\" srcset=\"https:\/\/i0.wp.com\/eltrabajo.cl\/portal\/wp-content\/uploads\/2020\/01\/Chamelo2.jpg?w=578&amp;ssl=1 578w, https:\/\/i0.wp.com\/eltrabajo.cl\/portal\/wp-content\/uploads\/2020\/01\/Chamelo2.jpg?resize=300%2C221&amp;ssl=1 300w, https:\/\/i0.wp.com\/eltrabajo.cl\/portal\/wp-content\/uploads\/2020\/01\/Chamelo2.jpg?resize=200%2C147&amp;ssl=1 200w, https:\/\/i0.wp.com\/eltrabajo.cl\/portal\/wp-content\/uploads\/2020\/01\/Chamelo2.jpg?resize=204%2C150&amp;ssl=1 204w, https:\/\/i0.wp.com\/eltrabajo.cl\/portal\/wp-content\/uploads\/2020\/01\/Chamelo2.jpg?resize=400%2C294&amp;ssl=1 400w\" sizes=\"auto, (max-width: 578px) 100vw, 578px\" \/><figcaption id=\"caption-attachment-96648\" class=\"wp-caption-text\">AQUELLOS TIEMPOS.- Aqu\u00ed vemos a Manuel cuando contaba con m\u00e1s fuerzas, al frente de su empresa de gas licuado.<\/figcaption><\/figure>\n<p>&nbsp;<\/p>\n<figure id=\"attachment_96651\" aria-describedby=\"caption-attachment-96651\" style=\"width: 580px\" class=\"wp-caption alignnone\"><img data-recalc-dims=\"1\" loading=\"lazy\" decoding=\"async\" class=\"size-full wp-image-96651\" src=\"https:\/\/i0.wp.com\/www.eltrabajo.cl\/portal\/wp-content\/uploads\/2020\/01\/Chamelo_Maria-Teresa-Aravena.jpg?resize=580%2C600\" alt=\"Mar\u00eda Teresa Aravena Guti\u00e9rrez, viuda de Escobar.\" width=\"580\" height=\"600\" srcset=\"https:\/\/i0.wp.com\/eltrabajo.cl\/portal\/wp-content\/uploads\/2020\/01\/Chamelo_Maria-Teresa-Aravena.jpg?w=580&amp;ssl=1 580w, https:\/\/i0.wp.com\/eltrabajo.cl\/portal\/wp-content\/uploads\/2020\/01\/Chamelo_Maria-Teresa-Aravena.jpg?resize=290%2C300&amp;ssl=1 290w, https:\/\/i0.wp.com\/eltrabajo.cl\/portal\/wp-content\/uploads\/2020\/01\/Chamelo_Maria-Teresa-Aravena.jpg?resize=145%2C150&amp;ssl=1 145w, https:\/\/i0.wp.com\/eltrabajo.cl\/portal\/wp-content\/uploads\/2020\/01\/Chamelo_Maria-Teresa-Aravena.jpg?resize=400%2C414&amp;ssl=1 400w\" sizes=\"auto, (max-width: 580px) 100vw, 580px\" \/><figcaption id=\"caption-attachment-96651\" class=\"wp-caption-text\">Mar\u00eda Teresa Aravena Guti\u00e9rrez, viuda de Escobar.<\/figcaption><\/figure>\n<p>&nbsp;<\/p>\n<figure id=\"attachment_96650\" aria-describedby=\"caption-attachment-96650\" style=\"width: 580px\" class=\"wp-caption alignnone\"><img data-recalc-dims=\"1\" loading=\"lazy\" decoding=\"async\" class=\"size-full wp-image-96650\" src=\"https:\/\/i0.wp.com\/www.eltrabajo.cl\/portal\/wp-content\/uploads\/2020\/01\/Chamelo_Manuel-Escobar_JOVEN.jpg?resize=580%2C598\" alt=\"TREMENDO MUJERIEGO.- As\u00ed luc\u00eda Chamelo cuando apenas era un adolescente.\" width=\"580\" height=\"598\" srcset=\"https:\/\/i0.wp.com\/eltrabajo.cl\/portal\/wp-content\/uploads\/2020\/01\/Chamelo_Manuel-Escobar_JOVEN.jpg?w=580&amp;ssl=1 580w, https:\/\/i0.wp.com\/eltrabajo.cl\/portal\/wp-content\/uploads\/2020\/01\/Chamelo_Manuel-Escobar_JOVEN.jpg?resize=291%2C300&amp;ssl=1 291w, https:\/\/i0.wp.com\/eltrabajo.cl\/portal\/wp-content\/uploads\/2020\/01\/Chamelo_Manuel-Escobar_JOVEN.jpg?resize=145%2C150&amp;ssl=1 145w, https:\/\/i0.wp.com\/eltrabajo.cl\/portal\/wp-content\/uploads\/2020\/01\/Chamelo_Manuel-Escobar_JOVEN.jpg?resize=400%2C412&amp;ssl=1 400w\" sizes=\"auto, (max-width: 580px) 100vw, 580px\" \/><figcaption id=\"caption-attachment-96650\" class=\"wp-caption-text\">TREMENDO MUJERIEGO.- As\u00ed luc\u00eda Chamelo cuando apenas era un adolescente.<\/figcaption><\/figure>\n<p>&nbsp;<\/p>\n<figure id=\"attachment_96649\" aria-describedby=\"caption-attachment-96649\" style=\"width: 580px\" class=\"wp-caption alignnone\"><img data-recalc-dims=\"1\" loading=\"lazy\" decoding=\"async\" class=\"size-full wp-image-96649\" src=\"https:\/\/i0.wp.com\/www.eltrabajo.cl\/portal\/wp-content\/uploads\/2020\/01\/Chamelo_Manuel-Escobar.jpg?resize=580%2C600\" alt=\"ADI\u00d3S CHAMELO.- Manuel Escobar Brito, empresario y excamionero sanfelipe\u00f1o.\" width=\"580\" height=\"600\" srcset=\"https:\/\/i0.wp.com\/eltrabajo.cl\/portal\/wp-content\/uploads\/2020\/01\/Chamelo_Manuel-Escobar.jpg?w=580&amp;ssl=1 580w, https:\/\/i0.wp.com\/eltrabajo.cl\/portal\/wp-content\/uploads\/2020\/01\/Chamelo_Manuel-Escobar.jpg?resize=290%2C300&amp;ssl=1 290w, https:\/\/i0.wp.com\/eltrabajo.cl\/portal\/wp-content\/uploads\/2020\/01\/Chamelo_Manuel-Escobar.jpg?resize=145%2C150&amp;ssl=1 145w, https:\/\/i0.wp.com\/eltrabajo.cl\/portal\/wp-content\/uploads\/2020\/01\/Chamelo_Manuel-Escobar.jpg?resize=400%2C414&amp;ssl=1 400w\" sizes=\"auto, (max-width: 580px) 100vw, 580px\" \/><figcaption id=\"caption-attachment-96649\" class=\"wp-caption-text\">ADI\u00d3S CHAMELO.- Manuel Escobar Brito, empresario y excamionero sanfelipe\u00f1o.<\/figcaption><\/figure>\n","protected":false},"excerpt":{"rendered":"<p>Ten\u00eda 74 a\u00f1os de edad, fue mujeriego, camionero y comerciante: \u2018Como balde de agua fr\u00eda\u2019 cay\u00f3 en todo el Valle de Aconcagua la triste noticia del deceso de Manuel de la Cruz&#8230;<\/p>\n","protected":false},"author":482,"featured_media":96647,"comment_status":"open","ping_status":"open","sticky":false,"template":"","format":"standard","meta":{"advanced_seo_description":"","jetpack_seo_html_title":"","jetpack_seo_noindex":false,"_jetpack_memberships_contains_paid_content":false,"footnotes":""},"categories":[15],"tags":[],"class_list":["post-96646","post","type-post","status-publish","format-standard","has-post-thumbnail","hentry","category-comunidad"],"jetpack_featured_media_url":"https:\/\/i0.wp.com\/eltrabajo.cl\/portal\/wp-content\/uploads\/2020\/01\/Chamelo1.jpg?fit=580%2C359&ssl=1","jetpack_sharing_enabled":true,"jetpack_likes_enabled":true,"jetpack-related-posts":[],"_links":{"self":[{"href":"https:\/\/eltrabajo.cl\/portal\/wp-json\/wp\/v2\/posts\/96646","targetHints":{"allow":["GET"]}}],"collection":[{"href":"https:\/\/eltrabajo.cl\/portal\/wp-json\/wp\/v2\/posts"}],"about":[{"href":"https:\/\/eltrabajo.cl\/portal\/wp-json\/wp\/v2\/types\/post"}],"author":[{"embeddable":true,"href":"https:\/\/eltrabajo.cl\/portal\/wp-json\/wp\/v2\/users\/482"}],"replies":[{"embeddable":true,"href":"https:\/\/eltrabajo.cl\/portal\/wp-json\/wp\/v2\/comments?post=96646"}],"version-history":[{"count":0,"href":"https:\/\/eltrabajo.cl\/portal\/wp-json\/wp\/v2\/posts\/96646\/revisions"}],"wp:featuredmedia":[{"embeddable":true,"href":"https:\/\/eltrabajo.cl\/portal\/wp-json\/wp\/v2\/media\/96647"}],"wp:attachment":[{"href":"https:\/\/eltrabajo.cl\/portal\/wp-json\/wp\/v2\/media?parent=96646"}],"wp:term":[{"taxonomy":"category","embeddable":true,"href":"https:\/\/eltrabajo.cl\/portal\/wp-json\/wp\/v2\/categories?post=96646"},{"taxonomy":"post_tag","embeddable":true,"href":"https:\/\/eltrabajo.cl\/portal\/wp-json\/wp\/v2\/tags?post=96646"}],"curies":[{"name":"wp","href":"https:\/\/api.w.org\/{rel}","templated":true}]}}