{"id":96653,"date":"2020-01-17T05:05:27","date_gmt":"2020-01-17T08:05:27","guid":{"rendered":"http:\/\/www.eltrabajo.cl\/portal\/?p=96653"},"modified":"2020-01-16T21:04:26","modified_gmt":"2020-01-17T00:04:26","slug":"este-domingo-se-corre-2a-fecha-del-grand-prix-fiat-600-en-circuito-granallas","status":"publish","type":"post","link":"https:\/\/eltrabajo.cl\/portal\/este-domingo-se-corre-2a-fecha-del-grand-prix-fiat-600-en-circuito-granallas\/","title":{"rendered":"Este domingo se corre 2\u00aa fecha del Grand Prix Fiat 600 en circuito Granallas"},"content":{"rendered":"<p>Desde las tres y media de la tarde en adelante, este domingo, en el circuito de Granallas en la comuna de Putaendo se llevar\u00e1 a cabo la segunda jornada del torneo Fiat 600, el que re\u00fane a destacados pilotos aconcag\u00fcinos.<\/p>\n<p>Ser\u00e1n aproximadamente cinco las carreras que copar\u00e1n la agenda tuerca de este evento automovil\u00edstico, sobresaliendo las de las series: Promocional, Turismo Potenciados, Est\u00e1ndar, y un \u2018Picado\u2019 en el que intervienen b\u00f3lidos de todas las categor\u00edas, en lo que es una de las carreras m\u00e1s entretenidas a ra\u00edz que los conductores hacen gala de sus habilidades tras el volante, deleitando a los cientos de espectadores amantes del deporte tuerca.<\/p>\n<p>Para la cita de pasado ma\u00f1ana se espera que los pilotos Mart\u00edn Silva, Javier Mu\u00f1oz y Enrique D\u00edaz, intenten repetir los triunfos obtenidos en la fecha inaugural de hace dos semanas.<\/p>\n<p>&nbsp;<\/p>\n<figure id=\"attachment_96654\" aria-describedby=\"caption-attachment-96654\" style=\"width: 580px\" class=\"wp-caption alignnone\"><img data-recalc-dims=\"1\" loading=\"lazy\" decoding=\"async\" class=\"size-full wp-image-96654\" src=\"https:\/\/i0.wp.com\/www.eltrabajo.cl\/portal\/wp-content\/uploads\/2020\/01\/FIAT.jpg?resize=580%2C360\" alt=\"El campeonato Fiat 600 es el exclusivo evento tuerca que en la actualidad hay en el valle de Aconcagua.\" width=\"580\" height=\"360\" srcset=\"https:\/\/i0.wp.com\/eltrabajo.cl\/portal\/wp-content\/uploads\/2020\/01\/FIAT.jpg?w=580&amp;ssl=1 580w, https:\/\/i0.wp.com\/eltrabajo.cl\/portal\/wp-content\/uploads\/2020\/01\/FIAT.jpg?resize=300%2C186&amp;ssl=1 300w, https:\/\/i0.wp.com\/eltrabajo.cl\/portal\/wp-content\/uploads\/2020\/01\/FIAT.jpg?resize=200%2C124&amp;ssl=1 200w, https:\/\/i0.wp.com\/eltrabajo.cl\/portal\/wp-content\/uploads\/2020\/01\/FIAT.jpg?resize=242%2C150&amp;ssl=1 242w, https:\/\/i0.wp.com\/eltrabajo.cl\/portal\/wp-content\/uploads\/2020\/01\/FIAT.jpg?resize=400%2C248&amp;ssl=1 400w\" sizes=\"auto, (max-width: 580px) 100vw, 580px\" \/><figcaption id=\"caption-attachment-96654\" class=\"wp-caption-text\">El campeonato Fiat 600 es el exclusivo evento tuerca que en la actualidad hay en el valle de Aconcagua.<\/figcaption><\/figure>\n<p>Pie de foto: Fiat 600<\/p>\n<p>El campeonato Fiat 600 es el exclusivo evento tuerca que en la actualidad hay en el valle de Aconcagua.<\/p>\n","protected":false},"excerpt":{"rendered":"<p>Desde las tres y media de la tarde en adelante, este domingo, en el circuito de Granallas en la comuna de Putaendo se llevar\u00e1 a cabo la segunda jornada del torneo Fiat&#8230;<\/p>\n","protected":false},"author":482,"featured_media":96654,"comment_status":"open","ping_status":"open","sticky":false,"template":"","format":"standard","meta":{"advanced_seo_description":"","jetpack_seo_html_title":"","jetpack_seo_noindex":false,"_jetpack_memberships_contains_paid_content":false,"footnotes":""},"categories":[19],"tags":[],"class_list":["post-96653","post","type-post","status-publish","format-standard","has-post-thumbnail","hentry","category-deportes"],"jetpack_featured_media_url":"https:\/\/i0.wp.com\/eltrabajo.cl\/portal\/wp-content\/uploads\/2020\/01\/FIAT.jpg?fit=580%2C360&ssl=1","jetpack_sharing_enabled":true,"jetpack_likes_enabled":true,"jetpack-related-posts":[],"_links":{"self":[{"href":"https:\/\/eltrabajo.cl\/portal\/wp-json\/wp\/v2\/posts\/96653","targetHints":{"allow":["GET"]}}],"collection":[{"href":"https:\/\/eltrabajo.cl\/portal\/wp-json\/wp\/v2\/posts"}],"about":[{"href":"https:\/\/eltrabajo.cl\/portal\/wp-json\/wp\/v2\/types\/post"}],"author":[{"embeddable":true,"href":"https:\/\/eltrabajo.cl\/portal\/wp-json\/wp\/v2\/users\/482"}],"replies":[{"embeddable":true,"href":"https:\/\/eltrabajo.cl\/portal\/wp-json\/wp\/v2\/comments?post=96653"}],"version-history":[{"count":0,"href":"https:\/\/eltrabajo.cl\/portal\/wp-json\/wp\/v2\/posts\/96653\/revisions"}],"wp:featuredmedia":[{"embeddable":true,"href":"https:\/\/eltrabajo.cl\/portal\/wp-json\/wp\/v2\/media\/96654"}],"wp:attachment":[{"href":"https:\/\/eltrabajo.cl\/portal\/wp-json\/wp\/v2\/media?parent=96653"}],"wp:term":[{"taxonomy":"category","embeddable":true,"href":"https:\/\/eltrabajo.cl\/portal\/wp-json\/wp\/v2\/categories?post=96653"},{"taxonomy":"post_tag","embeddable":true,"href":"https:\/\/eltrabajo.cl\/portal\/wp-json\/wp\/v2\/tags?post=96653"}],"curies":[{"name":"wp","href":"https:\/\/api.w.org\/{rel}","templated":true}]}}