{"id":96656,"date":"2020-01-17T05:06:32","date_gmt":"2020-01-17T08:06:32","guid":{"rendered":"http:\/\/www.eltrabajo.cl\/portal\/?p=96656"},"modified":"2020-01-16T21:07:28","modified_gmt":"2020-01-17T00:07:28","slug":"delincuentes-armados-asaltan-a-un-adulto-mayor-y-su-hija-para-robarles-700-000","status":"publish","type":"post","link":"https:\/\/eltrabajo.cl\/portal\/delincuentes-armados-asaltan-a-un-adulto-mayor-y-su-hija-para-robarles-700-000\/","title":{"rendered":"Delincuentes armados asaltan a un adulto mayor y su hija para robarles $700.000"},"content":{"rendered":"<p><span style=\"color: #ff0000;\"><strong>Dos de cuatro delincuentes se enfrentaron a balazos contra Carabineros:<\/strong><\/span><\/p>\n<ul>\n<li><strong>Los asaltantes se desplazaban en un autom\u00f3vil, huyendo desde Llay Llay hasta el interior de la comuna de Catemu. Dos de los involucrados fueron capturados por Carabineros de esa comuna, quedando tras las rejas luego de ser formalizados en tribunales.<\/strong><\/li>\n<\/ul>\n<p>De un violento asalto a mano armada fueron v\u00edctimas un hombre de 60 a\u00f1os de edad que se encontraba junto a su hija y su nieta de 11 a\u00f1os, los cuales fueron abordados por dos de cuatro delincuentes que provistos de un arma de fuego lograron apoderarse de un monto de 700 mil pesos en dinero en efectivo en el sector Las Vegas de Llay Llay.<\/p>\n<p>El hecho ocurri\u00f3 a eso de las 22:50 horas de este mi\u00e9rcoles, en circunstancias que la v\u00edctima circulaba en su veh\u00edculo particular en compa\u00f1\u00eda de su hija de 37 a\u00f1os y su nieta de 11.\u00a0 El conductor detuvo el m\u00f3vil en el enlace de la ruta 60 CH sector Las Vegas de Llay Llay, cuando sorpresivamente un veh\u00edculo se detuvo detr\u00e1s de ellos.<\/p>\n<p>De acuerdo a los relatos de los afectados, cuatro delincuentes se movilizaban en un veh\u00edculo marca Chevrolet, placa patente CF SD \u2013 45. Dos de ellos habr\u00edan descendido del m\u00f3vil premunidos de una pistola corta, para intimidar a las v\u00edctimas.<\/p>\n<p>En cuesti\u00f3n de segundos los delincuentes lograron apoderarse de un bolso que manten\u00eda la hija del adulto mayor, en cuyo interior hab\u00edan $700.000 en efectivo correspondientes a la recaudaci\u00f3n de su negocio.<\/p>\n<p>Obtenido el bot\u00edn, los delincuentes huyen en direcci\u00f3n desconocida, mientras unos transe\u00fantes informaron a Carabineros de la Tenencia de Catemu de la ocurrencia del asalto.<\/p>\n<p>Carabineros inici\u00f3 las diligencias del caso en b\u00fasqueda de los delincuentes, logrando verificar que el veh\u00edculo circulaba por el camino El Romeral, a la altura del sector Santa Rosa de Catemu, instante en que los delincuentes, para evitar ser perseguidos por la polic\u00eda uniformada, arrojaron \u2018miguelitos\u2019 en el camino.<\/p>\n<p>Momentos m\u00e1s tarde, los sujetos llegaron hasta el Quebrachal donde descendieron dos de los delincuentes quienes habr\u00edan disparado en contra de Carabineros, mientras los funcionarios debieron hacer uso de su armamento de servicio para repeler el ataque, seg\u00fan inform\u00f3 la polic\u00eda uniformada.<\/p>\n<p>La persecuci\u00f3n culmin\u00f3 finalmente con la detenci\u00f3n de estos dos sujetos identificados con las iniciales <strong>J.C.F.L.<\/strong>, de 46 a\u00f1os de edad, con antecedentes delictuales, y el segundo involucrado de iniciales <strong>M.A.A.A.<\/strong>, de 26 a\u00f1os de edad, quien mientras escapaba de los funcionarios policiales, arroj\u00f3 el arma de fuego antes de ser detenido.<\/p>\n<p>Carabineros inform\u00f3 que los otros dos delincuentes part\u00edcipes de este asalto lograron fugarse, sin lograr la recuperaci\u00f3n del dinero de propiedad de las v\u00edctimas.<\/p>\n<p>Posteriormente, durante la jornada de ayer jueves, ambos imputados domiciliados en la comuna de Catemu, fueron derivados hasta el Juzgado de Garant\u00eda de San Felipe para ser formalizados por la Fiscal\u00eda por el delito de robo con intimidaci\u00f3n, decret\u00e1ndose la prisi\u00f3n preventiva para ambos sujetos, fij\u00e1ndose un plazo de investigaci\u00f3n de 90 d\u00edas.<\/p>\n<p><strong>Pablo Salinas Sald\u00edas<\/strong><\/p>\n<p><strong>\u00a0<\/strong><\/p>\n<figure id=\"attachment_96657\" aria-describedby=\"caption-attachment-96657\" style=\"width: 579px\" class=\"wp-caption alignnone\"><img data-recalc-dims=\"1\" loading=\"lazy\" decoding=\"async\" class=\"size-full wp-image-96657\" src=\"https:\/\/i0.wp.com\/www.eltrabajo.cl\/portal\/wp-content\/uploads\/2020\/01\/asalto-enfrentamiento-1.jpg?resize=579%2C600\" alt=\"En este veh\u00edculo se movilizaban cuatro delincuentes para cometer el asalto la noche de este mi\u00e9rcoles en el sector Las Vegas de Llay Llay.\" width=\"579\" height=\"600\" srcset=\"https:\/\/i0.wp.com\/eltrabajo.cl\/portal\/wp-content\/uploads\/2020\/01\/asalto-enfrentamiento-1.jpg?w=579&amp;ssl=1 579w, https:\/\/i0.wp.com\/eltrabajo.cl\/portal\/wp-content\/uploads\/2020\/01\/asalto-enfrentamiento-1.jpg?resize=290%2C300&amp;ssl=1 290w, https:\/\/i0.wp.com\/eltrabajo.cl\/portal\/wp-content\/uploads\/2020\/01\/asalto-enfrentamiento-1.jpg?resize=145%2C150&amp;ssl=1 145w, https:\/\/i0.wp.com\/eltrabajo.cl\/portal\/wp-content\/uploads\/2020\/01\/asalto-enfrentamiento-1.jpg?resize=400%2C415&amp;ssl=1 400w\" sizes=\"auto, (max-width: 579px) 100vw, 579px\" \/><figcaption id=\"caption-attachment-96657\" class=\"wp-caption-text\">En este veh\u00edculo se movilizaban cuatro delincuentes para cometer el asalto la noche de este mi\u00e9rcoles en el sector Las Vegas de Llay Llay.<\/figcaption><\/figure>\n<p>&nbsp;<\/p>\n<figure id=\"attachment_96658\" aria-describedby=\"caption-attachment-96658\" style=\"width: 580px\" class=\"wp-caption alignnone\"><img data-recalc-dims=\"1\" loading=\"lazy\" decoding=\"async\" class=\"size-full wp-image-96658\" src=\"https:\/\/i0.wp.com\/www.eltrabajo.cl\/portal\/wp-content\/uploads\/2020\/01\/asalto-enfrentamiento-2.jpg?resize=580%2C600\" alt=\"Carabineros encontr\u00f3 estos \u2018miguelitos\u2019 que fueron arrojados durante la persecuci\u00f3n para impedir ser detenidos.\" width=\"580\" height=\"600\" srcset=\"https:\/\/i0.wp.com\/eltrabajo.cl\/portal\/wp-content\/uploads\/2020\/01\/asalto-enfrentamiento-2.jpg?w=580&amp;ssl=1 580w, https:\/\/i0.wp.com\/eltrabajo.cl\/portal\/wp-content\/uploads\/2020\/01\/asalto-enfrentamiento-2.jpg?resize=290%2C300&amp;ssl=1 290w, https:\/\/i0.wp.com\/eltrabajo.cl\/portal\/wp-content\/uploads\/2020\/01\/asalto-enfrentamiento-2.jpg?resize=145%2C150&amp;ssl=1 145w, https:\/\/i0.wp.com\/eltrabajo.cl\/portal\/wp-content\/uploads\/2020\/01\/asalto-enfrentamiento-2.jpg?resize=400%2C414&amp;ssl=1 400w\" sizes=\"auto, (max-width: 580px) 100vw, 580px\" \/><figcaption id=\"caption-attachment-96658\" class=\"wp-caption-text\">Carabineros encontr\u00f3 estos \u2018miguelitos\u2019 que fueron arrojados durante la persecuci\u00f3n para impedir ser detenidos.<\/figcaption><\/figure>\n","protected":false},"excerpt":{"rendered":"<p>Dos de cuatro delincuentes se enfrentaron a balazos contra Carabineros: Los asaltantes se desplazaban en un autom\u00f3vil, huyendo desde Llay Llay hasta el interior de la comuna de Catemu. Dos de los&#8230;<\/p>\n","protected":false},"author":482,"featured_media":96659,"comment_status":"open","ping_status":"open","sticky":false,"template":"","format":"standard","meta":{"advanced_seo_description":"","jetpack_seo_html_title":"","jetpack_seo_noindex":false,"_jetpack_memberships_contains_paid_content":false,"footnotes":""},"categories":[21],"tags":[],"class_list":["post-96656","post","type-post","status-publish","format-standard","has-post-thumbnail","hentry","category-policial"],"jetpack_featured_media_url":"https:\/\/i0.wp.com\/eltrabajo.cl\/portal\/wp-content\/uploads\/2020\/01\/asalto-enfrentamiento-3.jpg?fit=580%2C359&ssl=1","jetpack_sharing_enabled":true,"jetpack_likes_enabled":true,"jetpack-related-posts":[],"_links":{"self":[{"href":"https:\/\/eltrabajo.cl\/portal\/wp-json\/wp\/v2\/posts\/96656","targetHints":{"allow":["GET"]}}],"collection":[{"href":"https:\/\/eltrabajo.cl\/portal\/wp-json\/wp\/v2\/posts"}],"about":[{"href":"https:\/\/eltrabajo.cl\/portal\/wp-json\/wp\/v2\/types\/post"}],"author":[{"embeddable":true,"href":"https:\/\/eltrabajo.cl\/portal\/wp-json\/wp\/v2\/users\/482"}],"replies":[{"embeddable":true,"href":"https:\/\/eltrabajo.cl\/portal\/wp-json\/wp\/v2\/comments?post=96656"}],"version-history":[{"count":0,"href":"https:\/\/eltrabajo.cl\/portal\/wp-json\/wp\/v2\/posts\/96656\/revisions"}],"wp:featuredmedia":[{"embeddable":true,"href":"https:\/\/eltrabajo.cl\/portal\/wp-json\/wp\/v2\/media\/96659"}],"wp:attachment":[{"href":"https:\/\/eltrabajo.cl\/portal\/wp-json\/wp\/v2\/media?parent=96656"}],"wp:term":[{"taxonomy":"category","embeddable":true,"href":"https:\/\/eltrabajo.cl\/portal\/wp-json\/wp\/v2\/categories?post=96656"},{"taxonomy":"post_tag","embeddable":true,"href":"https:\/\/eltrabajo.cl\/portal\/wp-json\/wp\/v2\/tags?post=96656"}],"curies":[{"name":"wp","href":"https:\/\/api.w.org\/{rel}","templated":true}]}}