{"id":96661,"date":"2020-01-17T05:07:35","date_gmt":"2020-01-17T08:07:35","guid":{"rendered":"http:\/\/www.eltrabajo.cl\/portal\/?p=96661"},"modified":"2020-01-16T21:09:23","modified_gmt":"2020-01-17T00:09:23","slug":"golpe-en-la-cabeza-causo-la-muerte-a-recien-nacido-hallado-en-bolsa-de-basura","status":"publish","type":"post","link":"https:\/\/eltrabajo.cl\/portal\/golpe-en-la-cabeza-causo-la-muerte-a-recien-nacido-hallado-en-bolsa-de-basura\/","title":{"rendered":"Golpe en la cabeza caus\u00f3 la muerte a reci\u00e9n nacido hallado en bolsa de basura"},"content":{"rendered":"<p><span style=\"color: #ff0000;\"><strong>Esfuerzos de la investigaci\u00f3n se concentran en hallar a la madre:<\/strong><\/span><\/p>\n<ul>\n<li><strong>Informe preliminar de autopsia indica que la causa de muerte ser\u00eda por un golpe craneoencef\u00e1lico.<\/strong><\/li>\n<\/ul>\n<p>Han pasado m\u00e1s de cuarenta y ocho horas desde que fue encontrado el cuerpo de un ni\u00f1o en un micro basural ubicado en calle Duc\u00f3, hecho que caus\u00f3 conmoci\u00f3n en la comunidad en general debido a las circunstancias\u00a0 en que fue descubierto el cuerpo.<\/p>\n<p>Nuestro medio convers\u00f3 con el fiscal a cargo de este caso, <strong>Eduardo Fajardo de la Cuba<\/strong>, quien se\u00f1al\u00f3 lo siguiente: <em>\u201cEn el tema del menor reci\u00e9n nacido, estamos en etapa de investigaci\u00f3n con la Polic\u00eda de Investigaciones de Chile, b\u00e1sicamente indagando el paradero de la madre para establecer las causas de la muerte. Ya se tiene el primer informe del protocolo de autopsia para tener claridad cu\u00e1l fue la causa de la muerte, para establecer la existencia de un delito y finalmente las circunstancias por qu\u00e9 llega el cuerpo del menor abandonado en el micro basural\u201d,<\/em> dijo el fiscal.<\/p>\n<p>&#8211; <strong>\u00bfQu\u00e9 dice el informe preliminar de la autopsia, asfixia como lo manten\u00eda usted en su momento?<\/strong><\/p>\n<p>&#8211; En principio el informe establece que la causa de muerte ser\u00eda por un golpe craneoencef\u00e1lico, deben ser m\u00faltiples circunstancias, es lo que hay que indagar. Lo importante es dar con el paradero de la madre para saber las circunstancias y qu\u00e9 versi\u00f3n nos da ella.<\/p>\n<p>&#8211; <strong>\u00bfQu\u00e9 importancia va a tener la comunidad en la entrega de informaci\u00f3n sobre este caso? \u00bfPuede ser importante en su momento, fiscal?<\/strong><\/p>\n<p>&#8211; Determinante, porque tenemos que saber las circunstancias en que tuvo su guagua, tratada o no fue tratada, c\u00f3mo se produjo ese golpe en la cabeza del beb\u00e9 y lo que determina eventualmente un infanticidio o una figura distinta, pero eso hay que indagarlo con muchos m\u00e1s antecedentes.<\/p>\n<p>&#8211; <strong>\u00bfHasta el momento c\u00f3mo se est\u00e1 investigando, c\u00f3mo infanticidio o causa desconocida?<\/strong><\/p>\n<p>&#8211; En principio todo apunta a un infanticidio, pero no se descartan otras figuras por cierto.<\/p>\n<p>Cabe mencionar que la Brigada de Homicidios de la Polic\u00eda de Investigaciones de Chile est\u00e1 a cargo de esta investigaci\u00f3n.<\/p>\n<p>El cuerpo del menor fue encontrado el d\u00eda martes 14\u00a0 en horas de la ma\u00f1ana en un basural en calle Duc\u00f3 de San Felipe.<\/p>\n<p>&nbsp;<\/p>\n<figure id=\"attachment_96663\" aria-describedby=\"caption-attachment-96663\" style=\"width: 580px\" class=\"wp-caption alignnone\"><img data-recalc-dims=\"1\" loading=\"lazy\" decoding=\"async\" class=\"size-full wp-image-96663\" src=\"https:\/\/i0.wp.com\/www.eltrabajo.cl\/portal\/wp-content\/uploads\/2020\/01\/BEBE3-1.jpg?resize=580%2C359\" alt=\"Personal de la PDI trabajando en las pericias preliminares el d\u00eda del hallazgo en el sitio del suceso.\" width=\"580\" height=\"359\" srcset=\"https:\/\/i0.wp.com\/eltrabajo.cl\/portal\/wp-content\/uploads\/2020\/01\/BEBE3-1.jpg?w=580&amp;ssl=1 580w, https:\/\/i0.wp.com\/eltrabajo.cl\/portal\/wp-content\/uploads\/2020\/01\/BEBE3-1.jpg?resize=300%2C186&amp;ssl=1 300w, https:\/\/i0.wp.com\/eltrabajo.cl\/portal\/wp-content\/uploads\/2020\/01\/BEBE3-1.jpg?resize=200%2C124&amp;ssl=1 200w, https:\/\/i0.wp.com\/eltrabajo.cl\/portal\/wp-content\/uploads\/2020\/01\/BEBE3-1.jpg?resize=242%2C150&amp;ssl=1 242w, https:\/\/i0.wp.com\/eltrabajo.cl\/portal\/wp-content\/uploads\/2020\/01\/BEBE3-1.jpg?resize=400%2C248&amp;ssl=1 400w\" sizes=\"auto, (max-width: 580px) 100vw, 580px\" \/><figcaption id=\"caption-attachment-96663\" class=\"wp-caption-text\">Personal de la PDI trabajando en las pericias preliminares el d\u00eda del hallazgo en el sitio del suceso.<\/figcaption><\/figure>\n<p>&nbsp;<\/p>\n<figure id=\"attachment_96662\" aria-describedby=\"caption-attachment-96662\" style=\"width: 580px\" class=\"wp-caption alignnone\"><img data-recalc-dims=\"1\" loading=\"lazy\" decoding=\"async\" class=\"size-full wp-image-96662\" src=\"https:\/\/i0.wp.com\/www.eltrabajo.cl\/portal\/wp-content\/uploads\/2020\/01\/bebe-Fiscal-Eduardo-Fajardo.jpg?resize=580%2C360\" alt=\"Fiscal Eduardo Fajardo de la Cuba.\" width=\"580\" height=\"360\" srcset=\"https:\/\/i0.wp.com\/eltrabajo.cl\/portal\/wp-content\/uploads\/2020\/01\/bebe-Fiscal-Eduardo-Fajardo.jpg?w=580&amp;ssl=1 580w, https:\/\/i0.wp.com\/eltrabajo.cl\/portal\/wp-content\/uploads\/2020\/01\/bebe-Fiscal-Eduardo-Fajardo.jpg?resize=300%2C186&amp;ssl=1 300w, https:\/\/i0.wp.com\/eltrabajo.cl\/portal\/wp-content\/uploads\/2020\/01\/bebe-Fiscal-Eduardo-Fajardo.jpg?resize=200%2C124&amp;ssl=1 200w, https:\/\/i0.wp.com\/eltrabajo.cl\/portal\/wp-content\/uploads\/2020\/01\/bebe-Fiscal-Eduardo-Fajardo.jpg?resize=242%2C150&amp;ssl=1 242w, https:\/\/i0.wp.com\/eltrabajo.cl\/portal\/wp-content\/uploads\/2020\/01\/bebe-Fiscal-Eduardo-Fajardo.jpg?resize=400%2C248&amp;ssl=1 400w\" sizes=\"auto, (max-width: 580px) 100vw, 580px\" \/><figcaption id=\"caption-attachment-96662\" class=\"wp-caption-text\">Fiscal Eduardo Fajardo de la Cuba.<\/figcaption><\/figure>\n","protected":false},"excerpt":{"rendered":"<p>Esfuerzos de la investigaci\u00f3n se concentran en hallar a la madre: Informe preliminar de autopsia indica que la causa de muerte ser\u00eda por un golpe craneoencef\u00e1lico. Han pasado m\u00e1s de cuarenta y&#8230;<\/p>\n","protected":false},"author":482,"featured_media":96663,"comment_status":"open","ping_status":"open","sticky":false,"template":"","format":"standard","meta":{"advanced_seo_description":"","jetpack_seo_html_title":"","jetpack_seo_noindex":false,"_jetpack_memberships_contains_paid_content":false,"footnotes":""},"categories":[97],"tags":[],"class_list":["post-96661","post","type-post","status-publish","format-standard","has-post-thumbnail","hentry","category-tribunales"],"jetpack_featured_media_url":"https:\/\/i0.wp.com\/eltrabajo.cl\/portal\/wp-content\/uploads\/2020\/01\/BEBE3-1.jpg?fit=580%2C359&ssl=1","jetpack_sharing_enabled":true,"jetpack_likes_enabled":true,"jetpack-related-posts":[],"_links":{"self":[{"href":"https:\/\/eltrabajo.cl\/portal\/wp-json\/wp\/v2\/posts\/96661","targetHints":{"allow":["GET"]}}],"collection":[{"href":"https:\/\/eltrabajo.cl\/portal\/wp-json\/wp\/v2\/posts"}],"about":[{"href":"https:\/\/eltrabajo.cl\/portal\/wp-json\/wp\/v2\/types\/post"}],"author":[{"embeddable":true,"href":"https:\/\/eltrabajo.cl\/portal\/wp-json\/wp\/v2\/users\/482"}],"replies":[{"embeddable":true,"href":"https:\/\/eltrabajo.cl\/portal\/wp-json\/wp\/v2\/comments?post=96661"}],"version-history":[{"count":0,"href":"https:\/\/eltrabajo.cl\/portal\/wp-json\/wp\/v2\/posts\/96661\/revisions"}],"wp:featuredmedia":[{"embeddable":true,"href":"https:\/\/eltrabajo.cl\/portal\/wp-json\/wp\/v2\/media\/96663"}],"wp:attachment":[{"href":"https:\/\/eltrabajo.cl\/portal\/wp-json\/wp\/v2\/media?parent=96661"}],"wp:term":[{"taxonomy":"category","embeddable":true,"href":"https:\/\/eltrabajo.cl\/portal\/wp-json\/wp\/v2\/categories?post=96661"},{"taxonomy":"post_tag","embeddable":true,"href":"https:\/\/eltrabajo.cl\/portal\/wp-json\/wp\/v2\/tags?post=96661"}],"curies":[{"name":"wp","href":"https:\/\/api.w.org\/{rel}","templated":true}]}}