{"id":96673,"date":"2020-01-20T05:03:54","date_gmt":"2020-01-20T08:03:54","guid":{"rendered":"http:\/\/www.eltrabajo.cl\/portal\/?p=96673"},"modified":"2020-01-19T21:27:21","modified_gmt":"2020-01-20T00:27:21","slug":"definitivo-justicia-rechaza-recurso-de-nulidad-en-favor-del-asesino-de-nina","status":"publish","type":"post","link":"https:\/\/eltrabajo.cl\/portal\/definitivo-justicia-rechaza-recurso-de-nulidad-en-favor-del-asesino-de-nina\/","title":{"rendered":"\u00a1Definitivo! Justicia rechaza Recurso de Nulidad en favor del asesino de ni\u00f1a"},"content":{"rendered":"<p><span style=\"color: #ff0000;\"><strong>Caso de violaci\u00f3n y asesinato de \u00c1mbar Lazcano:<\/strong><\/span><\/p>\n<p>C\u00f3mo una buena noticia en memoria de <strong><em>\u00c1mbar Lazcano<\/em><\/strong>, fue calificada la informaci\u00f3n que la Corte Suprema rechaz\u00f3 el Recurso de Nulidad presentado por la defensa de <strong><em>Miguel Andr\u00e9s Espinoza Aravena<\/em><\/strong>, sentenciado a Cadena Perpetua Calificada por la Violaci\u00f3n y Homicidio de la peque\u00f1a.<\/p>\n<p>La informaci\u00f3n fue entregada a la opini\u00f3n p\u00fabica por su t\u00edo <strong><em>Ignacio P\u00e1ez<\/em><\/strong>, quien dijo que la noticia la hab\u00edan recibido en el transcurso de la semana, que reci\u00e9n pas\u00f3, \u00ab<em>nos informaron que la Corte Suprema en Santiago hab\u00eda rechazado la solicitud que estaba pidiendo la defensa por parte del condenado, y que se mantiene el Presidio Perpetuo Calificado y se mantiene en la c\u00e1rcel, ahora hay que esperar que la Corte de Valpara\u00edso se sume y tambi\u00e9n rechacen la solicitud que est\u00e1 pidiendo la defensor\u00eda y que vuelva ac\u00e1 al Tribunal<\/em>\u00ab, dijo.<\/p>\n<p>&#8211;<strong> \u00bfC\u00f3mo familia se encuentran tranquilos?<\/strong><\/p>\n<p>&#8211; No s\u00e9 si se podr\u00eda hablar de familia, pero dentro de lo que queda de familia s\u00ed estamos como m\u00e1s tranquilos, m\u00e1s tranquilos, pienso que eso es un derecho que ellos tienen que ejercer, toda persona tiene derecho, pero aqu\u00ed se vio nuevamente que la Corte Suprema, otro tribunal m\u00e1s fall\u00f3 en favor de mi sobrina.<\/p>\n<p>Coment\u00f3 que el comunicado de este rechazo fue hecho por la abogada querellante de Fundaci\u00f3n Amparo y Justicia.<\/p>\n<p>Record\u00f3 que el Tribunal Oral en Lo Penal lo conden\u00f3 en forma un\u00e1nime a Miguel Andr\u00e9s Espinoza Aravena a la pena de Cadena Perpetua Calificada, es decir, deber\u00e1 pasar 40 a\u00f1os en la c\u00e1rcel antes de postular a un beneficio intracarcelario.<\/p>\n<p>Cabe recordar que la lectura de sentencia fue le\u00edda el d\u00eda 18 de diciembre reci\u00e9n pasado.<\/p>\n<p>Los hechos ocurrieron el d\u00eda 27 y 28 de abril de 2018 en la vivienda de Espinoza Aravena en la comuna de Rinconada, quien era la pareja de la t\u00eda de la v\u00edctima.<\/p>\n<p>&nbsp;<\/p>\n<figure id=\"attachment_96675\" aria-describedby=\"caption-attachment-96675\" style=\"width: 580px\" class=\"wp-caption alignnone\"><img data-recalc-dims=\"1\" loading=\"lazy\" decoding=\"async\" class=\"size-full wp-image-96675\" src=\"https:\/\/i0.wp.com\/www.eltrabajo.cl\/portal\/wp-content\/uploads\/2020\/01\/Nulidad_Miguel-Andres-Espinoza-Aravena.jpg?resize=580%2C359\" alt=\"Miguel Andr\u00e9s Espinoza Aravena seguir\u00e1 tras las rejas, seg\u00fan estimaron los jueces que revisaron su Recurso de Nulidad. FOTO:FRANCISCO FLORES SEGUEL\/AGENCIAUNO\" width=\"580\" height=\"359\" srcset=\"https:\/\/i0.wp.com\/eltrabajo.cl\/portal\/wp-content\/uploads\/2020\/01\/Nulidad_Miguel-Andres-Espinoza-Aravena.jpg?w=580&amp;ssl=1 580w, https:\/\/i0.wp.com\/eltrabajo.cl\/portal\/wp-content\/uploads\/2020\/01\/Nulidad_Miguel-Andres-Espinoza-Aravena.jpg?resize=300%2C186&amp;ssl=1 300w, https:\/\/i0.wp.com\/eltrabajo.cl\/portal\/wp-content\/uploads\/2020\/01\/Nulidad_Miguel-Andres-Espinoza-Aravena.jpg?resize=200%2C124&amp;ssl=1 200w, https:\/\/i0.wp.com\/eltrabajo.cl\/portal\/wp-content\/uploads\/2020\/01\/Nulidad_Miguel-Andres-Espinoza-Aravena.jpg?resize=242%2C150&amp;ssl=1 242w, https:\/\/i0.wp.com\/eltrabajo.cl\/portal\/wp-content\/uploads\/2020\/01\/Nulidad_Miguel-Andres-Espinoza-Aravena.jpg?resize=400%2C248&amp;ssl=1 400w\" sizes=\"auto, (max-width: 580px) 100vw, 580px\" \/><figcaption id=\"caption-attachment-96675\" class=\"wp-caption-text\">Miguel Andr\u00e9s Espinoza Aravena seguir\u00e1 tras las rejas, seg\u00fan estimaron los jueces que revisaron su Recurso de Nulidad. FOTO:FRANCISCO FLORES SEGUEL\/AGENCIAUNO<\/figcaption><\/figure>\n<p>&nbsp;<\/p>\n<figure id=\"attachment_96674\" aria-describedby=\"caption-attachment-96674\" style=\"width: 577px\" class=\"wp-caption alignnone\"><img data-recalc-dims=\"1\" loading=\"lazy\" decoding=\"async\" class=\"size-full wp-image-96674\" src=\"https:\/\/i0.wp.com\/www.eltrabajo.cl\/portal\/wp-content\/uploads\/2020\/01\/Nulidad-Igancio-P%C3%A1ez-t%C3%ADo-de-ambar.jpg?resize=577%2C360\" alt=\"Ignacio P\u00e1ez, t\u00edo de la ni\u00f1a asesinada.\" width=\"577\" height=\"360\" srcset=\"https:\/\/i0.wp.com\/eltrabajo.cl\/portal\/wp-content\/uploads\/2020\/01\/Nulidad-Igancio-P%C3%A1ez-t%C3%ADo-de-ambar.jpg?w=577&amp;ssl=1 577w, https:\/\/i0.wp.com\/eltrabajo.cl\/portal\/wp-content\/uploads\/2020\/01\/Nulidad-Igancio-P%C3%A1ez-t%C3%ADo-de-ambar.jpg?resize=300%2C187&amp;ssl=1 300w, https:\/\/i0.wp.com\/eltrabajo.cl\/portal\/wp-content\/uploads\/2020\/01\/Nulidad-Igancio-P%C3%A1ez-t%C3%ADo-de-ambar.jpg?resize=200%2C125&amp;ssl=1 200w, https:\/\/i0.wp.com\/eltrabajo.cl\/portal\/wp-content\/uploads\/2020\/01\/Nulidad-Igancio-P%C3%A1ez-t%C3%ADo-de-ambar.jpg?resize=240%2C150&amp;ssl=1 240w, https:\/\/i0.wp.com\/eltrabajo.cl\/portal\/wp-content\/uploads\/2020\/01\/Nulidad-Igancio-P%C3%A1ez-t%C3%ADo-de-ambar.jpg?resize=400%2C250&amp;ssl=1 400w\" sizes=\"auto, (max-width: 577px) 100vw, 577px\" \/><figcaption id=\"caption-attachment-96674\" class=\"wp-caption-text\">Ignacio P\u00e1ez, t\u00edo de la ni\u00f1a asesinada.<\/figcaption><\/figure>\n","protected":false},"excerpt":{"rendered":"<p>Caso de violaci\u00f3n y asesinato de \u00c1mbar Lazcano: C\u00f3mo una buena noticia en memoria de \u00c1mbar Lazcano, fue calificada la informaci\u00f3n que la Corte Suprema rechaz\u00f3 el Recurso de Nulidad presentado por&#8230;<\/p>\n","protected":false},"author":482,"featured_media":96675,"comment_status":"open","ping_status":"open","sticky":false,"template":"","format":"standard","meta":{"advanced_seo_description":"","jetpack_seo_html_title":"","jetpack_seo_noindex":false,"_jetpack_memberships_contains_paid_content":false,"footnotes":""},"categories":[97],"tags":[],"class_list":["post-96673","post","type-post","status-publish","format-standard","has-post-thumbnail","hentry","category-tribunales"],"jetpack_featured_media_url":"https:\/\/i0.wp.com\/eltrabajo.cl\/portal\/wp-content\/uploads\/2020\/01\/Nulidad_Miguel-Andres-Espinoza-Aravena.jpg?fit=580%2C359&ssl=1","jetpack_sharing_enabled":true,"jetpack_likes_enabled":true,"jetpack-related-posts":[],"_links":{"self":[{"href":"https:\/\/eltrabajo.cl\/portal\/wp-json\/wp\/v2\/posts\/96673","targetHints":{"allow":["GET"]}}],"collection":[{"href":"https:\/\/eltrabajo.cl\/portal\/wp-json\/wp\/v2\/posts"}],"about":[{"href":"https:\/\/eltrabajo.cl\/portal\/wp-json\/wp\/v2\/types\/post"}],"author":[{"embeddable":true,"href":"https:\/\/eltrabajo.cl\/portal\/wp-json\/wp\/v2\/users\/482"}],"replies":[{"embeddable":true,"href":"https:\/\/eltrabajo.cl\/portal\/wp-json\/wp\/v2\/comments?post=96673"}],"version-history":[{"count":0,"href":"https:\/\/eltrabajo.cl\/portal\/wp-json\/wp\/v2\/posts\/96673\/revisions"}],"wp:featuredmedia":[{"embeddable":true,"href":"https:\/\/eltrabajo.cl\/portal\/wp-json\/wp\/v2\/media\/96675"}],"wp:attachment":[{"href":"https:\/\/eltrabajo.cl\/portal\/wp-json\/wp\/v2\/media?parent=96673"}],"wp:term":[{"taxonomy":"category","embeddable":true,"href":"https:\/\/eltrabajo.cl\/portal\/wp-json\/wp\/v2\/categories?post=96673"},{"taxonomy":"post_tag","embeddable":true,"href":"https:\/\/eltrabajo.cl\/portal\/wp-json\/wp\/v2\/tags?post=96673"}],"curies":[{"name":"wp","href":"https:\/\/api.w.org\/{rel}","templated":true}]}}