{"id":96677,"date":"2020-01-20T05:04:27","date_gmt":"2020-01-20T08:04:27","guid":{"rendered":"http:\/\/www.eltrabajo.cl\/portal\/?p=96677"},"modified":"2020-01-19T21:30:18","modified_gmt":"2020-01-20T00:30:18","slug":"pesar-provoca-tragica-muerte-de-piloto-sanfelipeno-jose-aldunce-mora","status":"publish","type":"post","link":"https:\/\/eltrabajo.cl\/portal\/pesar-provoca-tragica-muerte-de-piloto-sanfelipeno-jose-aldunce-mora\/","title":{"rendered":"Pesar provoca tr\u00e1gica muerte de piloto sanfelipe\u00f1o Jos\u00e9 Aldunce Mora"},"content":{"rendered":"<p><span style=\"color: #ff0000;\"><strong>Tras accidente a\u00e9reo la ma\u00f1ana de este viernes:<\/strong><\/span><\/p>\n<ul>\n<li><strong>Aldunce era exintegrante de la FACH y cumpl\u00eda funciones como instructor. Lamentablemente en una pr\u00e1ctica de vuelo junto a un joven de 19 a\u00f1os de edad tras un aparentemente desperfecto mec\u00e1nico, la nave se desplom\u00f3, falleciendo ambos ocupantes.<\/strong><\/li>\n<\/ul>\n<p>Profundo pesar caus\u00f3 en Aconcagua el lamentable fallecimiento del piloto sanfelipe\u00f1o <strong><em>Jos\u00e9 Luis Aldunce Mora<\/em><\/strong>, luego que la aeronave en que viajaba junto a un alumno de 19 a\u00f1os de edad, se desplomara e incendiara a un costado del Aer\u00f3dromo La Victoria de Chacabuco en Colina, precisamente a las inmediaciones del Fundo La Virgen, perdiendo la vida ambos ocupantes.<\/p>\n<p>El accidente ocurri\u00f3 la ma\u00f1ana de este viernes, inform\u00e1ndose por parte de la Direcci\u00f3n General de Aeron\u00e1utica Civil, el siniestro de un planeador Pipistrel Italia matr\u00edcula CC- DAI, destac\u00e1ndose que las causas del suceso son materia de investigaci\u00f3n y que aparentemente se deber\u00eda a alg\u00fan desperfecto mec\u00e1nico.<\/p>\n<p>Durante la jornada se identificaron los cuerpos de Jos\u00e9 Luis Aldunce Mora de 42 a\u00f1os de edad, exintegrante de la Fuerza A\u00e9rea de Chile e instructor de Escuela de Vuelo A\u00e9reo Innova, y el joven alumno <strong><em>Tom\u00e1s Jes\u00fas Guti\u00e9rrez Ram\u00edrez<\/em><\/strong>, de 19 a\u00f1os de edad.<\/p>\n<p>Alduce fue reconocido de mantener una vasta experiencia en vuelos de este tipo de naves pero lamentablemente no habr\u00eda podido evitar la ca\u00edda del aeroplano para capotar tras un desperfecto,\u00a0 origin\u00e1ndose el terrible accidente.<\/p>\n<p>Los restos mortales de Jos\u00e9 Luis Aldunce al cierre de nuestra edici\u00f3n no hab\u00edan sido entregados a sus familiares en San Felipe.<br \/>\n<strong>Pablo Salinas Sald\u00edas<\/strong><\/p>\n<p>&nbsp;<\/p>\n<figure id=\"attachment_96679\" aria-describedby=\"caption-attachment-96679\" style=\"width: 580px\" class=\"wp-caption alignnone\"><img data-recalc-dims=\"1\" loading=\"lazy\" decoding=\"async\" class=\"size-full wp-image-96679\" src=\"https:\/\/i0.wp.com\/www.eltrabajo.cl\/portal\/wp-content\/uploads\/2020\/01\/aereo-JOSE-LUIS-ALDUNCE.jpg?resize=580%2C598\" alt=\"Jos\u00e9 Luis Aldunce Mora, sanfelipe\u00f1o de 42 a\u00f1os de edad.\" width=\"580\" height=\"598\" srcset=\"https:\/\/i0.wp.com\/eltrabajo.cl\/portal\/wp-content\/uploads\/2020\/01\/aereo-JOSE-LUIS-ALDUNCE.jpg?w=580&amp;ssl=1 580w, https:\/\/i0.wp.com\/eltrabajo.cl\/portal\/wp-content\/uploads\/2020\/01\/aereo-JOSE-LUIS-ALDUNCE.jpg?resize=291%2C300&amp;ssl=1 291w, https:\/\/i0.wp.com\/eltrabajo.cl\/portal\/wp-content\/uploads\/2020\/01\/aereo-JOSE-LUIS-ALDUNCE.jpg?resize=145%2C150&amp;ssl=1 145w, https:\/\/i0.wp.com\/eltrabajo.cl\/portal\/wp-content\/uploads\/2020\/01\/aereo-JOSE-LUIS-ALDUNCE.jpg?resize=400%2C412&amp;ssl=1 400w\" sizes=\"auto, (max-width: 580px) 100vw, 580px\" \/><figcaption id=\"caption-attachment-96679\" class=\"wp-caption-text\">Jos\u00e9 Luis Aldunce Mora, sanfelipe\u00f1o de 42 a\u00f1os de edad.<\/figcaption><\/figure>\n<p>&nbsp;<\/p>\n<figure id=\"attachment_96681\" aria-describedby=\"caption-attachment-96681\" style=\"width: 580px\" class=\"wp-caption alignnone\"><img data-recalc-dims=\"1\" loading=\"lazy\" decoding=\"async\" class=\"size-full wp-image-96681\" src=\"https:\/\/i0.wp.com\/www.eltrabajo.cl\/portal\/wp-content\/uploads\/2020\/01\/aereo-TOMAS-JESUS.jpg?resize=580%2C360\" alt=\"Tom\u00e1s Jes\u00fas Guti\u00e9rrez Ram\u00edrez, alumno de 19 a\u00f1os de edad, falleci\u00f3 junto a su instructor.\" width=\"580\" height=\"360\" srcset=\"https:\/\/i0.wp.com\/eltrabajo.cl\/portal\/wp-content\/uploads\/2020\/01\/aereo-TOMAS-JESUS.jpg?w=580&amp;ssl=1 580w, https:\/\/i0.wp.com\/eltrabajo.cl\/portal\/wp-content\/uploads\/2020\/01\/aereo-TOMAS-JESUS.jpg?resize=300%2C186&amp;ssl=1 300w, https:\/\/i0.wp.com\/eltrabajo.cl\/portal\/wp-content\/uploads\/2020\/01\/aereo-TOMAS-JESUS.jpg?resize=200%2C124&amp;ssl=1 200w, https:\/\/i0.wp.com\/eltrabajo.cl\/portal\/wp-content\/uploads\/2020\/01\/aereo-TOMAS-JESUS.jpg?resize=242%2C150&amp;ssl=1 242w, https:\/\/i0.wp.com\/eltrabajo.cl\/portal\/wp-content\/uploads\/2020\/01\/aereo-TOMAS-JESUS.jpg?resize=400%2C248&amp;ssl=1 400w\" sizes=\"auto, (max-width: 580px) 100vw, 580px\" \/><figcaption id=\"caption-attachment-96681\" class=\"wp-caption-text\">Tom\u00e1s Jes\u00fas Guti\u00e9rrez Ram\u00edrez, alumno de 19 a\u00f1os de edad, falleci\u00f3 junto a su instructor.<\/figcaption><\/figure>\n<p>&nbsp;<\/p>\n<figure id=\"attachment_96678\" aria-describedby=\"caption-attachment-96678\" style=\"width: 580px\" class=\"wp-caption alignnone\"><img data-recalc-dims=\"1\" loading=\"lazy\" decoding=\"async\" class=\"size-full wp-image-96678\" src=\"https:\/\/i0.wp.com\/www.eltrabajo.cl\/portal\/wp-content\/uploads\/2020\/01\/aereo-ACCIDENTE-AEREO.jpg?resize=580%2C359\" alt=\"El lamentable accidente a\u00e9reo se registr\u00f3 cerca de las 09:20 horas del viernes en Colina.\" width=\"580\" height=\"359\" srcset=\"https:\/\/i0.wp.com\/eltrabajo.cl\/portal\/wp-content\/uploads\/2020\/01\/aereo-ACCIDENTE-AEREO.jpg?w=580&amp;ssl=1 580w, https:\/\/i0.wp.com\/eltrabajo.cl\/portal\/wp-content\/uploads\/2020\/01\/aereo-ACCIDENTE-AEREO.jpg?resize=300%2C186&amp;ssl=1 300w, https:\/\/i0.wp.com\/eltrabajo.cl\/portal\/wp-content\/uploads\/2020\/01\/aereo-ACCIDENTE-AEREO.jpg?resize=200%2C124&amp;ssl=1 200w, https:\/\/i0.wp.com\/eltrabajo.cl\/portal\/wp-content\/uploads\/2020\/01\/aereo-ACCIDENTE-AEREO.jpg?resize=242%2C150&amp;ssl=1 242w, https:\/\/i0.wp.com\/eltrabajo.cl\/portal\/wp-content\/uploads\/2020\/01\/aereo-ACCIDENTE-AEREO.jpg?resize=400%2C248&amp;ssl=1 400w\" sizes=\"auto, (max-width: 580px) 100vw, 580px\" \/><figcaption id=\"caption-attachment-96678\" class=\"wp-caption-text\">El lamentable accidente a\u00e9reo se registr\u00f3 cerca de las 09:20 horas del viernes en Colina.<\/figcaption><\/figure>\n","protected":false},"excerpt":{"rendered":"<p>Tras accidente a\u00e9reo la ma\u00f1ana de este viernes: Aldunce era exintegrante de la FACH y cumpl\u00eda funciones como instructor. Lamentablemente en una pr\u00e1ctica de vuelo junto a un joven de 19 a\u00f1os&#8230;<\/p>\n","protected":false},"author":482,"featured_media":96680,"comment_status":"open","ping_status":"open","sticky":false,"template":"","format":"standard","meta":{"advanced_seo_description":"","jetpack_seo_html_title":"","jetpack_seo_noindex":false,"_jetpack_memberships_contains_paid_content":false,"footnotes":""},"categories":[21],"tags":[],"class_list":["post-96677","post","type-post","status-publish","format-standard","has-post-thumbnail","hentry","category-policial"],"jetpack_featured_media_url":"https:\/\/i0.wp.com\/eltrabajo.cl\/portal\/wp-content\/uploads\/2020\/01\/aereo-JOSE-LUIS-ALDUNCE1.jpg?fit=580%2C360&ssl=1","jetpack_sharing_enabled":true,"jetpack_likes_enabled":true,"jetpack-related-posts":[],"_links":{"self":[{"href":"https:\/\/eltrabajo.cl\/portal\/wp-json\/wp\/v2\/posts\/96677","targetHints":{"allow":["GET"]}}],"collection":[{"href":"https:\/\/eltrabajo.cl\/portal\/wp-json\/wp\/v2\/posts"}],"about":[{"href":"https:\/\/eltrabajo.cl\/portal\/wp-json\/wp\/v2\/types\/post"}],"author":[{"embeddable":true,"href":"https:\/\/eltrabajo.cl\/portal\/wp-json\/wp\/v2\/users\/482"}],"replies":[{"embeddable":true,"href":"https:\/\/eltrabajo.cl\/portal\/wp-json\/wp\/v2\/comments?post=96677"}],"version-history":[{"count":0,"href":"https:\/\/eltrabajo.cl\/portal\/wp-json\/wp\/v2\/posts\/96677\/revisions"}],"wp:featuredmedia":[{"embeddable":true,"href":"https:\/\/eltrabajo.cl\/portal\/wp-json\/wp\/v2\/media\/96680"}],"wp:attachment":[{"href":"https:\/\/eltrabajo.cl\/portal\/wp-json\/wp\/v2\/media?parent=96677"}],"wp:term":[{"taxonomy":"category","embeddable":true,"href":"https:\/\/eltrabajo.cl\/portal\/wp-json\/wp\/v2\/categories?post=96677"},{"taxonomy":"post_tag","embeddable":true,"href":"https:\/\/eltrabajo.cl\/portal\/wp-json\/wp\/v2\/tags?post=96677"}],"curies":[{"name":"wp","href":"https:\/\/api.w.org\/{rel}","templated":true}]}}