{"id":96683,"date":"2020-01-20T05:05:24","date_gmt":"2020-01-20T08:05:24","guid":{"rendered":"http:\/\/www.eltrabajo.cl\/portal\/?p=96683"},"modified":"2020-01-19T21:32:25","modified_gmt":"2020-01-20T00:32:25","slug":"en-descomunal-rina-resulta-herido-de-gravedad-el-pate-lija-tras-ser-apunalado","status":"publish","type":"post","link":"https:\/\/eltrabajo.cl\/portal\/en-descomunal-rina-resulta-herido-de-gravedad-el-pate-lija-tras-ser-apunalado\/","title":{"rendered":"En descomunal ri\u00f1a resulta herido de gravedad el \u2018Pate Lija\u2019 tras ser apu\u00f1alado"},"content":{"rendered":"<p><span style=\"color: #ff0000;\"><strong>Presunto \u2018ajuste de cuentas\u2019 en Llay Llay:<\/strong><\/span><\/p>\n<ul>\n<li><strong>V\u00edctima es integrante del clan delictual familiar \u2018Los Pate Lija\u2019, quien habr\u00eda sido atacado por una turba de seis sujetos, quedando grave en el Hospital San Camilo de San Felipe con diagn\u00f3stico reservado.<\/strong><\/li>\n<\/ul>\n<p>En medio de un confuso incidente, un sujeto de 24 a\u00f1os de edad fue herido con arma blanca tras una descomunal ri\u00f1a ocurrida en Poblaci\u00f3n Chorrillos de Llay Llay, cerca de la medianoche de este viernes, presumi\u00e9ndose un \u2018ajuste de cuentas\u2019.<\/p>\n<p>Seg\u00fan inform\u00f3 Carabineros, un denunciante de 37 a\u00f1os de edad, hermano de la v\u00edctima, concurri\u00f3 hasta la Subcomisar\u00eda de Carabineros de Llay Llay, precisando que alrededor de seis sujetos habr\u00edan atacado a su hermano con un cuchillo, caus\u00e1ndole lesiones en su cuerpo, trasladando a la v\u00edctima en primera instancia hasta el Hospital San Francisco de esa comuna en estado grave.<\/p>\n<p>Los hechos habr\u00edan sucedido en Avenida Las Palmas esquina 21 de Mayo de Poblaci\u00f3n Chorrillos, sin conocerse mayores antecedentes de las motivaciones de este ataque.<\/p>\n<p>Un registro audiovisual que se viraliz\u00f3 por redes sociales dar\u00edan cuenta del momento en que los agresores habr\u00edan apu\u00f1alado al sujeto.<\/p>\n<p>Hasta el cierre de esta nota, Carabineros inform\u00f3 que la v\u00edctima mantiene un amplio prontuario delictual y es conocido por pertenecer al clan delictual familiar de \u2018Los Pate Lija\u2019, de iniciales <strong>G.F.V.P.<\/strong>, de 24 a\u00f1os de edad, quien fue derivado hasta el Servicio de Urgencias del Hospital San Camilo de San Felipe, con diagn\u00f3stico de car\u00e1cter reservado. En tanto, la Polic\u00eda uniformada no logr\u00f3 dar con el paradero de los agresores, informando de los acontecimientos a la Fiscal\u00eda de San Felipe.<br \/>\n<strong>Pablo Salinas Sald\u00edas<\/strong><\/p>\n<p>&nbsp;<\/p>\n<figure id=\"attachment_96684\" aria-describedby=\"caption-attachment-96684\" style=\"width: 580px\" class=\"wp-caption alignnone\"><img data-recalc-dims=\"1\" loading=\"lazy\" decoding=\"async\" class=\"size-full wp-image-96684\" src=\"https:\/\/i0.wp.com\/www.eltrabajo.cl\/portal\/wp-content\/uploads\/2020\/01\/Cuchillo2.jpg?resize=580%2C360\" alt=\"El registro audiovisual se divulg\u00f3 por redes sociales, dando cuenta de lo ocurrido la medianoche de este viernes en la comuna de Llay Llay.\" width=\"580\" height=\"360\" srcset=\"https:\/\/i0.wp.com\/eltrabajo.cl\/portal\/wp-content\/uploads\/2020\/01\/Cuchillo2.jpg?w=580&amp;ssl=1 580w, https:\/\/i0.wp.com\/eltrabajo.cl\/portal\/wp-content\/uploads\/2020\/01\/Cuchillo2.jpg?resize=300%2C186&amp;ssl=1 300w, https:\/\/i0.wp.com\/eltrabajo.cl\/portal\/wp-content\/uploads\/2020\/01\/Cuchillo2.jpg?resize=200%2C124&amp;ssl=1 200w, https:\/\/i0.wp.com\/eltrabajo.cl\/portal\/wp-content\/uploads\/2020\/01\/Cuchillo2.jpg?resize=242%2C150&amp;ssl=1 242w, https:\/\/i0.wp.com\/eltrabajo.cl\/portal\/wp-content\/uploads\/2020\/01\/Cuchillo2.jpg?resize=400%2C248&amp;ssl=1 400w\" sizes=\"auto, (max-width: 580px) 100vw, 580px\" \/><figcaption id=\"caption-attachment-96684\" class=\"wp-caption-text\">El registro audiovisual se divulg\u00f3 por redes sociales, dando cuenta de lo ocurrido la medianoche de este viernes en la comuna de Llay Llay.<\/figcaption><\/figure>\n","protected":false},"excerpt":{"rendered":"<p>Presunto \u2018ajuste de cuentas\u2019 en Llay Llay: V\u00edctima es integrante del clan delictual familiar \u2018Los Pate Lija\u2019, quien habr\u00eda sido atacado por una turba de seis sujetos, quedando grave en el Hospital&#8230;<\/p>\n","protected":false},"author":482,"featured_media":96684,"comment_status":"open","ping_status":"open","sticky":false,"template":"","format":"standard","meta":{"advanced_seo_description":"","jetpack_seo_html_title":"","jetpack_seo_noindex":false,"_jetpack_memberships_contains_paid_content":false,"footnotes":""},"categories":[21],"tags":[],"class_list":["post-96683","post","type-post","status-publish","format-standard","has-post-thumbnail","hentry","category-policial"],"jetpack_featured_media_url":"https:\/\/i0.wp.com\/eltrabajo.cl\/portal\/wp-content\/uploads\/2020\/01\/Cuchillo2.jpg?fit=580%2C360&ssl=1","jetpack_sharing_enabled":true,"jetpack_likes_enabled":true,"jetpack-related-posts":[],"_links":{"self":[{"href":"https:\/\/eltrabajo.cl\/portal\/wp-json\/wp\/v2\/posts\/96683","targetHints":{"allow":["GET"]}}],"collection":[{"href":"https:\/\/eltrabajo.cl\/portal\/wp-json\/wp\/v2\/posts"}],"about":[{"href":"https:\/\/eltrabajo.cl\/portal\/wp-json\/wp\/v2\/types\/post"}],"author":[{"embeddable":true,"href":"https:\/\/eltrabajo.cl\/portal\/wp-json\/wp\/v2\/users\/482"}],"replies":[{"embeddable":true,"href":"https:\/\/eltrabajo.cl\/portal\/wp-json\/wp\/v2\/comments?post=96683"}],"version-history":[{"count":0,"href":"https:\/\/eltrabajo.cl\/portal\/wp-json\/wp\/v2\/posts\/96683\/revisions"}],"wp:featuredmedia":[{"embeddable":true,"href":"https:\/\/eltrabajo.cl\/portal\/wp-json\/wp\/v2\/media\/96684"}],"wp:attachment":[{"href":"https:\/\/eltrabajo.cl\/portal\/wp-json\/wp\/v2\/media?parent=96683"}],"wp:term":[{"taxonomy":"category","embeddable":true,"href":"https:\/\/eltrabajo.cl\/portal\/wp-json\/wp\/v2\/categories?post=96683"},{"taxonomy":"post_tag","embeddable":true,"href":"https:\/\/eltrabajo.cl\/portal\/wp-json\/wp\/v2\/tags?post=96683"}],"curies":[{"name":"wp","href":"https:\/\/api.w.org\/{rel}","templated":true}]}}