{"id":96702,"date":"2020-01-21T05:04:52","date_gmt":"2020-01-21T08:04:52","guid":{"rendered":"http:\/\/www.eltrabajo.cl\/portal\/?p=96702"},"modified":"2020-01-21T02:49:06","modified_gmt":"2020-01-21T05:49:06","slug":"expectacion-por-vehiculo-que-se-incendio-al-interior-de-hospital-san-camilo","status":"publish","type":"post","link":"https:\/\/eltrabajo.cl\/portal\/expectacion-por-vehiculo-que-se-incendio-al-interior-de-hospital-san-camilo\/","title":{"rendered":"Expectaci\u00f3n por veh\u00edculo que se incendi\u00f3 al interior de Hospital San Camilo"},"content":{"rendered":"<p><span style=\"color: #ff0000;\"><strong>Origen se deber\u00eda a un aparente desperfecto el\u00e9ctrico:<\/strong><\/span><\/p>\n<ul>\n<li><strong>Bomberos logr\u00f3 sofocar las llamas, sin registrarse personas lesionadas debido al incidente ocurrido en los estacionamientos del centro hospitalario la tarde de ayer lunes.<\/strong><\/li>\n<\/ul>\n<p>Completamente quemado result\u00f3 un veh\u00edculo que se encontraba en el interior de los estacionamientos del Hospital San Camilo de San Felipe, debido a un aparente desperfecto el\u00e9ctrico, hecho registrado la tarde de ayer lunes y que debi\u00f3 ser controlado por Bomberos.<\/p>\n<p>El incidente caus\u00f3 bastante expectaci\u00f3n debido a que los propietarios del veh\u00edculo, acompa\u00f1ados de menores de edad, subieron al autom\u00f3vil y al momento de encenderlo, se habr\u00eda originado un intenso humo y en cuesti\u00f3n de segundos las llamas envolvieron por completo el veh\u00edculo.<\/p>\n<p>Seg\u00fan inform\u00f3 a <strong>Diario El Trabajo<\/strong>, el Tercer Comandante de Bomberos, <strong>Manuel Zavala Riffo<\/strong>, tras el llamado de emergencia concurrieron unidades de la Primera y Tercera compa\u00f1\u00edas de esta instituci\u00f3n para sofocar las llamas que emanaban desde el m\u00f3vil.<\/p>\n<p>\u201c<em>Cuando llegaron al lugar se encontraron con un veh\u00edculo tipo sedan, el cual se encontraba completo en llamas en el interior del Hospital San Camilo. Las causas son materia de investigaci\u00f3n, no hubieron personas lesionadas y el veh\u00edculo logr\u00f3 consumirse casi completamente al menos en un 90%. Cuando ellos (los afectados) se percataron que sal\u00eda humo, salieron del veh\u00edculo en forma normal, luego dieron aviso a los guardias y Carabineros adem\u00e1s de bomberos. Es posible que haya existido un desperfecto el\u00e9ctrico\u201d.<\/em><\/p>\n<p>A los pocos minutos Bomberos logr\u00f3 controlar el fuego sin que se registraran otros veh\u00edculos da\u00f1ados producto del fuego.<br \/>\n<strong>Pablo Salinas Sald\u00edas<\/strong><\/p>\n<p><strong>\u00a0<\/strong><\/p>\n<figure id=\"attachment_96705\" aria-describedby=\"caption-attachment-96705\" style=\"width: 580px\" class=\"wp-caption alignnone\"><img data-recalc-dims=\"1\" loading=\"lazy\" decoding=\"async\" class=\"size-full wp-image-96705\" src=\"https:\/\/i0.wp.com\/www.eltrabajo.cl\/portal\/wp-content\/uploads\/2020\/01\/portada-AUTO-FUEGO-3.jpg?resize=580%2C359\" alt=\"Bomberos logr\u00f3 sofocar las llamas que emanaban desde el veh\u00edculo.\" width=\"580\" height=\"359\" srcset=\"https:\/\/i0.wp.com\/eltrabajo.cl\/portal\/wp-content\/uploads\/2020\/01\/portada-AUTO-FUEGO-3.jpg?w=580&amp;ssl=1 580w, https:\/\/i0.wp.com\/eltrabajo.cl\/portal\/wp-content\/uploads\/2020\/01\/portada-AUTO-FUEGO-3.jpg?resize=300%2C186&amp;ssl=1 300w, https:\/\/i0.wp.com\/eltrabajo.cl\/portal\/wp-content\/uploads\/2020\/01\/portada-AUTO-FUEGO-3.jpg?resize=200%2C124&amp;ssl=1 200w, https:\/\/i0.wp.com\/eltrabajo.cl\/portal\/wp-content\/uploads\/2020\/01\/portada-AUTO-FUEGO-3.jpg?resize=242%2C150&amp;ssl=1 242w, https:\/\/i0.wp.com\/eltrabajo.cl\/portal\/wp-content\/uploads\/2020\/01\/portada-AUTO-FUEGO-3.jpg?resize=400%2C248&amp;ssl=1 400w\" sizes=\"auto, (max-width: 580px) 100vw, 580px\" \/><figcaption id=\"caption-attachment-96705\" class=\"wp-caption-text\">Bomberos logr\u00f3 sofocar las llamas que emanaban desde el veh\u00edculo.<\/figcaption><\/figure>\n<p>&nbsp;<\/p>\n<figure id=\"attachment_96703\" aria-describedby=\"caption-attachment-96703\" style=\"width: 580px\" class=\"wp-caption alignnone\"><img data-recalc-dims=\"1\" loading=\"lazy\" decoding=\"async\" class=\"size-full wp-image-96703\" src=\"https:\/\/i0.wp.com\/www.eltrabajo.cl\/portal\/wp-content\/uploads\/2020\/01\/AUTO-FUEGO-2.jpg?resize=580%2C359\" alt=\"Bomberos logr\u00f3 sofocar las llamas que emanaban desde el veh\u00edculo.\" width=\"580\" height=\"359\" srcset=\"https:\/\/i0.wp.com\/eltrabajo.cl\/portal\/wp-content\/uploads\/2020\/01\/AUTO-FUEGO-2.jpg?w=580&amp;ssl=1 580w, https:\/\/i0.wp.com\/eltrabajo.cl\/portal\/wp-content\/uploads\/2020\/01\/AUTO-FUEGO-2.jpg?resize=300%2C186&amp;ssl=1 300w, https:\/\/i0.wp.com\/eltrabajo.cl\/portal\/wp-content\/uploads\/2020\/01\/AUTO-FUEGO-2.jpg?resize=200%2C124&amp;ssl=1 200w, https:\/\/i0.wp.com\/eltrabajo.cl\/portal\/wp-content\/uploads\/2020\/01\/AUTO-FUEGO-2.jpg?resize=242%2C150&amp;ssl=1 242w, https:\/\/i0.wp.com\/eltrabajo.cl\/portal\/wp-content\/uploads\/2020\/01\/AUTO-FUEGO-2.jpg?resize=400%2C248&amp;ssl=1 400w\" sizes=\"auto, (max-width: 580px) 100vw, 580px\" \/><figcaption id=\"caption-attachment-96703\" class=\"wp-caption-text\">Bomberos logr\u00f3 sofocar las llamas que emanaban desde el veh\u00edculo.<\/figcaption><\/figure>\n<p>&nbsp;<\/p>\n<figure id=\"attachment_96704\" aria-describedby=\"caption-attachment-96704\" style=\"width: 580px\" class=\"wp-caption alignnone\"><img data-recalc-dims=\"1\" loading=\"lazy\" decoding=\"async\" class=\"size-full wp-image-96704\" src=\"https:\/\/i0.wp.com\/www.eltrabajo.cl\/portal\/wp-content\/uploads\/2020\/01\/AUTO-FUEGO.jpg?resize=580%2C598\" alt=\"El hecho se origin\u00f3 cerca de las 15:00 hora de ayer lunes en los estacionamientos del Hospital San Camilo de San Felipe.\" width=\"580\" height=\"598\" srcset=\"https:\/\/i0.wp.com\/eltrabajo.cl\/portal\/wp-content\/uploads\/2020\/01\/AUTO-FUEGO.jpg?w=580&amp;ssl=1 580w, https:\/\/i0.wp.com\/eltrabajo.cl\/portal\/wp-content\/uploads\/2020\/01\/AUTO-FUEGO.jpg?resize=291%2C300&amp;ssl=1 291w, https:\/\/i0.wp.com\/eltrabajo.cl\/portal\/wp-content\/uploads\/2020\/01\/AUTO-FUEGO.jpg?resize=145%2C150&amp;ssl=1 145w, https:\/\/i0.wp.com\/eltrabajo.cl\/portal\/wp-content\/uploads\/2020\/01\/AUTO-FUEGO.jpg?resize=400%2C412&amp;ssl=1 400w\" sizes=\"auto, (max-width: 580px) 100vw, 580px\" \/><figcaption id=\"caption-attachment-96704\" class=\"wp-caption-text\">El hecho se origin\u00f3 cerca de las 15:00 hora de ayer lunes en los estacionamientos del Hospital San Camilo de San Felipe.<\/figcaption><\/figure>\n","protected":false},"excerpt":{"rendered":"<p>Origen se deber\u00eda a un aparente desperfecto el\u00e9ctrico: Bomberos logr\u00f3 sofocar las llamas, sin registrarse personas lesionadas debido al incidente ocurrido en los estacionamientos del centro hospitalario la tarde de ayer lunes&#8230;.<\/p>\n","protected":false},"author":482,"featured_media":96700,"comment_status":"open","ping_status":"open","sticky":false,"template":"","format":"standard","meta":{"advanced_seo_description":"","jetpack_seo_html_title":"","jetpack_seo_noindex":false,"_jetpack_memberships_contains_paid_content":false,"footnotes":""},"categories":[21],"tags":[],"class_list":["post-96702","post","type-post","status-publish","format-standard","has-post-thumbnail","hentry","category-policial"],"jetpack_featured_media_url":"https:\/\/i0.wp.com\/eltrabajo.cl\/portal\/wp-content\/uploads\/2020\/01\/Adultos.jpg?fit=580%2C360&ssl=1","jetpack_sharing_enabled":true,"jetpack_likes_enabled":true,"jetpack-related-posts":[],"_links":{"self":[{"href":"https:\/\/eltrabajo.cl\/portal\/wp-json\/wp\/v2\/posts\/96702","targetHints":{"allow":["GET"]}}],"collection":[{"href":"https:\/\/eltrabajo.cl\/portal\/wp-json\/wp\/v2\/posts"}],"about":[{"href":"https:\/\/eltrabajo.cl\/portal\/wp-json\/wp\/v2\/types\/post"}],"author":[{"embeddable":true,"href":"https:\/\/eltrabajo.cl\/portal\/wp-json\/wp\/v2\/users\/482"}],"replies":[{"embeddable":true,"href":"https:\/\/eltrabajo.cl\/portal\/wp-json\/wp\/v2\/comments?post=96702"}],"version-history":[{"count":0,"href":"https:\/\/eltrabajo.cl\/portal\/wp-json\/wp\/v2\/posts\/96702\/revisions"}],"wp:featuredmedia":[{"embeddable":true,"href":"https:\/\/eltrabajo.cl\/portal\/wp-json\/wp\/v2\/media\/96700"}],"wp:attachment":[{"href":"https:\/\/eltrabajo.cl\/portal\/wp-json\/wp\/v2\/media?parent=96702"}],"wp:term":[{"taxonomy":"category","embeddable":true,"href":"https:\/\/eltrabajo.cl\/portal\/wp-json\/wp\/v2\/categories?post=96702"},{"taxonomy":"post_tag","embeddable":true,"href":"https:\/\/eltrabajo.cl\/portal\/wp-json\/wp\/v2\/tags?post=96702"}],"curies":[{"name":"wp","href":"https:\/\/api.w.org\/{rel}","templated":true}]}}