{"id":96715,"date":"2020-01-22T05:02:52","date_gmt":"2020-01-22T08:02:52","guid":{"rendered":"http:\/\/www.eltrabajo.cl\/portal\/?p=96715"},"modified":"2020-01-21T21:16:01","modified_gmt":"2020-01-22T00:16:01","slug":"joven-de-29-anos-es-hallado-sin-vida-colgado-de-un-poste-de-la-linea-ferrea","status":"publish","type":"post","link":"https:\/\/eltrabajo.cl\/portal\/joven-de-29-anos-es-hallado-sin-vida-colgado-de-un-poste-de-la-linea-ferrea\/","title":{"rendered":"Joven de 29 a\u00f1os es hallado sin vida colgado de un poste de la l\u00ednea f\u00e9rrea"},"content":{"rendered":"<p><span style=\"color: #ff0000;\"><strong>Frente a Colegio Alem\u00e1n de San Felipe:<\/strong><\/span><\/p>\n<ul>\n<li><strong>Carabineros efectu\u00f3 el hallazgo del occiso, residente de la poblaci\u00f3n Juli\u00e1n Gumiel de San Felipe.\u00a0 La Brigada de Homicidios de la PDI de Los Andes inici\u00f3 la investigaci\u00f3n del caso.<\/strong><\/li>\n<\/ul>\n<p>La madrugada de ayer martes, a eso de las 02:30 horas, Carabineros encontr\u00f3 el cuerpo sin vida de un joven identificado como <strong>Ricardo Antonio Y\u00e1\u00f1ez Salinas<\/strong>, de 29 a\u00f1os de edad, quien se habr\u00eda suicidado en un poste de la l\u00ednea f\u00e9rrea, frente al Colegio Alem\u00e1n de San Felipe.<\/p>\n<p>Carabineros inform\u00f3 que el occiso se habr\u00eda ahorcado en el poste n\u00famero 30-9 de la l\u00ednea f\u00e9rrea, esa misma madrugada, encontr\u00e1ndose a esas horas el cad\u00e1ver en ese lugar.<\/p>\n<p>El Fiscal de turno dispuso de las pericias de la Brigada de Homicidios de la Polic\u00eda de Investigaciones de Los Andes para la investigaci\u00f3n del caso, concurriendo adem\u00e1s el Servicio M\u00e9dico Legal para trasladar el cuerpo y realizar posteriormente la autopsia de rigor.<\/p>\n<p>Seg\u00fan se pudo conocer, Ricardo Y\u00e1\u00f1ez Salinas era residente de la poblaci\u00f3n Juli\u00e1n Gumiel de San Felipe, y las motivaciones de esta brutal determinaci\u00f3n est\u00e1n siendo investigadas por parte de la polic\u00eda civil.<\/p>\n<p><strong>Pablo Salinas Sald\u00edas<\/strong><\/p>\n<p><strong>\u00a0<\/strong><\/p>\n<figure id=\"attachment_96716\" aria-describedby=\"caption-attachment-96716\" style=\"width: 580px\" class=\"wp-caption alignnone\"><img data-recalc-dims=\"1\" loading=\"lazy\" decoding=\"async\" class=\"size-full wp-image-96716\" src=\"https:\/\/i0.wp.com\/www.eltrabajo.cl\/portal\/wp-content\/uploads\/2020\/01\/SUICIDIO-MARTES.jpg?resize=580%2C359\" alt=\"Personal del Servicio M\u00e9dico Legal concurri\u00f3 al sitio del suceso en las cercan\u00edas del Puente El Rey de San Felipe, para levantar el cuerpo sin vida del joven de 29 a\u00f1os de edad.\" width=\"580\" height=\"359\" srcset=\"https:\/\/i0.wp.com\/eltrabajo.cl\/portal\/wp-content\/uploads\/2020\/01\/SUICIDIO-MARTES.jpg?w=580&amp;ssl=1 580w, https:\/\/i0.wp.com\/eltrabajo.cl\/portal\/wp-content\/uploads\/2020\/01\/SUICIDIO-MARTES.jpg?resize=300%2C186&amp;ssl=1 300w, https:\/\/i0.wp.com\/eltrabajo.cl\/portal\/wp-content\/uploads\/2020\/01\/SUICIDIO-MARTES.jpg?resize=200%2C124&amp;ssl=1 200w, https:\/\/i0.wp.com\/eltrabajo.cl\/portal\/wp-content\/uploads\/2020\/01\/SUICIDIO-MARTES.jpg?resize=242%2C150&amp;ssl=1 242w, https:\/\/i0.wp.com\/eltrabajo.cl\/portal\/wp-content\/uploads\/2020\/01\/SUICIDIO-MARTES.jpg?resize=400%2C248&amp;ssl=1 400w\" sizes=\"auto, (max-width: 580px) 100vw, 580px\" \/><figcaption id=\"caption-attachment-96716\" class=\"wp-caption-text\">Personal del Servicio M\u00e9dico Legal concurri\u00f3 al sitio del suceso en las cercan\u00edas del Puente El Rey de San Felipe, para levantar el cuerpo sin vida del joven de 29 a\u00f1os de edad.<\/figcaption><\/figure>\n","protected":false},"excerpt":{"rendered":"<p>Frente a Colegio Alem\u00e1n de San Felipe: Carabineros efectu\u00f3 el hallazgo del occiso, residente de la poblaci\u00f3n Juli\u00e1n Gumiel de San Felipe.\u00a0 La Brigada de Homicidios de la PDI de Los Andes&#8230;<\/p>\n","protected":false},"author":482,"featured_media":96716,"comment_status":"open","ping_status":"open","sticky":false,"template":"","format":"standard","meta":{"advanced_seo_description":"","jetpack_seo_html_title":"","jetpack_seo_noindex":false,"_jetpack_memberships_contains_paid_content":false,"footnotes":""},"categories":[21],"tags":[],"class_list":["post-96715","post","type-post","status-publish","format-standard","has-post-thumbnail","hentry","category-policial"],"jetpack_featured_media_url":"https:\/\/i0.wp.com\/eltrabajo.cl\/portal\/wp-content\/uploads\/2020\/01\/SUICIDIO-MARTES.jpg?fit=580%2C359&ssl=1","jetpack_sharing_enabled":true,"jetpack_likes_enabled":true,"jetpack-related-posts":[],"_links":{"self":[{"href":"https:\/\/eltrabajo.cl\/portal\/wp-json\/wp\/v2\/posts\/96715","targetHints":{"allow":["GET"]}}],"collection":[{"href":"https:\/\/eltrabajo.cl\/portal\/wp-json\/wp\/v2\/posts"}],"about":[{"href":"https:\/\/eltrabajo.cl\/portal\/wp-json\/wp\/v2\/types\/post"}],"author":[{"embeddable":true,"href":"https:\/\/eltrabajo.cl\/portal\/wp-json\/wp\/v2\/users\/482"}],"replies":[{"embeddable":true,"href":"https:\/\/eltrabajo.cl\/portal\/wp-json\/wp\/v2\/comments?post=96715"}],"version-history":[{"count":0,"href":"https:\/\/eltrabajo.cl\/portal\/wp-json\/wp\/v2\/posts\/96715\/revisions"}],"wp:featuredmedia":[{"embeddable":true,"href":"https:\/\/eltrabajo.cl\/portal\/wp-json\/wp\/v2\/media\/96716"}],"wp:attachment":[{"href":"https:\/\/eltrabajo.cl\/portal\/wp-json\/wp\/v2\/media?parent=96715"}],"wp:term":[{"taxonomy":"category","embeddable":true,"href":"https:\/\/eltrabajo.cl\/portal\/wp-json\/wp\/v2\/categories?post=96715"},{"taxonomy":"post_tag","embeddable":true,"href":"https:\/\/eltrabajo.cl\/portal\/wp-json\/wp\/v2\/tags?post=96715"}],"curies":[{"name":"wp","href":"https:\/\/api.w.org\/{rel}","templated":true}]}}