{"id":96722,"date":"2020-01-22T05:04:12","date_gmt":"2020-01-22T08:04:12","guid":{"rendered":"http:\/\/www.eltrabajo.cl\/portal\/?p=96722"},"modified":"2020-01-21T21:21:17","modified_gmt":"2020-01-22T00:21:17","slug":"florencia-aguilera-suena-con-patinar-en-el-open-de-guayaquil-2020","status":"publish","type":"post","link":"https:\/\/eltrabajo.cl\/portal\/florencia-aguilera-suena-con-patinar-en-el-open-de-guayaquil-2020\/","title":{"rendered":"Florencia Aguilera sue\u00f1a con patinar en el Open de Guayaquil 2020"},"content":{"rendered":"<p><span style=\"color: #ff0000;\"><strong>A sus 13 a\u00f1os ya ha ganado varios campeonatos en nuestro pa\u00eds:<\/strong><\/span><\/p>\n<p>Mucho es lo que sabemos de clubes de patinaje en todo el Valle de Aconcagua pero en pocas oportunidades logramos conocer historias de patinadoras federadas que lleguen m\u00e1s all\u00e1 de la fantas\u00eda familiar, este es el caso de una patinadora sanfelipe\u00f1a que est\u00e1 dando mucho de qu\u00e9 hablar en el mundo del patinaje chileno.<\/p>\n<p>Se trata de la deportista federada <strong><em>Florencia Leonor Aguilera Donoso<\/em><\/strong>, de 13 a\u00f1os de edad, estudiante de 8\u00ba b\u00e1sico en el Sunnyland School, quien patina desde 2016 en el Precisi\u00f3n Center Club, categor\u00eda Estilo Libre. Ella compiti\u00f3 recientemente en varios torneos, lo que le gener\u00f3 varios trofeos, medallas y t\u00edtulos de campeona en su categor\u00eda.<\/p>\n<p>Entre las haza\u00f1as deportivas que esta jovencita ha logrado est\u00e1 el ser la Campeona Nacional de Patinaje Art\u00edstico Vi\u00f1a del Mar 2019; Campeona Nacional en la categor\u00eda Estilo libre, 2020; Campeona Nacional categor\u00eda Figura 2020. Florencia es hija \u00fanica de <em>Alexis Aguilera<\/em> y <em>Paula Donoso<\/em>, sue\u00f1a con ser agente de la PDI, y tambi\u00e9n con patinar en las grandes ligas.<\/p>\n<p>\u00ab<em>Cando patino siento que el p\u00fablico no existe, s\u00f3lo soy yo sintiendo el viento en mi rostro, as\u00ed logro obtener excelentes resultados, me he ca\u00eddo muchas veces, pero tambi\u00e9n hartas veces me levanto, mi sue\u00f1o deportivo es llegar a ganar alg\u00fan campeonato mundial de patinaje, en agosto pienso participar en un Open, mundial, espero estar all\u00e1 en Guayaquil<\/em>\u00bb, dijo la patinadora.<\/p>\n<p>Los empresarios o autoridades aconcag\u00fcinas que quieran apoyar a Florencia con patrocinio, pueden llamar al 956376409, con su pap\u00e1 Alexis Aguilera.<\/p>\n<p><strong>Roberto Gonz\u00e1lez Short<\/strong><\/p>\n<p>&nbsp;<\/p>\n<figure id=\"attachment_96723\" aria-describedby=\"caption-attachment-96723\" style=\"width: 580px\" class=\"wp-caption alignnone\"><img data-recalc-dims=\"1\" loading=\"lazy\" decoding=\"async\" class=\"size-full wp-image-96723\" src=\"https:\/\/i0.wp.com\/www.eltrabajo.cl\/portal\/wp-content\/uploads\/2020\/01\/Open_Florencia-Aguilera-Donoso_PAPAS.jpg?resize=580%2C358\" alt=\"MUY REGALONEADA.- Aqu\u00ed la vemos con sus padres Alexis Aguilera y Paula Donoso, recientemente en Vi\u00f1a del Mar.\" width=\"580\" height=\"358\" srcset=\"https:\/\/i0.wp.com\/eltrabajo.cl\/portal\/wp-content\/uploads\/2020\/01\/Open_Florencia-Aguilera-Donoso_PAPAS.jpg?w=580&amp;ssl=1 580w, https:\/\/i0.wp.com\/eltrabajo.cl\/portal\/wp-content\/uploads\/2020\/01\/Open_Florencia-Aguilera-Donoso_PAPAS.jpg?resize=300%2C185&amp;ssl=1 300w, https:\/\/i0.wp.com\/eltrabajo.cl\/portal\/wp-content\/uploads\/2020\/01\/Open_Florencia-Aguilera-Donoso_PAPAS.jpg?resize=200%2C123&amp;ssl=1 200w, https:\/\/i0.wp.com\/eltrabajo.cl\/portal\/wp-content\/uploads\/2020\/01\/Open_Florencia-Aguilera-Donoso_PAPAS.jpg?resize=243%2C150&amp;ssl=1 243w, https:\/\/i0.wp.com\/eltrabajo.cl\/portal\/wp-content\/uploads\/2020\/01\/Open_Florencia-Aguilera-Donoso_PAPAS.jpg?resize=400%2C247&amp;ssl=1 400w\" sizes=\"auto, (max-width: 580px) 100vw, 580px\" \/><figcaption id=\"caption-attachment-96723\" class=\"wp-caption-text\">MUY REGALONEADA.- Aqu\u00ed la vemos con sus padres Alexis Aguilera y Paula Donoso, recientemente en Vi\u00f1a del Mar.<\/figcaption><\/figure>\n<p>&nbsp;<\/p>\n<figure id=\"attachment_96724\" aria-describedby=\"caption-attachment-96724\" style=\"width: 579px\" class=\"wp-caption alignnone\"><img data-recalc-dims=\"1\" loading=\"lazy\" decoding=\"async\" class=\"size-full wp-image-96724\" src=\"https:\/\/i0.wp.com\/www.eltrabajo.cl\/portal\/wp-content\/uploads\/2020\/01\/Open_Florencia-Aguilera33.jpg?resize=579%2C600\" alt=\"NUESTRA CAMPEONA.- La joven deportista visit\u00f3 nuestra Sala de Redacci\u00f3n para mostrarnos sus dos medallas de oro.\" width=\"579\" height=\"600\" srcset=\"https:\/\/i0.wp.com\/eltrabajo.cl\/portal\/wp-content\/uploads\/2020\/01\/Open_Florencia-Aguilera33.jpg?w=579&amp;ssl=1 579w, https:\/\/i0.wp.com\/eltrabajo.cl\/portal\/wp-content\/uploads\/2020\/01\/Open_Florencia-Aguilera33.jpg?resize=290%2C300&amp;ssl=1 290w, https:\/\/i0.wp.com\/eltrabajo.cl\/portal\/wp-content\/uploads\/2020\/01\/Open_Florencia-Aguilera33.jpg?resize=145%2C150&amp;ssl=1 145w, https:\/\/i0.wp.com\/eltrabajo.cl\/portal\/wp-content\/uploads\/2020\/01\/Open_Florencia-Aguilera33.jpg?resize=400%2C415&amp;ssl=1 400w\" sizes=\"auto, (max-width: 579px) 100vw, 579px\" \/><figcaption id=\"caption-attachment-96724\" class=\"wp-caption-text\">NUESTRA CAMPEONA.- La joven deportista visit\u00f3 nuestra Sala de Redacci\u00f3n para mostrarnos sus dos medallas de oro.<\/figcaption><\/figure>\n<p>&nbsp;<\/p>\n<figure id=\"attachment_96725\" aria-describedby=\"caption-attachment-96725\" style=\"width: 579px\" class=\"wp-caption alignnone\"><img data-recalc-dims=\"1\" loading=\"lazy\" decoding=\"async\" class=\"size-full wp-image-96725\" src=\"https:\/\/i0.wp.com\/www.eltrabajo.cl\/portal\/wp-content\/uploads\/2020\/01\/Open-Florencia1.jpg?resize=579%2C756\" alt=\"GRANDE FLORENCIA.- Intr\u00e9pida patinadora sanfelipe\u00f1a sue\u00f1a con volar hasta Guayaquil Ecuador, y regresar con medalla.\" width=\"579\" height=\"756\" srcset=\"https:\/\/i0.wp.com\/eltrabajo.cl\/portal\/wp-content\/uploads\/2020\/01\/Open-Florencia1.jpg?w=579&amp;ssl=1 579w, https:\/\/i0.wp.com\/eltrabajo.cl\/portal\/wp-content\/uploads\/2020\/01\/Open-Florencia1.jpg?resize=230%2C300&amp;ssl=1 230w, https:\/\/i0.wp.com\/eltrabajo.cl\/portal\/wp-content\/uploads\/2020\/01\/Open-Florencia1.jpg?resize=115%2C150&amp;ssl=1 115w, https:\/\/i0.wp.com\/eltrabajo.cl\/portal\/wp-content\/uploads\/2020\/01\/Open-Florencia1.jpg?resize=400%2C522&amp;ssl=1 400w\" sizes=\"auto, (max-width: 579px) 100vw, 579px\" \/><figcaption id=\"caption-attachment-96725\" class=\"wp-caption-text\">GRANDE FLORENCIA.- Intr\u00e9pida patinadora sanfelipe\u00f1a sue\u00f1a con volar hasta Guayaquil Ecuador, y regresar con medalla.<\/figcaption><\/figure>\n","protected":false},"excerpt":{"rendered":"<p>A sus 13 a\u00f1os ya ha ganado varios campeonatos en nuestro pa\u00eds: Mucho es lo que sabemos de clubes de patinaje en todo el Valle de Aconcagua pero en pocas oportunidades logramos&#8230;<\/p>\n","protected":false},"author":482,"featured_media":96723,"comment_status":"open","ping_status":"open","sticky":false,"template":"","format":"standard","meta":{"advanced_seo_description":"","jetpack_seo_html_title":"","jetpack_seo_noindex":false,"_jetpack_memberships_contains_paid_content":false,"footnotes":""},"categories":[15],"tags":[],"class_list":["post-96722","post","type-post","status-publish","format-standard","has-post-thumbnail","hentry","category-comunidad"],"jetpack_featured_media_url":"https:\/\/i0.wp.com\/eltrabajo.cl\/portal\/wp-content\/uploads\/2020\/01\/Open_Florencia-Aguilera-Donoso_PAPAS.jpg?fit=580%2C358&ssl=1","jetpack_sharing_enabled":true,"jetpack_likes_enabled":true,"jetpack-related-posts":[],"_links":{"self":[{"href":"https:\/\/eltrabajo.cl\/portal\/wp-json\/wp\/v2\/posts\/96722","targetHints":{"allow":["GET"]}}],"collection":[{"href":"https:\/\/eltrabajo.cl\/portal\/wp-json\/wp\/v2\/posts"}],"about":[{"href":"https:\/\/eltrabajo.cl\/portal\/wp-json\/wp\/v2\/types\/post"}],"author":[{"embeddable":true,"href":"https:\/\/eltrabajo.cl\/portal\/wp-json\/wp\/v2\/users\/482"}],"replies":[{"embeddable":true,"href":"https:\/\/eltrabajo.cl\/portal\/wp-json\/wp\/v2\/comments?post=96722"}],"version-history":[{"count":0,"href":"https:\/\/eltrabajo.cl\/portal\/wp-json\/wp\/v2\/posts\/96722\/revisions"}],"wp:featuredmedia":[{"embeddable":true,"href":"https:\/\/eltrabajo.cl\/portal\/wp-json\/wp\/v2\/media\/96723"}],"wp:attachment":[{"href":"https:\/\/eltrabajo.cl\/portal\/wp-json\/wp\/v2\/media?parent=96722"}],"wp:term":[{"taxonomy":"category","embeddable":true,"href":"https:\/\/eltrabajo.cl\/portal\/wp-json\/wp\/v2\/categories?post=96722"},{"taxonomy":"post_tag","embeddable":true,"href":"https:\/\/eltrabajo.cl\/portal\/wp-json\/wp\/v2\/tags?post=96722"}],"curies":[{"name":"wp","href":"https:\/\/api.w.org\/{rel}","templated":true}]}}