{"id":96727,"date":"2020-01-22T05:05:22","date_gmt":"2020-01-22T08:05:22","guid":{"rendered":"http:\/\/www.eltrabajo.cl\/portal\/?p=96727"},"modified":"2020-01-21T21:24:51","modified_gmt":"2020-01-22T00:24:51","slug":"mama-de-leito-irarrazabal-agradece-al-municipio-por-silla-de-ultima-generacion","status":"publish","type":"post","link":"https:\/\/eltrabajo.cl\/portal\/mama-de-leito-irarrazabal-agradece-al-municipio-por-silla-de-ultima-generacion\/","title":{"rendered":"Mam\u00e1 de \u2018Le\u00edto\u2019 Irarr\u00e1zabal agradece al municipio por silla de \u00faltima generaci\u00f3n"},"content":{"rendered":"<p><span style=\"color: #ff0000;\"><strong>Menor consume &#8216;Medicamento m\u00e1s caro de Chile&#8217;:<\/strong><\/span><\/p>\n<p>Nuestros lectores recordar\u00e1n el caso de <strong>Leo Irarr\u00e1zabal<\/strong>, un adolescente que padece de una enfermedad atrofia muscular espinal tipo 2, cuyo tratamiento es car\u00edsimo porque requiere el medicamento m\u00e1s caro de Chile, denominado Spinraza. Pues bien, ya lleva varias dosis aplicadas. No obst6ante, en esta ocasi\u00f3n, su madre <strong>Alejandra Prado<\/strong> quiso hacer p\u00fablico su agradecimiento hac\u00eda la municipalidad de San Felipe encabezada por el alcalde <strong>Patricio Freire Canto<\/strong>, por la r\u00e1pida gesti\u00f3n hecha para poder conseguir una silla de ruedas de \u00faltima generaci\u00f3n apropiada para su hijo, luego que la entregada por las autoridades ten\u00eda detalles que no le permit\u00edan al menor descansar c\u00f3modamente, como era el tema de apoyo de piernas.<\/p>\n<p>En conversaci\u00f3n con nuestro medio, Alejandra dijo que principalmente le daba las gracias a la municipalidad de San Felipe representada por el alcalde Patricio Freire, y todo su equipo colaborador, en esto incluye al administrador municipal, <strong>Patricio Gonz\u00e1lez<\/strong>; al director de Desarrollo Comunitario, <strong>Pablo Silva<\/strong>; y a la asistente social, <strong>Mar\u00eda Alejandra Campos<\/strong>.<\/p>\n<p>\u201c<em>La verdad es que en primera instancia me lleg\u00f3 la silla, pero le faltaban algunos detalles, porque la verdad que no pod\u00eda estar sin apoyo piernas, entonces aparte de ser un beneficio realmente que le iba ayudar en su desplazamiento y todo, no se pod\u00eda desaprovechar y habl\u00e9 directamente con don Patricio Gonz\u00e1lez que es el administrador, le plante\u00e9 el asunto de c\u00f3mo \u00edbamos a perder esa silla que es tan valiosa, y la idea es que sea una que le dure por bastante tiempo; me dijo: \u2018deja conversarlo con el alcalde y lo resolvemos\u2019. No se demoraron nada, tuvieron mucha disposici\u00f3n, lo hizo inmediatamente, conf\u00edo plenamente en toda su administraci\u00f3n de alcald\u00eda en este caso porque ha manejado todo a la perfecci\u00f3n, lo ha hecho con muy buena disposici\u00f3n para nosotros y la verdad que estoy completamente agradecida porque nunca pusieron ning\u00fan problema. Ahora el Le\u00edto est\u00e1 disfrutando de esta silla que le provoca completamente autonom\u00eda, es una silla\u2026 mejor que un auto en realidad porque se inclina, le evita los dolores, los malestares que tiene en su columna porque no tiene apoyo, entonces \u00e9l necesita tener distintas posturas para poder maniobrarse y poder descansar su espalda y las piernas, no tener puntos de presi\u00f3n. Esta silla vino a favorecer completamente el desempe\u00f1o de mi hijo, su autonom\u00eda, est\u00e1 mucho m\u00e1s feliz, est\u00e1 agradecido como familia, no s\u00e9 qu\u00e9 palabras poder decir porque realmente es un equipo maravilloso y estoy muy contento por eso y les doy las gracias enormemente a mi alcalde don Patricio Freire y a los colaboradores que hicieron posible este beneficio para nosotros\u201d,<\/em> dijo la madre.<\/p>\n<p>En tanto \u2018Le\u00edto\u2019 dijo sentirse bien y feliz por tener esta silla tan especial.<\/p>\n<p>&#8211; <strong>\u00bfCu\u00e9ntanos en qu\u00e9 consiste esta silla?, porque eres t\u00fa \u00e9l que la usa definitivamente.<\/strong><\/p>\n<p>&#8211; Esta silla me ayuda a no tener puntos de presi\u00f3n, poder movilizarme solo, ser m\u00e1s independiente en mi vida en el d\u00eda a d\u00eda, me siento much\u00edsimo m\u00e1s c\u00f3modo.<\/p>\n<p>&#8211; <strong>\u00bfEn un momento puedes salir a la calle por ejemplo?<\/strong><\/p>\n<p>&#8211; S\u00ed, yo he salido a la calle acompa\u00f1ado de mis padres.<\/p>\n<p>&#8211; <strong>\u00bfC\u00f3mo ha sido la experiencia, no has tenido ning\u00fan problema?<\/strong><\/p>\n<p>&#8211; No.<\/p>\n<p>&#8211; <strong>\u00bfPuedes dormir en esta silla tambi\u00e9n?<\/strong><\/p>\n<p>&#8211; S\u00ed, porque uno se acuesta igual como en la cama, entonces es c\u00f3moda para dormir, uno descansa igual y se puede dormir.<\/p>\n<p>&#8211; <strong>\u00bfTe sientes bien con esta silla?<\/strong><\/p>\n<p>&#8211; S\u00ed, me siento bien con esta silla\u2026 muy bien.<\/p>\n<p>En tanto el padre, el destacado m\u00fasico <strong>Leo Irarr\u00e1zabal<\/strong>, coment\u00f3 que se siente feliz con todo lo que ha sucedido con su familia; <em>\u201cmuy apoyado por el municipio, por ustedes mismos en este medio, me siento muy de la ciudad, muy acogido, feliz porque estos son elementos a los cuales uno como persona particular no puede acceder, porque cuesta casi lo mismo que un auto\u2026 m\u00e1s que un auto, entonces para personas que trabajamos normalmente como cualquier persona, es dif\u00edcil acceder, entonces\u2026 muy agradecido, nada m\u00e1s\u201d,<\/em> se\u00f1al\u00f3.<\/p>\n<p>El medicamente Espinraza frena el avance de la enfermedad.<\/p>\n<p>&nbsp;<\/p>\n<figure id=\"attachment_96730\" aria-describedby=\"caption-attachment-96730\" style=\"width: 580px\" class=\"wp-caption alignnone\"><img data-recalc-dims=\"1\" loading=\"lazy\" decoding=\"async\" class=\"size-full wp-image-96730\" src=\"https:\/\/i0.wp.com\/www.eltrabajo.cl\/portal\/wp-content\/uploads\/2020\/01\/Leo-Irarrazabal.jpg?resize=580%2C360\" alt=\"Ac\u00e1 vemos a \u2018Le\u00edto\u2019 estirado completamente sobre la silla de ruedas.\" width=\"580\" height=\"360\" srcset=\"https:\/\/i0.wp.com\/eltrabajo.cl\/portal\/wp-content\/uploads\/2020\/01\/Leo-Irarrazabal.jpg?w=580&amp;ssl=1 580w, https:\/\/i0.wp.com\/eltrabajo.cl\/portal\/wp-content\/uploads\/2020\/01\/Leo-Irarrazabal.jpg?resize=300%2C186&amp;ssl=1 300w, https:\/\/i0.wp.com\/eltrabajo.cl\/portal\/wp-content\/uploads\/2020\/01\/Leo-Irarrazabal.jpg?resize=200%2C124&amp;ssl=1 200w, https:\/\/i0.wp.com\/eltrabajo.cl\/portal\/wp-content\/uploads\/2020\/01\/Leo-Irarrazabal.jpg?resize=242%2C150&amp;ssl=1 242w, https:\/\/i0.wp.com\/eltrabajo.cl\/portal\/wp-content\/uploads\/2020\/01\/Leo-Irarrazabal.jpg?resize=400%2C248&amp;ssl=1 400w\" sizes=\"auto, (max-width: 580px) 100vw, 580px\" \/><figcaption id=\"caption-attachment-96730\" class=\"wp-caption-text\">Ac\u00e1 vemos a \u2018Le\u00edto\u2019 estirado completamente sobre la silla de ruedas.<\/figcaption><\/figure>\n<p>&nbsp;<\/p>\n<figure id=\"attachment_96728\" aria-describedby=\"caption-attachment-96728\" style=\"width: 579px\" class=\"wp-caption alignnone\"><img data-recalc-dims=\"1\" loading=\"lazy\" decoding=\"async\" class=\"size-full wp-image-96728\" src=\"https:\/\/i0.wp.com\/www.eltrabajo.cl\/portal\/wp-content\/uploads\/2020\/01\/Leo-Irarrazabal-2.jpg?resize=579%2C600\" alt=\"Los padres de Le\u00edto, Alejandra y Leo, felices junto a su hijo en la silla de ruedas.\" width=\"579\" height=\"600\" srcset=\"https:\/\/i0.wp.com\/eltrabajo.cl\/portal\/wp-content\/uploads\/2020\/01\/Leo-Irarrazabal-2.jpg?w=579&amp;ssl=1 579w, https:\/\/i0.wp.com\/eltrabajo.cl\/portal\/wp-content\/uploads\/2020\/01\/Leo-Irarrazabal-2.jpg?resize=290%2C300&amp;ssl=1 290w, https:\/\/i0.wp.com\/eltrabajo.cl\/portal\/wp-content\/uploads\/2020\/01\/Leo-Irarrazabal-2.jpg?resize=145%2C150&amp;ssl=1 145w, https:\/\/i0.wp.com\/eltrabajo.cl\/portal\/wp-content\/uploads\/2020\/01\/Leo-Irarrazabal-2.jpg?resize=400%2C415&amp;ssl=1 400w\" sizes=\"auto, (max-width: 579px) 100vw, 579px\" \/><figcaption id=\"caption-attachment-96728\" class=\"wp-caption-text\">Los padres de Le\u00edto, Alejandra y Leo, felices junto a su hijo en la silla de ruedas.<\/figcaption><\/figure>\n<p>&nbsp;<\/p>\n<figure id=\"attachment_96729\" aria-describedby=\"caption-attachment-96729\" style=\"width: 578px\" class=\"wp-caption alignnone\"><img data-recalc-dims=\"1\" loading=\"lazy\" decoding=\"async\" class=\"size-full wp-image-96729\" src=\"https:\/\/i0.wp.com\/www.eltrabajo.cl\/portal\/wp-content\/uploads\/2020\/01\/Leo-Irarrazabal-3.jpg?resize=578%2C267\" alt=\"La camioneta municipal llegando con la silla de ruedas de \u00faltima generaci\u00f3n hasta la casa de la familia sanfelipe\u00f1a.\" width=\"578\" height=\"267\" srcset=\"https:\/\/i0.wp.com\/eltrabajo.cl\/portal\/wp-content\/uploads\/2020\/01\/Leo-Irarrazabal-3.jpg?w=578&amp;ssl=1 578w, https:\/\/i0.wp.com\/eltrabajo.cl\/portal\/wp-content\/uploads\/2020\/01\/Leo-Irarrazabal-3.jpg?resize=300%2C139&amp;ssl=1 300w, https:\/\/i0.wp.com\/eltrabajo.cl\/portal\/wp-content\/uploads\/2020\/01\/Leo-Irarrazabal-3.jpg?resize=200%2C92&amp;ssl=1 200w, https:\/\/i0.wp.com\/eltrabajo.cl\/portal\/wp-content\/uploads\/2020\/01\/Leo-Irarrazabal-3.jpg?resize=400%2C185&amp;ssl=1 400w\" sizes=\"auto, (max-width: 578px) 100vw, 578px\" \/><figcaption id=\"caption-attachment-96729\" class=\"wp-caption-text\">La camioneta municipal llegando con la silla de ruedas de \u00faltima generaci\u00f3n hasta la casa de la familia sanfelipe\u00f1a.<\/figcaption><\/figure>\n","protected":false},"excerpt":{"rendered":"<p>Menor consume &#8216;Medicamento m\u00e1s caro de Chile&#8217;: Nuestros lectores recordar\u00e1n el caso de Leo Irarr\u00e1zabal, un adolescente que padece de una enfermedad atrofia muscular espinal tipo 2, cuyo tratamiento es car\u00edsimo porque&#8230;<\/p>\n","protected":false},"author":482,"featured_media":96730,"comment_status":"open","ping_status":"open","sticky":false,"template":"","format":"standard","meta":{"advanced_seo_description":"","jetpack_seo_html_title":"","jetpack_seo_noindex":false,"_jetpack_memberships_contains_paid_content":false,"footnotes":""},"categories":[15],"tags":[],"class_list":["post-96727","post","type-post","status-publish","format-standard","has-post-thumbnail","hentry","category-comunidad"],"jetpack_featured_media_url":"https:\/\/i0.wp.com\/eltrabajo.cl\/portal\/wp-content\/uploads\/2020\/01\/Leo-Irarrazabal.jpg?fit=580%2C360&ssl=1","jetpack_sharing_enabled":true,"jetpack_likes_enabled":true,"jetpack-related-posts":[],"_links":{"self":[{"href":"https:\/\/eltrabajo.cl\/portal\/wp-json\/wp\/v2\/posts\/96727","targetHints":{"allow":["GET"]}}],"collection":[{"href":"https:\/\/eltrabajo.cl\/portal\/wp-json\/wp\/v2\/posts"}],"about":[{"href":"https:\/\/eltrabajo.cl\/portal\/wp-json\/wp\/v2\/types\/post"}],"author":[{"embeddable":true,"href":"https:\/\/eltrabajo.cl\/portal\/wp-json\/wp\/v2\/users\/482"}],"replies":[{"embeddable":true,"href":"https:\/\/eltrabajo.cl\/portal\/wp-json\/wp\/v2\/comments?post=96727"}],"version-history":[{"count":0,"href":"https:\/\/eltrabajo.cl\/portal\/wp-json\/wp\/v2\/posts\/96727\/revisions"}],"wp:featuredmedia":[{"embeddable":true,"href":"https:\/\/eltrabajo.cl\/portal\/wp-json\/wp\/v2\/media\/96730"}],"wp:attachment":[{"href":"https:\/\/eltrabajo.cl\/portal\/wp-json\/wp\/v2\/media?parent=96727"}],"wp:term":[{"taxonomy":"category","embeddable":true,"href":"https:\/\/eltrabajo.cl\/portal\/wp-json\/wp\/v2\/categories?post=96727"},{"taxonomy":"post_tag","embeddable":true,"href":"https:\/\/eltrabajo.cl\/portal\/wp-json\/wp\/v2\/tags?post=96727"}],"curies":[{"name":"wp","href":"https:\/\/api.w.org\/{rel}","templated":true}]}}