{"id":96732,"date":"2020-01-22T05:06:56","date_gmt":"2020-01-22T08:06:56","guid":{"rendered":"http:\/\/www.eltrabajo.cl\/portal\/?p=96732"},"modified":"2020-01-21T21:28:02","modified_gmt":"2020-01-22T00:28:02","slug":"santiago-poblete-ya-puede-caminar-gracias-a-protesis-entregadas-por-la-teleton","status":"publish","type":"post","link":"https:\/\/eltrabajo.cl\/portal\/santiago-poblete-ya-puede-caminar-gracias-a-protesis-entregadas-por-la-teleton\/","title":{"rendered":"Santiago Poblete ya puede caminar gracias a pr\u00f3tesis entregadas por la Telet\u00f3n"},"content":{"rendered":"<p><span style=\"color: #ff0000;\"><strong>Ahora su sue\u00f1o es ser atleta y participar en Paraol\u00edmpicos:<\/strong><\/span><\/p>\n<ul>\n<li><strong>El joven de 19 a\u00f1os es un todo un guerrero y prometi\u00f3 que en enero de este a\u00f1o conseguir\u00eda ponerse de pie.\u00a0 Esta promesa ya es una realidad gracias a las intensivas terapias brindadas en la Fundaci\u00f3n Telet\u00f3n, tras sufrir la amputaci\u00f3n de sus piernas.<\/strong><\/li>\n<\/ul>\n<p>Lo anunci\u00f3 y lo cumpli\u00f3, finalmente el joven de 19 a\u00f1os de edad, <strong>Santiago Poblete Arredondo<\/strong>, puede caminar gracias a las pr\u00f3tesis entregadas por la Fundaci\u00f3n Telet\u00f3n, logrando ponerse de pie y dar sus primeros pasos acompa\u00f1ado de su familia.<\/p>\n<p>Santiago es un ejemplo de lucha y perseverancia en salir adelante frente a las adversidades de la vida, luego de haber sido atropellado por un automovilista en la comuna de Catemu en marzo del a\u00f1o pasado, debi\u00e9ndole amputar sus dos piernas.<\/p>\n<p>El joven, quien ya ve cumplido este sue\u00f1o de volver a caminar, anhela a corto plazo convertirse en atleta y para ello necesitar\u00eda de la ayuda de costosas pr\u00f3stesis dise\u00f1adas para realizar deportes. No obstante a trav\u00e9s de esta entrevista concedida a <strong>Diario El Trabajo<\/strong>, agradece desde lo m\u00e1s profundo de su coraz\u00f3n, toda la ayuda recibida por la Telet\u00f3n.<\/p>\n<p>&#8211; <strong>\u00bfRecibi\u00f3 una nueva pr\u00f3tesis?<\/strong><\/p>\n<p>&#8211; S\u00ed, me pasaron la pr\u00f3tesis derecha, ya que iban solamente a probarme el molde y al final cuando llegu\u00e9 ten\u00edan la pr\u00f3tesis hecha y decidieron probarla al tiro; sent\u00ed un poco de dolor al principio, fue dif\u00edcil igual porque me dol\u00eda. Me voy a hacer kinesiolog\u00eda para que me fuera acostumbrando, as\u00ed que llegu\u00e9 a mi casa desde la Telet\u00f3n y me prob\u00e9 la pr\u00f3tesis al tiro y me puse a caminar, solamente me par\u00e9 y sal\u00ed caminando afirmado de estos carritos que les llaman \u2018burrito\u2019, anduve harto, pero igual me cans\u00e9 porque igual me dol\u00edan las piernas, pero es cosa de costumbre.<\/p>\n<p>&#8211; <strong>\u00bfContento por este gran avance que ha logrado?<\/strong><\/p>\n<p>&#8211; S\u00ed, contento porque tengo que aprender a equilibrarme y dejar de a poco las muletas y el \u2018burrito\u2019.\u00a0 Tengo que acostumbrarme a las pr\u00f3tesis en caso que me tropiece o algo y tener todas esas precauciones, y saber en caso de emergencia, si me tropiezo, c\u00f3mo colocar las piernas, todo es algo nuevo.<\/p>\n<p>&#8211; <strong>\u00bfLas pr\u00f3tesis son transitorias o definitivas?<\/strong><\/p>\n<p>&#8211; No, son pr\u00f3tesis que se pueden usar toda la vida con mantenciones, pero hay otras pr\u00f3tesis que sin desmerecer las de la Telet\u00f3n, que me ha ayudado harto, me puso de pie y todo, pero hay otras pr\u00f3tesis que son para correr y trotar que tienen mayor tecnolog\u00eda.\u00a0 Las de la Telet\u00f3n son m\u00e1s simples porque tienen que ayudar a muchos ni\u00f1os.<\/p>\n<p>&#8211; <strong>\u00bfNecesitar\u00eda pr\u00f3tesis adaptadas para cumplir su sue\u00f1o de ser atleta?<\/strong><\/p>\n<p>&#8211; S\u00ed, obviamente voy a tener las pr\u00f3tesis de la Telet\u00f3n y si quiero correr y ser atleta me las pasan para irme cambiando, porque las pr\u00f3tesis que son para correr no puedo andar en la calle caminando, porque son distintas a las que usan para caminar.<\/p>\n<p>&#8211; <strong>\u00bfEse tipo de pr\u00f3tesis tienen un alto costo?<\/strong><\/p>\n<p>&#8211; S\u00ed, muy alto, que est\u00e1 dif\u00edcil la situaci\u00f3n, pero no imposible. Ah\u00ed est\u00e1 mi sue\u00f1o para poder correr, porque las de la Telet\u00f3n son solamente para caminar y necesitar\u00eda pr\u00f3tesis para poder trotar y correr, pero son muy demasiado caras.<\/p>\n<p>&#8211; <strong>\u00bfLe gustar\u00eda participar en los Paraol\u00edmpicos?<\/strong><\/p>\n<p>&#8211; Voy a tener una reuni\u00f3n con el Jefe de los Paraol\u00edmpicos y me van a revisar los mu\u00f1ones para ver si est\u00e1n bien para trotar y correr, no tendr\u00eda que esperar tanto tiempo, s\u00f3lo que los medios est\u00e9n aptos para las pr\u00f3tesis.<\/p>\n<p>&#8211; <strong>\u00bfNecesitar\u00eda un auspiciador?<\/strong><\/p>\n<p>&#8211; Conoc\u00ed a un amigo que hace deporte y lo auspici\u00f3 una marca que lo ha ayudado con sus pr\u00f3tesis. Sinceramente no s\u00e9 c\u00f3mo es el tema de los Paraol\u00edmpicos, si es que nos ayudan con las pr\u00f3tesis, porque todo esto es nuevo para m\u00ed, pero voy a tener una reuni\u00f3n con el Jefe de los Paraol\u00edmpicos. As\u00ed podr\u00eda representar una marca, pero tengo que esperar si me llaman o me dicen algo. Aqu\u00ed en Chile hay un especialista en pr\u00f3tesis, reconocido a nivel mundial, que tiene la tecnolog\u00eda. Con esas pr\u00f3tesis puedo hasta jugar a la pelota.<\/p>\n<p>&#8211; <strong>\u00bfAlg\u00fan mensaje para finalizar?<\/strong><\/p>\n<p>&#8211; Bueno agradecer a toda mi familia, mis amigos y amigas y mil gracias a la Telet\u00f3n por ayudarme a ponerme de pie y darme todo para poder caminar.<\/p>\n<p><strong>Pablo Salinas Sald\u00edas<\/strong><\/p>\n<p><strong>\u00a0<\/strong><\/p>\n<figure id=\"attachment_96735\" aria-describedby=\"caption-attachment-96735\" style=\"width: 580px\" class=\"wp-caption alignnone\"><img data-recalc-dims=\"1\" loading=\"lazy\" decoding=\"async\" class=\"size-full wp-image-96735\" src=\"https:\/\/i0.wp.com\/www.eltrabajo.cl\/portal\/wp-content\/uploads\/2020\/01\/SANTIAGO11.jpg?resize=580%2C600\" alt=\"Santiago Poblete Arredondo se pudo poner de pie gracias a las intensivas terapias recibidas de la Fundaci\u00f3n Telet\u00f3n en la Regi\u00f3n Metropolitana.\" width=\"580\" height=\"600\" srcset=\"https:\/\/i0.wp.com\/eltrabajo.cl\/portal\/wp-content\/uploads\/2020\/01\/SANTIAGO11.jpg?w=580&amp;ssl=1 580w, https:\/\/i0.wp.com\/eltrabajo.cl\/portal\/wp-content\/uploads\/2020\/01\/SANTIAGO11.jpg?resize=290%2C300&amp;ssl=1 290w, https:\/\/i0.wp.com\/eltrabajo.cl\/portal\/wp-content\/uploads\/2020\/01\/SANTIAGO11.jpg?resize=145%2C150&amp;ssl=1 145w, https:\/\/i0.wp.com\/eltrabajo.cl\/portal\/wp-content\/uploads\/2020\/01\/SANTIAGO11.jpg?resize=400%2C414&amp;ssl=1 400w\" sizes=\"auto, (max-width: 580px) 100vw, 580px\" \/><figcaption id=\"caption-attachment-96735\" class=\"wp-caption-text\">Santiago Poblete Arredondo se pudo poner de pie gracias a las intensivas terapias recibidas de la Fundaci\u00f3n Telet\u00f3n en la Regi\u00f3n Metropolitana.<\/figcaption><\/figure>\n<p>&nbsp;<\/p>\n<figure id=\"attachment_96734\" aria-describedby=\"caption-attachment-96734\" style=\"width: 579px\" class=\"wp-caption alignnone\"><img data-recalc-dims=\"1\" loading=\"lazy\" decoding=\"async\" class=\"size-full wp-image-96734\" src=\"https:\/\/i0.wp.com\/www.eltrabajo.cl\/portal\/wp-content\/uploads\/2020\/01\/SANTIAGO12.jpg?resize=579%2C754\" alt=\"Santiago anhela convertirse en atleta y participar de los Paraol\u00edmpicos.\" width=\"579\" height=\"754\" srcset=\"https:\/\/i0.wp.com\/eltrabajo.cl\/portal\/wp-content\/uploads\/2020\/01\/SANTIAGO12.jpg?w=579&amp;ssl=1 579w, https:\/\/i0.wp.com\/eltrabajo.cl\/portal\/wp-content\/uploads\/2020\/01\/SANTIAGO12.jpg?resize=230%2C300&amp;ssl=1 230w, https:\/\/i0.wp.com\/eltrabajo.cl\/portal\/wp-content\/uploads\/2020\/01\/SANTIAGO12.jpg?resize=115%2C150&amp;ssl=1 115w, https:\/\/i0.wp.com\/eltrabajo.cl\/portal\/wp-content\/uploads\/2020\/01\/SANTIAGO12.jpg?resize=400%2C521&amp;ssl=1 400w\" sizes=\"auto, (max-width: 579px) 100vw, 579px\" \/><figcaption id=\"caption-attachment-96734\" class=\"wp-caption-text\">Santiago anhela convertirse en atleta y participar de los Paraol\u00edmpicos.<\/figcaption><\/figure>\n","protected":false},"excerpt":{"rendered":"<p>Ahora su sue\u00f1o es ser atleta y participar en Paraol\u00edmpicos: El joven de 19 a\u00f1os es un todo un guerrero y prometi\u00f3 que en enero de este a\u00f1o conseguir\u00eda ponerse de pie.\u00a0&#8230;<\/p>\n","protected":false},"author":482,"featured_media":96733,"comment_status":"open","ping_status":"open","sticky":false,"template":"","format":"standard","meta":{"advanced_seo_description":"","jetpack_seo_html_title":"","jetpack_seo_noindex":false,"_jetpack_memberships_contains_paid_content":false,"footnotes":""},"categories":[15],"tags":[],"class_list":["post-96732","post","type-post","status-publish","format-standard","has-post-thumbnail","hentry","category-comunidad"],"jetpack_featured_media_url":"https:\/\/i0.wp.com\/eltrabajo.cl\/portal\/wp-content\/uploads\/2020\/01\/SANTIAGO12-copia.jpg?fit=580%2C359&ssl=1","jetpack_sharing_enabled":true,"jetpack_likes_enabled":true,"jetpack-related-posts":[],"_links":{"self":[{"href":"https:\/\/eltrabajo.cl\/portal\/wp-json\/wp\/v2\/posts\/96732","targetHints":{"allow":["GET"]}}],"collection":[{"href":"https:\/\/eltrabajo.cl\/portal\/wp-json\/wp\/v2\/posts"}],"about":[{"href":"https:\/\/eltrabajo.cl\/portal\/wp-json\/wp\/v2\/types\/post"}],"author":[{"embeddable":true,"href":"https:\/\/eltrabajo.cl\/portal\/wp-json\/wp\/v2\/users\/482"}],"replies":[{"embeddable":true,"href":"https:\/\/eltrabajo.cl\/portal\/wp-json\/wp\/v2\/comments?post=96732"}],"version-history":[{"count":0,"href":"https:\/\/eltrabajo.cl\/portal\/wp-json\/wp\/v2\/posts\/96732\/revisions"}],"wp:featuredmedia":[{"embeddable":true,"href":"https:\/\/eltrabajo.cl\/portal\/wp-json\/wp\/v2\/media\/96733"}],"wp:attachment":[{"href":"https:\/\/eltrabajo.cl\/portal\/wp-json\/wp\/v2\/media?parent=96732"}],"wp:term":[{"taxonomy":"category","embeddable":true,"href":"https:\/\/eltrabajo.cl\/portal\/wp-json\/wp\/v2\/categories?post=96732"},{"taxonomy":"post_tag","embeddable":true,"href":"https:\/\/eltrabajo.cl\/portal\/wp-json\/wp\/v2\/tags?post=96732"}],"curies":[{"name":"wp","href":"https:\/\/api.w.org\/{rel}","templated":true}]}}