{"id":96747,"date":"2020-01-23T05:04:50","date_gmt":"2020-01-23T08:04:50","guid":{"rendered":"http:\/\/www.eltrabajo.cl\/portal\/?p=96747"},"modified":"2020-01-23T02:10:58","modified_gmt":"2020-01-23T05:10:58","slug":"vecinos-piden-urgente-instalacion-de-un-paradero-para-protegerse-del-clima","status":"publish","type":"post","link":"https:\/\/eltrabajo.cl\/portal\/vecinos-piden-urgente-instalacion-de-un-paradero-para-protegerse-del-clima\/","title":{"rendered":"Vecinos piden urgente instalaci\u00f3n de un paradero para protegerse del clima"},"content":{"rendered":"<p><span style=\"color: #ff0000;\"><strong>Avenida Hermanos Carrera con Miraflores:<\/strong><\/span><\/p>\n<p>Vecinos y otras personas que esperan locomoci\u00f3n en Avenida Hermanos Carrera, lado poniente, al llegar a Miraflores, piden urgente la instalaci\u00f3n de un paradero para protegerse del calor y m\u00e1s adelante quiz\u00e1s de la lluvia.<\/p>\n<p>Nuestro medio estuvo en lugar y convers\u00f3 con personas que estaban ah\u00ed esperando locomoci\u00f3n.<\/p>\n<p>La pregunta fue simple: \u00bfFalta un paradero ac\u00e1?<\/p>\n<p>&#8211; <strong>Luis Calder\u00f3n<\/strong>: S\u00ed, hace falta para la gente que viene de Los Andes, San Esteban. Yo vengo al Hospital, toda la gente que viene de ese sector se baja aqu\u00ed, ahora hay que bajarse al otro lado, pero falta un paradero aqu\u00ed, sobre todo para el invierno. Yo viajo dos a tres veces desde Calle Larga.<\/p>\n<p>&#8211; <strong>Eugenio<\/strong>: L\u00f3gicamente que hace falta un paradero aqu\u00ed, porque cuando va para all\u00e1 o cuando uno viene llegando, perfectamente hace mucha falta aqu\u00ed, quedar\u00eda pero justo. Yo no espero todos los d\u00edas locomoci\u00f3n, pero si bien seguido, unas tres a cuatro veces en la semana y tengo que estar parado aqu\u00ed esperando bajo el sol. Imag\u00ednese en el invierno, por eso hace falta un paradero.<\/p>\n<p>&#8211; <strong>Luis Calder\u00f3n<\/strong> (hijo): S\u00ed, falta un paradero, nosotros venimos cuando nos citan al doctor, y tenemos que esperar la micro, se demora en pasar.<\/p>\n<p>Cabe recordar que San Felipe en estos d\u00edas ha registrado temperaturas por sobre los 30 grados.<\/p>\n<p>&nbsp;<\/p>\n<figure id=\"attachment_96749\" aria-describedby=\"caption-attachment-96749\" style=\"width: 580px\" class=\"wp-caption alignnone\"><img data-recalc-dims=\"1\" loading=\"lazy\" decoding=\"async\" class=\"size-full wp-image-96749\" src=\"https:\/\/i0.wp.com\/www.eltrabajo.cl\/portal\/wp-content\/uploads\/2020\/01\/Paradero.jpg?resize=580%2C359\" alt=\"Algunas de las personas esperando locomoci\u00f3n colectiva bajo el sol se mostraron partidarias de contar con un paradero.\" width=\"580\" height=\"359\" srcset=\"https:\/\/i0.wp.com\/eltrabajo.cl\/portal\/wp-content\/uploads\/2020\/01\/Paradero.jpg?w=580&amp;ssl=1 580w, https:\/\/i0.wp.com\/eltrabajo.cl\/portal\/wp-content\/uploads\/2020\/01\/Paradero.jpg?resize=300%2C186&amp;ssl=1 300w, https:\/\/i0.wp.com\/eltrabajo.cl\/portal\/wp-content\/uploads\/2020\/01\/Paradero.jpg?resize=200%2C124&amp;ssl=1 200w, https:\/\/i0.wp.com\/eltrabajo.cl\/portal\/wp-content\/uploads\/2020\/01\/Paradero.jpg?resize=242%2C150&amp;ssl=1 242w, https:\/\/i0.wp.com\/eltrabajo.cl\/portal\/wp-content\/uploads\/2020\/01\/Paradero.jpg?resize=400%2C248&amp;ssl=1 400w\" sizes=\"auto, (max-width: 580px) 100vw, 580px\" \/><figcaption id=\"caption-attachment-96749\" class=\"wp-caption-text\">Algunas de las personas esperando locomoci\u00f3n colectiva bajo el sol se mostraron partidarias de contar con un paradero.<\/figcaption><\/figure>\n<p>&nbsp;<\/p>\n<figure id=\"attachment_96748\" aria-describedby=\"caption-attachment-96748\" style=\"width: 580px\" class=\"wp-caption alignnone\"><img data-recalc-dims=\"1\" loading=\"lazy\" decoding=\"async\" class=\"size-full wp-image-96748\" src=\"https:\/\/i0.wp.com\/www.eltrabajo.cl\/portal\/wp-content\/uploads\/2020\/01\/Paradero-2.jpg?resize=580%2C359\" alt=\"Los \u00e1rboles del sector brindan algo de sombra a los pasajeros que esperan en el lugar para tomar locomoci\u00f3n.\" width=\"580\" height=\"359\" srcset=\"https:\/\/i0.wp.com\/eltrabajo.cl\/portal\/wp-content\/uploads\/2020\/01\/Paradero-2.jpg?w=580&amp;ssl=1 580w, https:\/\/i0.wp.com\/eltrabajo.cl\/portal\/wp-content\/uploads\/2020\/01\/Paradero-2.jpg?resize=300%2C186&amp;ssl=1 300w, https:\/\/i0.wp.com\/eltrabajo.cl\/portal\/wp-content\/uploads\/2020\/01\/Paradero-2.jpg?resize=200%2C124&amp;ssl=1 200w, https:\/\/i0.wp.com\/eltrabajo.cl\/portal\/wp-content\/uploads\/2020\/01\/Paradero-2.jpg?resize=242%2C150&amp;ssl=1 242w, https:\/\/i0.wp.com\/eltrabajo.cl\/portal\/wp-content\/uploads\/2020\/01\/Paradero-2.jpg?resize=400%2C248&amp;ssl=1 400w\" sizes=\"auto, (max-width: 580px) 100vw, 580px\" \/><figcaption id=\"caption-attachment-96748\" class=\"wp-caption-text\">Los \u00e1rboles del sector brindan algo de sombra a los pasajeros que esperan en el lugar para tomar locomoci\u00f3n.<\/figcaption><\/figure>\n","protected":false},"excerpt":{"rendered":"<p>Avenida Hermanos Carrera con Miraflores: Vecinos y otras personas que esperan locomoci\u00f3n en Avenida Hermanos Carrera, lado poniente, al llegar a Miraflores, piden urgente la instalaci\u00f3n de un paradero para protegerse del&#8230;<\/p>\n","protected":false},"author":482,"featured_media":96749,"comment_status":"open","ping_status":"open","sticky":false,"template":"","format":"standard","meta":{"advanced_seo_description":"","jetpack_seo_html_title":"","jetpack_seo_noindex":false,"_jetpack_memberships_contains_paid_content":false,"footnotes":""},"categories":[15],"tags":[],"class_list":["post-96747","post","type-post","status-publish","format-standard","has-post-thumbnail","hentry","category-comunidad"],"jetpack_featured_media_url":"https:\/\/i0.wp.com\/eltrabajo.cl\/portal\/wp-content\/uploads\/2020\/01\/Paradero.jpg?fit=580%2C359&ssl=1","jetpack_sharing_enabled":true,"jetpack_likes_enabled":true,"jetpack-related-posts":[],"_links":{"self":[{"href":"https:\/\/eltrabajo.cl\/portal\/wp-json\/wp\/v2\/posts\/96747","targetHints":{"allow":["GET"]}}],"collection":[{"href":"https:\/\/eltrabajo.cl\/portal\/wp-json\/wp\/v2\/posts"}],"about":[{"href":"https:\/\/eltrabajo.cl\/portal\/wp-json\/wp\/v2\/types\/post"}],"author":[{"embeddable":true,"href":"https:\/\/eltrabajo.cl\/portal\/wp-json\/wp\/v2\/users\/482"}],"replies":[{"embeddable":true,"href":"https:\/\/eltrabajo.cl\/portal\/wp-json\/wp\/v2\/comments?post=96747"}],"version-history":[{"count":0,"href":"https:\/\/eltrabajo.cl\/portal\/wp-json\/wp\/v2\/posts\/96747\/revisions"}],"wp:featuredmedia":[{"embeddable":true,"href":"https:\/\/eltrabajo.cl\/portal\/wp-json\/wp\/v2\/media\/96749"}],"wp:attachment":[{"href":"https:\/\/eltrabajo.cl\/portal\/wp-json\/wp\/v2\/media?parent=96747"}],"wp:term":[{"taxonomy":"category","embeddable":true,"href":"https:\/\/eltrabajo.cl\/portal\/wp-json\/wp\/v2\/categories?post=96747"},{"taxonomy":"post_tag","embeddable":true,"href":"https:\/\/eltrabajo.cl\/portal\/wp-json\/wp\/v2\/tags?post=96747"}],"curies":[{"name":"wp","href":"https:\/\/api.w.org\/{rel}","templated":true}]}}