{"id":96751,"date":"2020-01-23T05:03:04","date_gmt":"2020-01-23T08:03:04","guid":{"rendered":"http:\/\/www.eltrabajo.cl\/portal\/?p=96751"},"modified":"2020-01-23T02:13:02","modified_gmt":"2020-01-23T05:13:02","slug":"este-fin-de-semana-es-la-cuarta-version-de-las-jornadas-musicales-de-rinconada-de-silva","status":"publish","type":"post","link":"https:\/\/eltrabajo.cl\/portal\/este-fin-de-semana-es-la-cuarta-version-de-las-jornadas-musicales-de-rinconada-de-silva\/","title":{"rendered":"Este fin de semana es la cuarta versi\u00f3n de las Jornadas Musicales de Rinconada de Silva"},"content":{"rendered":"<ul>\n<li><strong>La plaza Fernando Aldunce ser\u00e1 el epicentro de dos d\u00edas llenos de ritmo: El viernes estar\u00e1 \u2018Mariachi La Reina\u2019, la agrupaci\u00f3n cuequera \u2018Los de La Orilla\u2019, y \u2018Wayras Andinos\u2019. El s\u00e1bado se presentar\u00e1 el \u2018Rivalito\u2019, la trova inconfundible de Fernando Ubiergo y el reconocido \u2018Grupo Rey\u2019.<\/strong><\/li>\n<\/ul>\n<p><strong>\u00a0<\/strong><strong>PUTAENDO.- <\/strong>Hace cuatro a\u00f1os, la municipalidad encabezada por el alcalde <strong>Guillermo Reyes<\/strong>, decidi\u00f3 respaldar la petici\u00f3n de vecinas y vecinos de Rinconada de Silva que buscaban realizar actividades veraniegas gratuitas en la Plaza Fernando Aldunce.<\/p>\n<p>As\u00ed es como surgieron las \u2018Jornada Musicales\u2019. Por cuarto enero consecutivo, el paseo peatonal rinconadino volver\u00e1 a tener diferentes melod\u00edas que podr\u00e1n ser disfrutadas por toda la familia.<\/p>\n<p>\u201c<em>Creemos que la cultura y el arte siempre son espacios para compartir sanamente y que la cultura hace bien a las comunidades. En este contexto, nuevamente acogimos el llamado de vecinas y vecinos en la realizaci\u00f3n de un evento que se ha vuelto una bella tradici\u00f3n y donde siempre hay artistas locales y alg\u00fan n\u00famero de renombre nacional\u201d,<\/em> expres\u00f3 el alcalde (s) <strong>Fabi\u00e1n Mu\u00f1oz<\/strong>.<\/p>\n<p>Las jornadas comenzar\u00e1n a las 21 horas de los d\u00edas 24 y 25 de enero. El viernes tendr\u00e1 las rancheras de la agrupaci\u00f3n local llamada \u2018Mariachi La Reina\u2019; las cuecas de \u2018Los de la Orilla\u2019 y el folclor de \u2018Wayras Andinos\u2019.<\/p>\n<p>El s\u00e1bado abrir\u00e1 con el carisma de \u2018El Rivalito\u2019. Posteriormente, Rinconada de Silva escuchar\u00e1 la calidad de los versos del gran <strong>Fernando Ubiergo.<\/strong> Para finalizar, tendr\u00e1 los ritmos bailables del reconocido \u2018Grupo Rey\u2019.<\/p>\n<p>De esta manera, autoridades comunales, funcionarios municipales, vecinas y vecinos de Rinconada de Silva invitan a toda la familia para dos noches llenas de alegr\u00eda y m\u00fasica.<\/p>\n<p><strong>\u00a0<\/strong><\/p>\n<figure id=\"attachment_96752\" aria-describedby=\"caption-attachment-96752\" style=\"width: 580px\" class=\"wp-caption alignnone\"><img data-recalc-dims=\"1\" loading=\"lazy\" decoding=\"async\" class=\"size-full wp-image-96752\" src=\"https:\/\/i0.wp.com\/www.eltrabajo.cl\/portal\/wp-content\/uploads\/2020\/01\/jornadas-musicales-1-Autoridades-y-vecinos-Plaza-Rinconada-de-Silva.jpg?resize=580%2C360\" alt=\"Autoridades y vecinos en la Plaza Fernando Aldunce, disfrutando de las Jornadas Musicales que por cuarto a\u00f1o se realizan en Rinconada de Silva.\" width=\"580\" height=\"360\" srcset=\"https:\/\/i0.wp.com\/eltrabajo.cl\/portal\/wp-content\/uploads\/2020\/01\/jornadas-musicales-1-Autoridades-y-vecinos-Plaza-Rinconada-de-Silva.jpg?w=580&amp;ssl=1 580w, https:\/\/i0.wp.com\/eltrabajo.cl\/portal\/wp-content\/uploads\/2020\/01\/jornadas-musicales-1-Autoridades-y-vecinos-Plaza-Rinconada-de-Silva.jpg?resize=300%2C186&amp;ssl=1 300w, https:\/\/i0.wp.com\/eltrabajo.cl\/portal\/wp-content\/uploads\/2020\/01\/jornadas-musicales-1-Autoridades-y-vecinos-Plaza-Rinconada-de-Silva.jpg?resize=200%2C124&amp;ssl=1 200w, https:\/\/i0.wp.com\/eltrabajo.cl\/portal\/wp-content\/uploads\/2020\/01\/jornadas-musicales-1-Autoridades-y-vecinos-Plaza-Rinconada-de-Silva.jpg?resize=242%2C150&amp;ssl=1 242w, https:\/\/i0.wp.com\/eltrabajo.cl\/portal\/wp-content\/uploads\/2020\/01\/jornadas-musicales-1-Autoridades-y-vecinos-Plaza-Rinconada-de-Silva.jpg?resize=400%2C248&amp;ssl=1 400w\" sizes=\"auto, (max-width: 580px) 100vw, 580px\" \/><figcaption id=\"caption-attachment-96752\" class=\"wp-caption-text\">Autoridades y vecinos en la Plaza Fernando Aldunce, disfrutando de las Jornadas Musicales que por cuarto a\u00f1o se realizan en Rinconada de Silva.<\/figcaption><\/figure>\n<p>&nbsp;<\/p>\n<figure id=\"attachment_96753\" aria-describedby=\"caption-attachment-96753\" style=\"width: 580px\" class=\"wp-caption alignnone\"><img data-recalc-dims=\"1\" loading=\"lazy\" decoding=\"async\" class=\"size-full wp-image-96753\" src=\"https:\/\/i0.wp.com\/www.eltrabajo.cl\/portal\/wp-content\/uploads\/2020\/01\/jornadas-musicales-2.jpg?resize=580%2C360\" alt=\"Este viernes y s\u00e1bado vuelven las Jornadas Musicales en Rinconada de Silva, evento que constituye un gran espect\u00e1culo en el verano aconcag\u00fcino.\" width=\"580\" height=\"360\" srcset=\"https:\/\/i0.wp.com\/eltrabajo.cl\/portal\/wp-content\/uploads\/2020\/01\/jornadas-musicales-2.jpg?w=580&amp;ssl=1 580w, https:\/\/i0.wp.com\/eltrabajo.cl\/portal\/wp-content\/uploads\/2020\/01\/jornadas-musicales-2.jpg?resize=300%2C186&amp;ssl=1 300w, https:\/\/i0.wp.com\/eltrabajo.cl\/portal\/wp-content\/uploads\/2020\/01\/jornadas-musicales-2.jpg?resize=200%2C124&amp;ssl=1 200w, https:\/\/i0.wp.com\/eltrabajo.cl\/portal\/wp-content\/uploads\/2020\/01\/jornadas-musicales-2.jpg?resize=242%2C150&amp;ssl=1 242w, https:\/\/i0.wp.com\/eltrabajo.cl\/portal\/wp-content\/uploads\/2020\/01\/jornadas-musicales-2.jpg?resize=400%2C248&amp;ssl=1 400w\" sizes=\"auto, (max-width: 580px) 100vw, 580px\" \/><figcaption id=\"caption-attachment-96753\" class=\"wp-caption-text\">Este viernes y s\u00e1bado vuelven las Jornadas Musicales en Rinconada de Silva, evento que constituye un gran espect\u00e1culo en el verano aconcag\u00fcino.<\/figcaption><\/figure>\n","protected":false},"excerpt":{"rendered":"<p>La plaza Fernando Aldunce ser\u00e1 el epicentro de dos d\u00edas llenos de ritmo: El viernes estar\u00e1 \u2018Mariachi La Reina\u2019, la agrupaci\u00f3n cuequera \u2018Los de La Orilla\u2019, y \u2018Wayras Andinos\u2019. El s\u00e1bado se&#8230;<\/p>\n","protected":false},"author":482,"featured_media":96752,"comment_status":"open","ping_status":"open","sticky":false,"template":"","format":"standard","meta":{"advanced_seo_description":"","jetpack_seo_html_title":"","jetpack_seo_noindex":false,"_jetpack_memberships_contains_paid_content":false,"footnotes":""},"categories":[20],"tags":[],"class_list":["post-96751","post","type-post","status-publish","format-standard","has-post-thumbnail","hentry","category-arte-y-cultura"],"jetpack_featured_media_url":"https:\/\/i0.wp.com\/eltrabajo.cl\/portal\/wp-content\/uploads\/2020\/01\/jornadas-musicales-1-Autoridades-y-vecinos-Plaza-Rinconada-de-Silva.jpg?fit=580%2C360&ssl=1","jetpack_sharing_enabled":true,"jetpack_likes_enabled":true,"jetpack-related-posts":[],"_links":{"self":[{"href":"https:\/\/eltrabajo.cl\/portal\/wp-json\/wp\/v2\/posts\/96751","targetHints":{"allow":["GET"]}}],"collection":[{"href":"https:\/\/eltrabajo.cl\/portal\/wp-json\/wp\/v2\/posts"}],"about":[{"href":"https:\/\/eltrabajo.cl\/portal\/wp-json\/wp\/v2\/types\/post"}],"author":[{"embeddable":true,"href":"https:\/\/eltrabajo.cl\/portal\/wp-json\/wp\/v2\/users\/482"}],"replies":[{"embeddable":true,"href":"https:\/\/eltrabajo.cl\/portal\/wp-json\/wp\/v2\/comments?post=96751"}],"version-history":[{"count":0,"href":"https:\/\/eltrabajo.cl\/portal\/wp-json\/wp\/v2\/posts\/96751\/revisions"}],"wp:featuredmedia":[{"embeddable":true,"href":"https:\/\/eltrabajo.cl\/portal\/wp-json\/wp\/v2\/media\/96752"}],"wp:attachment":[{"href":"https:\/\/eltrabajo.cl\/portal\/wp-json\/wp\/v2\/media?parent=96751"}],"wp:term":[{"taxonomy":"category","embeddable":true,"href":"https:\/\/eltrabajo.cl\/portal\/wp-json\/wp\/v2\/categories?post=96751"},{"taxonomy":"post_tag","embeddable":true,"href":"https:\/\/eltrabajo.cl\/portal\/wp-json\/wp\/v2\/tags?post=96751"}],"curies":[{"name":"wp","href":"https:\/\/api.w.org\/{rel}","templated":true}]}}