{"id":96755,"date":"2020-01-23T05:05:11","date_gmt":"2020-01-23T08:05:11","guid":{"rendered":"http:\/\/www.eltrabajo.cl\/portal\/?p=96755"},"modified":"2020-01-23T02:15:10","modified_gmt":"2020-01-23T05:15:10","slug":"desesperada-familia-espera-recuperar-silla-ortopedica-de-pequena-de-3-anos","status":"publish","type":"post","link":"https:\/\/eltrabajo.cl\/portal\/desesperada-familia-espera-recuperar-silla-ortopedica-de-pequena-de-3-anos\/","title":{"rendered":"Desesperada familia espera recuperar silla ortop\u00e9dica de peque\u00f1a de 3 a\u00f1os"},"content":{"rendered":"<p>El domingo anterior, a una familia sanfelipe\u00f1a se le extravi\u00f3 una silla ortop\u00e9dica que va sobre una silla de ruedas. Es una parte principal de apoyo para una peque\u00f1a ni\u00f1a de tres a\u00f1os de edad, <strong><em>Nelliel Galdames<\/em><\/strong>. La silla es de color blanco con cinturones de color negro y la funda de color rosado con dibujos. Se extravi\u00f3 entre Pasaje Los Claveles de Poblaci\u00f3n El Esfuerzo con Diego de Almagro.<\/p>\n<p>Al parecer un ni\u00f1o la encontr\u00f3 y la llev\u00f3 para su casa. Lo complicado de todo esto es que esta silla ortop\u00e9dica fue hecha especialmente para esta ni\u00f1a y no le sirve a nadie, fue tra\u00edda especialmente de Telet\u00f3n para ella, es el \u00fanico medio para transportarla, ya que Nelliel es totalmente dependiente de ella por su terrible enfermedad.<\/p>\n<p>Los familiares de esta ni\u00f1a ruegan a los vecinos y a la persona que la encontr\u00f3, por favor comunicarse al +56 <strong>9 9425 9868<\/strong>.<\/p>\n<p>&nbsp;<\/p>\n<figure id=\"attachment_96756\" aria-describedby=\"caption-attachment-96756\" style=\"width: 578px\" class=\"wp-caption alignnone\"><img data-recalc-dims=\"1\" loading=\"lazy\" decoding=\"async\" class=\"size-full wp-image-96756\" src=\"https:\/\/i0.wp.com\/www.eltrabajo.cl\/portal\/wp-content\/uploads\/2020\/01\/Silla1_Nelliel-Galdames-copia.jpg?resize=578%2C359\" alt=\"SE AGRADECE LA AYUDA.- La peque\u00f1a Nelliel Galdames necesita urgentemente de su peque\u00f1a silla. En la gr\u00e1fica vemos la silla. (Foto publicada con autorizaci\u00f3n de sus padres)\" width=\"578\" height=\"359\" srcset=\"https:\/\/i0.wp.com\/eltrabajo.cl\/portal\/wp-content\/uploads\/2020\/01\/Silla1_Nelliel-Galdames-copia.jpg?w=578&amp;ssl=1 578w, https:\/\/i0.wp.com\/eltrabajo.cl\/portal\/wp-content\/uploads\/2020\/01\/Silla1_Nelliel-Galdames-copia.jpg?resize=300%2C186&amp;ssl=1 300w, https:\/\/i0.wp.com\/eltrabajo.cl\/portal\/wp-content\/uploads\/2020\/01\/Silla1_Nelliel-Galdames-copia.jpg?resize=200%2C124&amp;ssl=1 200w, https:\/\/i0.wp.com\/eltrabajo.cl\/portal\/wp-content\/uploads\/2020\/01\/Silla1_Nelliel-Galdames-copia.jpg?resize=242%2C150&amp;ssl=1 242w, https:\/\/i0.wp.com\/eltrabajo.cl\/portal\/wp-content\/uploads\/2020\/01\/Silla1_Nelliel-Galdames-copia.jpg?resize=400%2C248&amp;ssl=1 400w\" sizes=\"auto, (max-width: 578px) 100vw, 578px\" \/><figcaption id=\"caption-attachment-96756\" class=\"wp-caption-text\">SE AGRADECE LA AYUDA.- La peque\u00f1a Nelliel Galdames necesita urgentemente de su peque\u00f1a silla. En la gr\u00e1fica vemos la silla. (Foto publicada con autorizaci\u00f3n de sus padres)<\/figcaption><\/figure>\n","protected":false},"excerpt":{"rendered":"<p>El domingo anterior, a una familia sanfelipe\u00f1a se le extravi\u00f3 una silla ortop\u00e9dica que va sobre una silla de ruedas. Es una parte principal de apoyo para una peque\u00f1a ni\u00f1a de tres&#8230;<\/p>\n","protected":false},"author":482,"featured_media":96756,"comment_status":"open","ping_status":"open","sticky":false,"template":"","format":"standard","meta":{"advanced_seo_description":"","jetpack_seo_html_title":"","jetpack_seo_noindex":false,"_jetpack_memberships_contains_paid_content":false,"footnotes":""},"categories":[15],"tags":[],"class_list":["post-96755","post","type-post","status-publish","format-standard","has-post-thumbnail","hentry","category-comunidad"],"jetpack_featured_media_url":"https:\/\/i0.wp.com\/eltrabajo.cl\/portal\/wp-content\/uploads\/2020\/01\/Silla1_Nelliel-Galdames-copia.jpg?fit=578%2C359&ssl=1","jetpack_sharing_enabled":true,"jetpack_likes_enabled":true,"jetpack-related-posts":[],"_links":{"self":[{"href":"https:\/\/eltrabajo.cl\/portal\/wp-json\/wp\/v2\/posts\/96755","targetHints":{"allow":["GET"]}}],"collection":[{"href":"https:\/\/eltrabajo.cl\/portal\/wp-json\/wp\/v2\/posts"}],"about":[{"href":"https:\/\/eltrabajo.cl\/portal\/wp-json\/wp\/v2\/types\/post"}],"author":[{"embeddable":true,"href":"https:\/\/eltrabajo.cl\/portal\/wp-json\/wp\/v2\/users\/482"}],"replies":[{"embeddable":true,"href":"https:\/\/eltrabajo.cl\/portal\/wp-json\/wp\/v2\/comments?post=96755"}],"version-history":[{"count":0,"href":"https:\/\/eltrabajo.cl\/portal\/wp-json\/wp\/v2\/posts\/96755\/revisions"}],"wp:featuredmedia":[{"embeddable":true,"href":"https:\/\/eltrabajo.cl\/portal\/wp-json\/wp\/v2\/media\/96756"}],"wp:attachment":[{"href":"https:\/\/eltrabajo.cl\/portal\/wp-json\/wp\/v2\/media?parent=96755"}],"wp:term":[{"taxonomy":"category","embeddable":true,"href":"https:\/\/eltrabajo.cl\/portal\/wp-json\/wp\/v2\/categories?post=96755"},{"taxonomy":"post_tag","embeddable":true,"href":"https:\/\/eltrabajo.cl\/portal\/wp-json\/wp\/v2\/tags?post=96755"}],"curies":[{"name":"wp","href":"https:\/\/api.w.org\/{rel}","templated":true}]}}