{"id":96758,"date":"2020-01-23T05:06:16","date_gmt":"2020-01-23T08:06:16","guid":{"rendered":"http:\/\/www.eltrabajo.cl\/portal\/?p=96758"},"modified":"2020-01-23T02:16:43","modified_gmt":"2020-01-23T05:16:43","slug":"a-balazos-carabinero-repelio-a-conductor-que-habria-intentado-atropellarlo","status":"publish","type":"post","link":"https:\/\/eltrabajo.cl\/portal\/a-balazos-carabinero-repelio-a-conductor-que-habria-intentado-atropellarlo\/","title":{"rendered":"A balazos carabinero repeli\u00f3 a conductor que habr\u00eda intentado atropellarlo"},"content":{"rendered":"<p><span style=\"color: #ff0000;\"><strong>Chofer result\u00f3 detenido y herido en una de sus piernas:<\/strong><\/span><\/p>\n<p><strong>LOS ANDES<\/strong>.- Obligado a usar su arma de reglamento para detener a quien intent\u00f3 atropellarlo al momento de solicitarle que se detuviera, estuvo un carabinero de la Tercera Comisar\u00eda mientras hac\u00eda sus labores de tr\u00e1nsito ayer jueves a las 13:00 horas en Calle Membrillar cerca del antiguo terminal rodoviario.<\/p>\n<p>Todo inici\u00f3 cuando en ese lugar pasaba un autom\u00f3vil Peugeot modelo 306, al cual el carabinero le hizo se\u00f1as para que se detuviera y as\u00ed efectuarle un control de tr\u00e1nsito. Sin embargo, el chofer lejos de detenerse, aceler\u00f3 el m\u00f3vil e intent\u00f3 atropellar al funcionario policial, quien para evitar ser golpeado salt\u00f3 sobre el capot siendo arrastrado por cerca de\u00a0 50 metros.<\/p>\n<p>&nbsp;<\/p>\n<p><span style=\"color: #ff0000;\"><strong>\u00daLTIMA MEDIDA<\/strong><\/span><\/p>\n<p>Al carabinero no le qued\u00f3 m\u00e1s remedio que hacer uso de su arma de servicio y dispar\u00f3 a trav\u00e9s del parabrisas, hiriendo al conductor en una pierna. Finalmente el auto se detuvo frente al Liceo Amancay, llegando al lugar otros dispositivos policiales para brindar ayuda al carabinero atacado.<\/p>\n<p>Posteriormente el conductor del auto fue trasladado en calidad de detenido hasta el Servicio de Urgencia del Hospital San Juan de Dios. El conductor iba acompa\u00f1ado de una menor de edad la cual no sufri\u00f3 lesiones. Por instrucciones del Fiscal de Turno el caso qued\u00f3 en manos de la Brigada de Homicidios de la PDI y en las pr\u00f3ximas horas se definir\u00e1 el destino procesal del chofer.<\/p>\n<p>&nbsp;<\/p>\n<figure id=\"attachment_96759\" aria-describedby=\"caption-attachment-96759\" style=\"width: 580px\" class=\"wp-caption alignnone\"><img data-recalc-dims=\"1\" loading=\"lazy\" decoding=\"async\" class=\"size-full wp-image-96759\" src=\"https:\/\/i0.wp.com\/www.eltrabajo.cl\/portal\/wp-content\/uploads\/2020\/01\/Balazo1.jpg?resize=580%2C358\" alt=\"Al carabinero no le qued\u00f3 m\u00e1s remedio que hacer uso de su arma de servicio y dispar\u00f3 a trav\u00e9s del parabrisas, hiriendo al conductor en una pierna. (Foto losandesonline.cl)\" width=\"580\" height=\"358\" srcset=\"https:\/\/i0.wp.com\/eltrabajo.cl\/portal\/wp-content\/uploads\/2020\/01\/Balazo1.jpg?w=580&amp;ssl=1 580w, https:\/\/i0.wp.com\/eltrabajo.cl\/portal\/wp-content\/uploads\/2020\/01\/Balazo1.jpg?resize=300%2C185&amp;ssl=1 300w, https:\/\/i0.wp.com\/eltrabajo.cl\/portal\/wp-content\/uploads\/2020\/01\/Balazo1.jpg?resize=200%2C123&amp;ssl=1 200w, https:\/\/i0.wp.com\/eltrabajo.cl\/portal\/wp-content\/uploads\/2020\/01\/Balazo1.jpg?resize=243%2C150&amp;ssl=1 243w, https:\/\/i0.wp.com\/eltrabajo.cl\/portal\/wp-content\/uploads\/2020\/01\/Balazo1.jpg?resize=400%2C247&amp;ssl=1 400w\" sizes=\"auto, (max-width: 580px) 100vw, 580px\" \/><figcaption id=\"caption-attachment-96759\" class=\"wp-caption-text\">Al carabinero no le qued\u00f3 m\u00e1s remedio que hacer uso de su arma de servicio y dispar\u00f3 a trav\u00e9s del parabrisas, hiriendo al conductor en una pierna. (Foto losandesonline.cl)<\/figcaption><\/figure>\n","protected":false},"excerpt":{"rendered":"<p>Chofer result\u00f3 detenido y herido en una de sus piernas: LOS ANDES.- Obligado a usar su arma de reglamento para detener a quien intent\u00f3 atropellarlo al momento de solicitarle que se detuviera,&#8230;<\/p>\n","protected":false},"author":482,"featured_media":96759,"comment_status":"open","ping_status":"open","sticky":false,"template":"","format":"standard","meta":{"advanced_seo_description":"","jetpack_seo_html_title":"","jetpack_seo_noindex":false,"_jetpack_memberships_contains_paid_content":false,"footnotes":""},"categories":[21],"tags":[],"class_list":["post-96758","post","type-post","status-publish","format-standard","has-post-thumbnail","hentry","category-policial"],"jetpack_featured_media_url":"https:\/\/i0.wp.com\/eltrabajo.cl\/portal\/wp-content\/uploads\/2020\/01\/Balazo1.jpg?fit=580%2C358&ssl=1","jetpack_sharing_enabled":true,"jetpack_likes_enabled":true,"jetpack-related-posts":[],"_links":{"self":[{"href":"https:\/\/eltrabajo.cl\/portal\/wp-json\/wp\/v2\/posts\/96758","targetHints":{"allow":["GET"]}}],"collection":[{"href":"https:\/\/eltrabajo.cl\/portal\/wp-json\/wp\/v2\/posts"}],"about":[{"href":"https:\/\/eltrabajo.cl\/portal\/wp-json\/wp\/v2\/types\/post"}],"author":[{"embeddable":true,"href":"https:\/\/eltrabajo.cl\/portal\/wp-json\/wp\/v2\/users\/482"}],"replies":[{"embeddable":true,"href":"https:\/\/eltrabajo.cl\/portal\/wp-json\/wp\/v2\/comments?post=96758"}],"version-history":[{"count":0,"href":"https:\/\/eltrabajo.cl\/portal\/wp-json\/wp\/v2\/posts\/96758\/revisions"}],"wp:featuredmedia":[{"embeddable":true,"href":"https:\/\/eltrabajo.cl\/portal\/wp-json\/wp\/v2\/media\/96759"}],"wp:attachment":[{"href":"https:\/\/eltrabajo.cl\/portal\/wp-json\/wp\/v2\/media?parent=96758"}],"wp:term":[{"taxonomy":"category","embeddable":true,"href":"https:\/\/eltrabajo.cl\/portal\/wp-json\/wp\/v2\/categories?post=96758"},{"taxonomy":"post_tag","embeddable":true,"href":"https:\/\/eltrabajo.cl\/portal\/wp-json\/wp\/v2\/tags?post=96758"}],"curies":[{"name":"wp","href":"https:\/\/api.w.org\/{rel}","templated":true}]}}