{"id":96762,"date":"2020-01-24T05:01:33","date_gmt":"2020-01-24T08:01:33","guid":{"rendered":"http:\/\/www.eltrabajo.cl\/portal\/?p=96762"},"modified":"2020-01-23T22:14:18","modified_gmt":"2020-01-24T01:14:18","slug":"piloto-jose-luis-aldunce-ya-volo-mas-alla-del-cielo","status":"publish","type":"post","link":"https:\/\/eltrabajo.cl\/portal\/piloto-jose-luis-aldunce-ya-volo-mas-alla-del-cielo\/","title":{"rendered":"Piloto Jos\u00e9 Luis Aldunce ya vol\u00f3 m\u00e1s all\u00e1 del cielo"},"content":{"rendered":"<p>Tal cual lo informamos ayer jueves, a las 10:00 horas en la Iglesia San Antonio de Padua de El Almendral se realizaron las exequias del piloto sanfelipe\u00f1o <strong>Jos\u00e9 Luis Aldunce Mora<\/strong>, quien falleci\u00f3 hace una semana en un tr\u00e1gico accidente a\u00e9reo.<\/p>\n<p>La iglesia estuvo totalmente llena, pues la Familia Aldunce y por ende Jos\u00e9 Luis, son personas muy conocidas y queridas en nuestra comuna. Este exintegrante de la Fuerza A\u00e9rea de Chile e instructor de la Escuela de Vuelo A\u00e9reo Innova, de 42 a\u00f1os de edad, fue despedido entre l\u00e1grimas y aplausos por los presentes. Sus restos mortales posteriormente fueron trasladados en una gran caravana hasta el Cementerio Parque El Almendral, en donde ya descansan.<\/p>\n<p>Cabe recordar que el tr\u00e1gico accidente ocurri\u00f3 este viernes 17 de enero, luego que la aeronave que pilotaba Jos\u00e9 Luis Aldunce Mora, acompa\u00f1ado por un alumno de 19 a\u00f1os de edad identificado como <strong>Tom\u00e1s Jes\u00fas Guti\u00e9rrez Ram\u00edrez<\/strong>, aparentemente habr\u00eda sufrido un desperfecto mec\u00e1nico en pleno vuelo que llev\u00f3 a la aeronave a desplomarse e incendiarse, provocando la muerte de ambos ocupantes, tragedia ocurrida a un costado del Aer\u00f3dromo La Victoria de Chacabuco, en Colina.<\/p>\n<p>&nbsp;<\/p>\n<figure id=\"attachment_96763\" aria-describedby=\"caption-attachment-96763\" style=\"width: 580px\" class=\"wp-caption alignnone\"><img data-recalc-dims=\"1\" loading=\"lazy\" decoding=\"async\" class=\"size-full wp-image-96763\" src=\"https:\/\/i0.wp.com\/www.eltrabajo.cl\/portal\/wp-content\/uploads\/2020\/01\/Funerales1.jpg?resize=580%2C358\" alt=\"TRISTE PARTIDA.- Con hondo pesar los amigos y familiares le despidieron ayer jueves en la Iglesia San Antonio de Padua.\" width=\"580\" height=\"358\" srcset=\"https:\/\/i0.wp.com\/eltrabajo.cl\/portal\/wp-content\/uploads\/2020\/01\/Funerales1.jpg?w=580&amp;ssl=1 580w, https:\/\/i0.wp.com\/eltrabajo.cl\/portal\/wp-content\/uploads\/2020\/01\/Funerales1.jpg?resize=300%2C185&amp;ssl=1 300w, https:\/\/i0.wp.com\/eltrabajo.cl\/portal\/wp-content\/uploads\/2020\/01\/Funerales1.jpg?resize=200%2C123&amp;ssl=1 200w, https:\/\/i0.wp.com\/eltrabajo.cl\/portal\/wp-content\/uploads\/2020\/01\/Funerales1.jpg?resize=243%2C150&amp;ssl=1 243w, https:\/\/i0.wp.com\/eltrabajo.cl\/portal\/wp-content\/uploads\/2020\/01\/Funerales1.jpg?resize=400%2C247&amp;ssl=1 400w\" sizes=\"auto, (max-width: 580px) 100vw, 580px\" \/><figcaption id=\"caption-attachment-96763\" class=\"wp-caption-text\">TRISTE PARTIDA.- Con hondo pesar los amigos y familiares le despidieron ayer jueves en la Iglesia San Antonio de Padua.<\/figcaption><\/figure>\n<p>&nbsp;<\/p>\n<figure id=\"attachment_96764\" aria-describedby=\"caption-attachment-96764\" style=\"width: 580px\" class=\"wp-caption alignnone\"><img data-recalc-dims=\"1\" loading=\"lazy\" decoding=\"async\" class=\"size-full wp-image-96764\" src=\"https:\/\/i0.wp.com\/www.eltrabajo.cl\/portal\/wp-content\/uploads\/2020\/01\/JOSE-LUIS-ALDUNCE-1.jpg?resize=580%2C698\" alt=\"VOL\u00d3 A LAS ALTURAS.- Jos\u00e9 Luis Aldunce Mora, piloto sanfelipe\u00f1o fallecido el pasado viernes, fue despedido ayer.\" width=\"580\" height=\"698\" srcset=\"https:\/\/i0.wp.com\/eltrabajo.cl\/portal\/wp-content\/uploads\/2020\/01\/JOSE-LUIS-ALDUNCE-1.jpg?w=580&amp;ssl=1 580w, https:\/\/i0.wp.com\/eltrabajo.cl\/portal\/wp-content\/uploads\/2020\/01\/JOSE-LUIS-ALDUNCE-1.jpg?resize=249%2C300&amp;ssl=1 249w, https:\/\/i0.wp.com\/eltrabajo.cl\/portal\/wp-content\/uploads\/2020\/01\/JOSE-LUIS-ALDUNCE-1.jpg?resize=125%2C150&amp;ssl=1 125w, https:\/\/i0.wp.com\/eltrabajo.cl\/portal\/wp-content\/uploads\/2020\/01\/JOSE-LUIS-ALDUNCE-1.jpg?resize=400%2C481&amp;ssl=1 400w\" sizes=\"auto, (max-width: 580px) 100vw, 580px\" \/><figcaption id=\"caption-attachment-96764\" class=\"wp-caption-text\">VOL\u00d3 A LAS ALTURAS.- Jos\u00e9 Luis Aldunce Mora, piloto sanfelipe\u00f1o fallecido el pasado viernes, fue despedido ayer.<\/figcaption><\/figure>\n","protected":false},"excerpt":{"rendered":"<p>Tal cual lo informamos ayer jueves, a las 10:00 horas en la Iglesia San Antonio de Padua de El Almendral se realizaron las exequias del piloto sanfelipe\u00f1o Jos\u00e9 Luis Aldunce Mora, quien&#8230;<\/p>\n","protected":false},"author":482,"featured_media":96763,"comment_status":"open","ping_status":"open","sticky":false,"template":"","format":"standard","meta":{"advanced_seo_description":"","jetpack_seo_html_title":"","jetpack_seo_noindex":false,"_jetpack_memberships_contains_paid_content":false,"footnotes":""},"categories":[15],"tags":[],"class_list":["post-96762","post","type-post","status-publish","format-standard","has-post-thumbnail","hentry","category-comunidad"],"jetpack_featured_media_url":"https:\/\/i0.wp.com\/eltrabajo.cl\/portal\/wp-content\/uploads\/2020\/01\/Funerales1.jpg?fit=580%2C358&ssl=1","jetpack_sharing_enabled":true,"jetpack_likes_enabled":true,"jetpack-related-posts":[],"_links":{"self":[{"href":"https:\/\/eltrabajo.cl\/portal\/wp-json\/wp\/v2\/posts\/96762","targetHints":{"allow":["GET"]}}],"collection":[{"href":"https:\/\/eltrabajo.cl\/portal\/wp-json\/wp\/v2\/posts"}],"about":[{"href":"https:\/\/eltrabajo.cl\/portal\/wp-json\/wp\/v2\/types\/post"}],"author":[{"embeddable":true,"href":"https:\/\/eltrabajo.cl\/portal\/wp-json\/wp\/v2\/users\/482"}],"replies":[{"embeddable":true,"href":"https:\/\/eltrabajo.cl\/portal\/wp-json\/wp\/v2\/comments?post=96762"}],"version-history":[{"count":0,"href":"https:\/\/eltrabajo.cl\/portal\/wp-json\/wp\/v2\/posts\/96762\/revisions"}],"wp:featuredmedia":[{"embeddable":true,"href":"https:\/\/eltrabajo.cl\/portal\/wp-json\/wp\/v2\/media\/96763"}],"wp:attachment":[{"href":"https:\/\/eltrabajo.cl\/portal\/wp-json\/wp\/v2\/media?parent=96762"}],"wp:term":[{"taxonomy":"category","embeddable":true,"href":"https:\/\/eltrabajo.cl\/portal\/wp-json\/wp\/v2\/categories?post=96762"},{"taxonomy":"post_tag","embeddable":true,"href":"https:\/\/eltrabajo.cl\/portal\/wp-json\/wp\/v2\/tags?post=96762"}],"curies":[{"name":"wp","href":"https:\/\/api.w.org\/{rel}","templated":true}]}}