{"id":96770,"date":"2020-01-24T05:03:27","date_gmt":"2020-01-24T08:03:27","guid":{"rendered":"http:\/\/www.eltrabajo.cl\/portal\/?p=96770"},"modified":"2020-01-23T22:18:59","modified_gmt":"2020-01-24T01:18:59","slug":"union-volley-salto-muy-alto-en-un-torneo-en-el-norte-chico","status":"publish","type":"post","link":"https:\/\/eltrabajo.cl\/portal\/union-volley-salto-muy-alto-en-un-torneo-en-el-norte-chico\/","title":{"rendered":"Uni\u00f3n Volley salt\u00f3 muy alto en un torneo en el norte chico"},"content":{"rendered":"<p>El verano es una \u00e9poca propicia para que equipos de la zona de distintas disciplinas deportivas puedan medirse con rivales de peso en torneos que se realizan en diversas comunas del pa\u00eds. Ese es el caso del club Uni\u00f3n Volley de San Felipe, el cual tuvo la oportunidad de ser parte de una exclusiva competencia en la ciudad de Salamanca, donde llegaron 37 equipos de todo Chile.<\/p>\n<p>En dicho torneo, dos conjuntos femeninos de Uni\u00f3n Volley subieron a lo m\u00e1s alto del podio, al coronarse campeonas en las series U16 y U18, t\u00edtulos que se engrandecen a\u00fan m\u00e1s cuando se adiciona la virtud que fue en calidad de invictas, al ganar cada conjunto sus respectivos nueve encuentros.<\/p>\n<p>Por su parte el cuadro menor de 14 a\u00f1os, si bien es cierto no logr\u00f3 el t\u00edtulo, s\u00ed dio con el objetivo de mostrar sus avances al terminar segundo en su serie, con un saldo de cinco triunfos y cuatro derrotas, nada mal para un elenco que est\u00e1 en pleno proceso de crecimiento y aprendizaje. <em>\u201cVamos por el mejor camino que se puede transitar\u201d,<\/em> coment\u00f3 el director t\u00e9cnico de Uni\u00f3n Volley, <strong>Mirko Bonacic -Doric<\/strong>, quien conf\u00eda plenamente en el m\u00e9todo deportivo que se aplica en su instituci\u00f3n.<\/p>\n<p>&nbsp;<\/p>\n<figure id=\"attachment_96771\" aria-describedby=\"caption-attachment-96771\" style=\"width: 580px\" class=\"wp-caption alignnone\"><img data-recalc-dims=\"1\" loading=\"lazy\" decoding=\"async\" class=\"size-full wp-image-96771\" src=\"https:\/\/i0.wp.com\/www.eltrabajo.cl\/portal\/wp-content\/uploads\/2020\/01\/union-volley.jpg?resize=580%2C359\" alt=\"Los equipos U16 y U18 de Uni\u00f3n Volley fueron los mejores de sus respectivas categor\u00edas en la Copa Salamanca 2020\" width=\"580\" height=\"359\" srcset=\"https:\/\/i0.wp.com\/eltrabajo.cl\/portal\/wp-content\/uploads\/2020\/01\/union-volley.jpg?w=580&amp;ssl=1 580w, https:\/\/i0.wp.com\/eltrabajo.cl\/portal\/wp-content\/uploads\/2020\/01\/union-volley.jpg?resize=300%2C186&amp;ssl=1 300w, https:\/\/i0.wp.com\/eltrabajo.cl\/portal\/wp-content\/uploads\/2020\/01\/union-volley.jpg?resize=200%2C124&amp;ssl=1 200w, https:\/\/i0.wp.com\/eltrabajo.cl\/portal\/wp-content\/uploads\/2020\/01\/union-volley.jpg?resize=242%2C150&amp;ssl=1 242w, https:\/\/i0.wp.com\/eltrabajo.cl\/portal\/wp-content\/uploads\/2020\/01\/union-volley.jpg?resize=400%2C248&amp;ssl=1 400w\" sizes=\"auto, (max-width: 580px) 100vw, 580px\" \/><figcaption id=\"caption-attachment-96771\" class=\"wp-caption-text\">Los equipos U16 y U18 de Uni\u00f3n Volley fueron los mejores de sus respectivas categor\u00edas en la Copa Salamanca 2020<\/figcaption><\/figure>\n","protected":false},"excerpt":{"rendered":"<p>El verano es una \u00e9poca propicia para que equipos de la zona de distintas disciplinas deportivas puedan medirse con rivales de peso en torneos que se realizan en diversas comunas del pa\u00eds&#8230;.<\/p>\n","protected":false},"author":482,"featured_media":96771,"comment_status":"open","ping_status":"open","sticky":false,"template":"","format":"standard","meta":{"advanced_seo_description":"","jetpack_seo_html_title":"","jetpack_seo_noindex":false,"_jetpack_memberships_contains_paid_content":false,"footnotes":""},"categories":[19],"tags":[],"class_list":["post-96770","post","type-post","status-publish","format-standard","has-post-thumbnail","hentry","category-deportes"],"jetpack_featured_media_url":"https:\/\/i0.wp.com\/eltrabajo.cl\/portal\/wp-content\/uploads\/2020\/01\/union-volley.jpg?fit=580%2C359&ssl=1","jetpack_sharing_enabled":true,"jetpack_likes_enabled":true,"jetpack-related-posts":[],"_links":{"self":[{"href":"https:\/\/eltrabajo.cl\/portal\/wp-json\/wp\/v2\/posts\/96770","targetHints":{"allow":["GET"]}}],"collection":[{"href":"https:\/\/eltrabajo.cl\/portal\/wp-json\/wp\/v2\/posts"}],"about":[{"href":"https:\/\/eltrabajo.cl\/portal\/wp-json\/wp\/v2\/types\/post"}],"author":[{"embeddable":true,"href":"https:\/\/eltrabajo.cl\/portal\/wp-json\/wp\/v2\/users\/482"}],"replies":[{"embeddable":true,"href":"https:\/\/eltrabajo.cl\/portal\/wp-json\/wp\/v2\/comments?post=96770"}],"version-history":[{"count":0,"href":"https:\/\/eltrabajo.cl\/portal\/wp-json\/wp\/v2\/posts\/96770\/revisions"}],"wp:featuredmedia":[{"embeddable":true,"href":"https:\/\/eltrabajo.cl\/portal\/wp-json\/wp\/v2\/media\/96771"}],"wp:attachment":[{"href":"https:\/\/eltrabajo.cl\/portal\/wp-json\/wp\/v2\/media?parent=96770"}],"wp:term":[{"taxonomy":"category","embeddable":true,"href":"https:\/\/eltrabajo.cl\/portal\/wp-json\/wp\/v2\/categories?post=96770"},{"taxonomy":"post_tag","embeddable":true,"href":"https:\/\/eltrabajo.cl\/portal\/wp-json\/wp\/v2\/tags?post=96770"}],"curies":[{"name":"wp","href":"https:\/\/api.w.org\/{rel}","templated":true}]}}