{"id":96773,"date":"2020-01-24T05:04:04","date_gmt":"2020-01-24T08:04:04","guid":{"rendered":"http:\/\/www.eltrabajo.cl\/portal\/?p=96773"},"modified":"2020-01-23T22:21:26","modified_gmt":"2020-01-24T01:21:26","slug":"aun-no-hay-detenidos-por-muerte-de-bebe-hallado-en-una-bolsa-de-basura","status":"publish","type":"post","link":"https:\/\/eltrabajo.cl\/portal\/aun-no-hay-detenidos-por-muerte-de-bebe-hallado-en-una-bolsa-de-basura\/","title":{"rendered":"A\u00fan no hay detenidos por muerte de beb\u00e9 hallado en una bolsa de basura"},"content":{"rendered":"<p><span style=\"color: #ff0000;\"><strong>PDI contin\u00faa diligencias para identificar a la madre:<\/strong><\/span><\/p>\n<ul>\n<li><strong>Polic\u00eda civil ha concentrado labores investigativas en centros hospitalarios de la zona que puedan aportar la identidad de la progenitora, quien habr\u00eda dado a luz al beb\u00e9 el 14 de enero pasado, cuando el cuerpo del lactante fue encontrado en el basural por testigos.<\/strong><\/li>\n<\/ul>\n<p>La Brigada de Homicidios de la Polic\u00eda de Investigaciones de Los Andes a\u00fan no ha logrado determinar a la o los autores del brutal infanticidio de un reci\u00e9n nacido, hallado en un microbasural en un sitio eriazo en calle Duc\u00f3 en San Felipe el pasado 14 de enero.<\/p>\n<p>El hecho a\u00fan sigue conmocionando a la ciudadan\u00eda por los detalles dados a conocer en su oportunidad por el Fiscal Eduardo Fajardo de la Cuba, sosteni\u00e9ndose que el resultado de la autopsia efectuada al cuerpo del lactante, ser\u00eda la muerte por traumatismo craneal.<\/p>\n<p>A diez d\u00edas del escabroso hallazgo, las diligencias policiales a\u00fan se mantienen vigentes para dar con el paradero de los padres del menor, en especial la madre, quien habr\u00eda dado a luz al beb\u00e9 en un lugar actualmente desconocido.<\/p>\n<p>La l\u00ednea investigativa de la polic\u00eda civil se concentra en distintos centros hospitalarios de la zona que puedan ayudar a conocer la identidad principalmente de la progenitora, de modo de poder establecer qui\u00e9n habr\u00eda golpeado la cabeza del reci\u00e9n nacido hasta darle muerte.<\/p>\n<p>En este sentido, el Fiscal Fajardo sostiene que el beb\u00e9 de sexo masculino, al momento del hallazgo en medio del basural manten\u00eda su cord\u00f3n umbilical y restos de placenta, estim\u00e1ndose una data de muerte de alrededor de 20 horas.<\/p>\n<p>En tanto la polic\u00eda civil presume que la madre del beb\u00e9 podr\u00eda registrar domicilio en las cercan\u00edas al sitio del hallazgo del cuerpo del menor, lo que podr\u00eda acelerar el curso de la investigaci\u00f3n del caso para establecer las identidades de los autores de este infanticidio.<\/p>\n<p>\u201c<em>Hasta el momento no hay responsables, estamos esperando diligencias a cargo de la PDI porque est\u00e1n efectuando otras causas de homicidio, entonces est\u00e1n haciendo varias diligencias a la vez.\u00a0 Se han encargado varias diligencias conforme a personas que habr\u00edan sido ingresadas hasta centros hospitalarios con informaci\u00f3n de embarazos, y lo otro que tiene que ver el empadronamiento de testigos\u201d,<\/em> afirm\u00f3 a <strong>Diario El Trabajo<\/strong>, el Fiscal Jefe del Ministerio P\u00fablico de San Felipe, Eduardo Fajardo de La Cuba.<\/p>\n<p><strong>Pablo Salinas Sald\u00edas<\/strong><\/p>\n<p>&nbsp;<\/p>\n<figure id=\"attachment_96774\" aria-describedby=\"caption-attachment-96774\" style=\"width: 580px\" class=\"wp-caption alignnone\"><img data-recalc-dims=\"1\" loading=\"lazy\" decoding=\"async\" class=\"size-full wp-image-96774\" src=\"https:\/\/i0.wp.com\/www.eltrabajo.cl\/portal\/wp-content\/uploads\/2020\/01\/BEBE2-1.jpg?resize=580%2C358\" alt=\"El cuerpo del reci\u00e9n nacido fue hallado en este microbasural ubicado en calle Duc\u00f3 de San Felipe.\" width=\"580\" height=\"358\" srcset=\"https:\/\/i0.wp.com\/eltrabajo.cl\/portal\/wp-content\/uploads\/2020\/01\/BEBE2-1.jpg?w=580&amp;ssl=1 580w, https:\/\/i0.wp.com\/eltrabajo.cl\/portal\/wp-content\/uploads\/2020\/01\/BEBE2-1.jpg?resize=300%2C185&amp;ssl=1 300w, https:\/\/i0.wp.com\/eltrabajo.cl\/portal\/wp-content\/uploads\/2020\/01\/BEBE2-1.jpg?resize=200%2C123&amp;ssl=1 200w, https:\/\/i0.wp.com\/eltrabajo.cl\/portal\/wp-content\/uploads\/2020\/01\/BEBE2-1.jpg?resize=243%2C150&amp;ssl=1 243w, https:\/\/i0.wp.com\/eltrabajo.cl\/portal\/wp-content\/uploads\/2020\/01\/BEBE2-1.jpg?resize=400%2C247&amp;ssl=1 400w\" sizes=\"auto, (max-width: 580px) 100vw, 580px\" \/><figcaption id=\"caption-attachment-96774\" class=\"wp-caption-text\">El cuerpo del reci\u00e9n nacido fue hallado en este microbasural ubicado en calle Duc\u00f3 de San Felipe.<\/figcaption><\/figure>\n<p>&nbsp;<\/p>\n<figure id=\"attachment_96775\" aria-describedby=\"caption-attachment-96775\" style=\"width: 580px\" class=\"wp-caption alignnone\"><img data-recalc-dims=\"1\" loading=\"lazy\" decoding=\"async\" class=\"size-full wp-image-96775\" src=\"https:\/\/i0.wp.com\/www.eltrabajo.cl\/portal\/wp-content\/uploads\/2020\/01\/BEBE3-1-1.jpg?resize=580%2C360\" alt=\"El macabro hallazgo ocurri\u00f3 el pasado 14 de enero de este a\u00f1o.\" width=\"580\" height=\"360\" srcset=\"https:\/\/i0.wp.com\/eltrabajo.cl\/portal\/wp-content\/uploads\/2020\/01\/BEBE3-1-1.jpg?w=580&amp;ssl=1 580w, https:\/\/i0.wp.com\/eltrabajo.cl\/portal\/wp-content\/uploads\/2020\/01\/BEBE3-1-1.jpg?resize=300%2C186&amp;ssl=1 300w, https:\/\/i0.wp.com\/eltrabajo.cl\/portal\/wp-content\/uploads\/2020\/01\/BEBE3-1-1.jpg?resize=200%2C124&amp;ssl=1 200w, https:\/\/i0.wp.com\/eltrabajo.cl\/portal\/wp-content\/uploads\/2020\/01\/BEBE3-1-1.jpg?resize=242%2C150&amp;ssl=1 242w, https:\/\/i0.wp.com\/eltrabajo.cl\/portal\/wp-content\/uploads\/2020\/01\/BEBE3-1-1.jpg?resize=400%2C248&amp;ssl=1 400w\" sizes=\"auto, (max-width: 580px) 100vw, 580px\" \/><figcaption id=\"caption-attachment-96775\" class=\"wp-caption-text\">El macabro hallazgo ocurri\u00f3 el pasado 14 de enero de este a\u00f1o.<\/figcaption><\/figure>\n","protected":false},"excerpt":{"rendered":"<p>PDI contin\u00faa diligencias para identificar a la madre: Polic\u00eda civil ha concentrado labores investigativas en centros hospitalarios de la zona que puedan aportar la identidad de la progenitora, quien habr\u00eda dado a&#8230;<\/p>\n","protected":false},"author":482,"featured_media":96775,"comment_status":"open","ping_status":"open","sticky":false,"template":"","format":"standard","meta":{"advanced_seo_description":"","jetpack_seo_html_title":"","jetpack_seo_noindex":false,"_jetpack_memberships_contains_paid_content":false,"footnotes":""},"categories":[97],"tags":[],"class_list":["post-96773","post","type-post","status-publish","format-standard","has-post-thumbnail","hentry","category-tribunales"],"jetpack_featured_media_url":"https:\/\/i0.wp.com\/eltrabajo.cl\/portal\/wp-content\/uploads\/2020\/01\/BEBE3-1-1.jpg?fit=580%2C360&ssl=1","jetpack_sharing_enabled":true,"jetpack_likes_enabled":true,"jetpack-related-posts":[],"_links":{"self":[{"href":"https:\/\/eltrabajo.cl\/portal\/wp-json\/wp\/v2\/posts\/96773","targetHints":{"allow":["GET"]}}],"collection":[{"href":"https:\/\/eltrabajo.cl\/portal\/wp-json\/wp\/v2\/posts"}],"about":[{"href":"https:\/\/eltrabajo.cl\/portal\/wp-json\/wp\/v2\/types\/post"}],"author":[{"embeddable":true,"href":"https:\/\/eltrabajo.cl\/portal\/wp-json\/wp\/v2\/users\/482"}],"replies":[{"embeddable":true,"href":"https:\/\/eltrabajo.cl\/portal\/wp-json\/wp\/v2\/comments?post=96773"}],"version-history":[{"count":0,"href":"https:\/\/eltrabajo.cl\/portal\/wp-json\/wp\/v2\/posts\/96773\/revisions"}],"wp:featuredmedia":[{"embeddable":true,"href":"https:\/\/eltrabajo.cl\/portal\/wp-json\/wp\/v2\/media\/96775"}],"wp:attachment":[{"href":"https:\/\/eltrabajo.cl\/portal\/wp-json\/wp\/v2\/media?parent=96773"}],"wp:term":[{"taxonomy":"category","embeddable":true,"href":"https:\/\/eltrabajo.cl\/portal\/wp-json\/wp\/v2\/categories?post=96773"},{"taxonomy":"post_tag","embeddable":true,"href":"https:\/\/eltrabajo.cl\/portal\/wp-json\/wp\/v2\/tags?post=96773"}],"curies":[{"name":"wp","href":"https:\/\/api.w.org\/{rel}","templated":true}]}}