{"id":96777,"date":"2020-01-24T05:05:35","date_gmt":"2020-01-24T08:05:35","guid":{"rendered":"http:\/\/www.eltrabajo.cl\/portal\/?p=96777"},"modified":"2020-01-23T22:23:55","modified_gmt":"2020-01-24T01:23:55","slug":"aparecio-la-silla-ortopedica-de-nelliel","status":"publish","type":"post","link":"https:\/\/eltrabajo.cl\/portal\/aparecio-la-silla-ortopedica-de-nelliel\/","title":{"rendered":"Apareci\u00f3 la silla ortop\u00e9dica de Nelliel"},"content":{"rendered":"<p>Muy contentos est\u00e1n los familiares de la ni\u00f1a Nelliel Galdames, luego que ayer, tras la publicaci\u00f3n del caso en <strong>Diario El Trabajo<\/strong>, recibieran una llamada telef\u00f3nica de una persona que asegur\u00f3 haber encontrado la silla ortop\u00e9dica que hab\u00edan extraviado por error la tarde del domingo entre Pasaje Los Claveles de Poblaci\u00f3n El Esfuerzo con Diego de Almagro. Los familiares de la ni\u00f1a agradecieron a la persona que llam\u00f3, y tambi\u00e9n a Diario El Trabajo por la divulgaci\u00f3n de esta informaci\u00f3n.<\/p>\n<p>&nbsp;<\/p>\n<figure id=\"attachment_96778\" aria-describedby=\"caption-attachment-96778\" style=\"width: 578px\" class=\"wp-caption alignnone\"><img data-recalc-dims=\"1\" loading=\"lazy\" decoding=\"async\" class=\"size-full wp-image-96778\" src=\"https:\/\/i0.wp.com\/www.eltrabajo.cl\/portal\/wp-content\/uploads\/2020\/01\/Silla1_Nelliel-Galdames-copia-1.jpg?resize=578%2C359\" alt=\"SE AGRADECE LA AYUDA.- La peque\u00f1a Nelliel Galdames ya tiene nuevamente su peque\u00f1a silla.\" width=\"578\" height=\"359\" srcset=\"https:\/\/i0.wp.com\/eltrabajo.cl\/portal\/wp-content\/uploads\/2020\/01\/Silla1_Nelliel-Galdames-copia-1.jpg?w=578&amp;ssl=1 578w, https:\/\/i0.wp.com\/eltrabajo.cl\/portal\/wp-content\/uploads\/2020\/01\/Silla1_Nelliel-Galdames-copia-1.jpg?resize=300%2C186&amp;ssl=1 300w, https:\/\/i0.wp.com\/eltrabajo.cl\/portal\/wp-content\/uploads\/2020\/01\/Silla1_Nelliel-Galdames-copia-1.jpg?resize=200%2C124&amp;ssl=1 200w, https:\/\/i0.wp.com\/eltrabajo.cl\/portal\/wp-content\/uploads\/2020\/01\/Silla1_Nelliel-Galdames-copia-1.jpg?resize=242%2C150&amp;ssl=1 242w, https:\/\/i0.wp.com\/eltrabajo.cl\/portal\/wp-content\/uploads\/2020\/01\/Silla1_Nelliel-Galdames-copia-1.jpg?resize=400%2C248&amp;ssl=1 400w\" sizes=\"auto, (max-width: 578px) 100vw, 578px\" \/><figcaption id=\"caption-attachment-96778\" class=\"wp-caption-text\">SE AGRADECE LA AYUDA.- La peque\u00f1a Nelliel Galdames ya tiene nuevamente su peque\u00f1a silla.<\/figcaption><\/figure>\n","protected":false},"excerpt":{"rendered":"<p>Muy contentos est\u00e1n los familiares de la ni\u00f1a Nelliel Galdames, luego que ayer, tras la publicaci\u00f3n del caso en Diario El Trabajo, recibieran una llamada telef\u00f3nica de una persona que asegur\u00f3 haber&#8230;<\/p>\n","protected":false},"author":482,"featured_media":96778,"comment_status":"open","ping_status":"open","sticky":false,"template":"","format":"standard","meta":{"advanced_seo_description":"","jetpack_seo_html_title":"","jetpack_seo_noindex":false,"_jetpack_memberships_contains_paid_content":false,"footnotes":""},"categories":[15],"tags":[],"class_list":["post-96777","post","type-post","status-publish","format-standard","has-post-thumbnail","hentry","category-comunidad"],"jetpack_featured_media_url":"https:\/\/i0.wp.com\/eltrabajo.cl\/portal\/wp-content\/uploads\/2020\/01\/Silla1_Nelliel-Galdames-copia-1.jpg?fit=578%2C359&ssl=1","jetpack_sharing_enabled":true,"jetpack_likes_enabled":true,"jetpack-related-posts":[],"_links":{"self":[{"href":"https:\/\/eltrabajo.cl\/portal\/wp-json\/wp\/v2\/posts\/96777","targetHints":{"allow":["GET"]}}],"collection":[{"href":"https:\/\/eltrabajo.cl\/portal\/wp-json\/wp\/v2\/posts"}],"about":[{"href":"https:\/\/eltrabajo.cl\/portal\/wp-json\/wp\/v2\/types\/post"}],"author":[{"embeddable":true,"href":"https:\/\/eltrabajo.cl\/portal\/wp-json\/wp\/v2\/users\/482"}],"replies":[{"embeddable":true,"href":"https:\/\/eltrabajo.cl\/portal\/wp-json\/wp\/v2\/comments?post=96777"}],"version-history":[{"count":0,"href":"https:\/\/eltrabajo.cl\/portal\/wp-json\/wp\/v2\/posts\/96777\/revisions"}],"wp:featuredmedia":[{"embeddable":true,"href":"https:\/\/eltrabajo.cl\/portal\/wp-json\/wp\/v2\/media\/96778"}],"wp:attachment":[{"href":"https:\/\/eltrabajo.cl\/portal\/wp-json\/wp\/v2\/media?parent=96777"}],"wp:term":[{"taxonomy":"category","embeddable":true,"href":"https:\/\/eltrabajo.cl\/portal\/wp-json\/wp\/v2\/categories?post=96777"},{"taxonomy":"post_tag","embeddable":true,"href":"https:\/\/eltrabajo.cl\/portal\/wp-json\/wp\/v2\/tags?post=96777"}],"curies":[{"name":"wp","href":"https:\/\/api.w.org\/{rel}","templated":true}]}}