{"id":96780,"date":"2020-01-24T05:06:13","date_gmt":"2020-01-24T08:06:13","guid":{"rendered":"http:\/\/www.eltrabajo.cl\/portal\/?p=96780"},"modified":"2020-01-23T22:26:00","modified_gmt":"2020-01-24T01:26:00","slug":"en-febrero-sera-preparacion-de-juicio-por-cinematografico-asalto-a-servi-estado","status":"publish","type":"post","link":"https:\/\/eltrabajo.cl\/portal\/en-febrero-sera-preparacion-de-juicio-por-cinematografico-asalto-a-servi-estado\/","title":{"rendered":"En febrero ser\u00e1 preparaci\u00f3n de juicio por cinematogr\u00e1fico asalto a Servi Estado"},"content":{"rendered":"<p><span style=\"color: #ff0000;\"><strong>Tras postergadas audiencias en Juzgado de Garant\u00eda:<\/strong><\/span><\/p>\n<ul>\n<li><strong>Delito ocurri\u00f3 a pleno d\u00eda el 31 de mayo de 2017. Los delincuentes, para cometer el robo de cerca de 80 millones de pesos, incendiaron un veh\u00edculo en el frontis de la sucursal bancaria de calle Santo Domingo en San Felipe.<\/strong><\/li>\n<\/ul>\n<p>Para este pr\u00f3ximo martes 25 de febrero se reprogram\u00f3 la audiencia de preparaci\u00f3n de juicio oral en el Juzgado de Garant\u00eda de San Felipe, tras el cinematogr\u00e1fico asalto al Servi Estado ubicado en calle Santo Domingo de esta ciudad, ocurrido el 31 de mayo de 2017.<\/p>\n<p>A meses de cumplirse ya tres a\u00f1os de este delito que impact\u00f3 a la ciudad de San Felipe, y luego de diversas suspensiones de la realizaci\u00f3n de esta audiencia judicial, se pretende que en esta nueva fecha de realizaci\u00f3n, se debatir\u00e1n las pruebas de la carpeta investigativa a cargo de la Fiscal\u00eda y las presentadas por las defensas de los diez imputados, con miras hacia un juicio oral por estos hechos.<\/p>\n<p>Cabe recordar que el asalto arroj\u00f3 el robo de 80 millones de pesos a la sucursal bancaria y posterior incendio de un veh\u00edculo en que se movilizaban los delincuentes, registr\u00e1ndose un total de diez personas involucradas en el modus operandi para llevar a efecto la sustracci\u00f3n del dinero a plena luz de d\u00eda.<\/p>\n<p>Las investigaciones de la Fiscal\u00eda indicar\u00edan que ocho de los diez acusados ser\u00edan procesados como autores ejecutores del asalto, mientras que dos mujeres involucradas ser\u00e1n imputadas como c\u00f3mplices y encubridoras.<\/p>\n<p>La banda delictual estar\u00eda compuesta por los imputados: <strong>El\u00edas Joel Urtubia, Luis Covarrubias Ib\u00e1\u00f1ez, Bryan Henr\u00edquez Ib\u00e1\u00f1ez y Cristian L\u00f3pez Ulloa provenientes de Santiago, <\/strong>y<strong> Fabi\u00e1n Cuevas Carrasco <\/strong>de San Felipe.<\/p>\n<p>A ellos se suman <strong>Mar\u00eda Aldana Fuentes <\/strong>y el guardia<strong> Alberto Barrera Llana<\/strong>, quienes permanecer\u00edan en libertad con cautelares de arresto domiciliario nocturno y arraigo nacional.<\/p>\n<p>En tanto, <strong>Diego Henr\u00edquez Cofr\u00e9, Sergio Cruz Far\u00edas <\/strong>y<strong> Hortensia Munizaga Espinoza<\/strong> permanecen en prisi\u00f3n preventiva por otros delitos.<\/p>\n<p><strong>Pablo Salinas Sald\u00edas<\/strong><\/p>\n<p>&nbsp;<\/p>\n<figure id=\"attachment_96781\" aria-describedby=\"caption-attachment-96781\" style=\"width: 580px\" class=\"wp-caption alignnone\"><img data-recalc-dims=\"1\" loading=\"lazy\" decoding=\"async\" class=\"size-full wp-image-96781\" src=\"https:\/\/i0.wp.com\/www.eltrabajo.cl\/portal\/wp-content\/uploads\/2020\/01\/asalto-auto-quemado-1.jpg?resize=580%2C360\" alt=\"El momento exacto en que los delincuentes huyeron con el millonario bot\u00edn, incendiando este veh\u00edculo en el frontis de la sucursal Servi Estado en calle Santo Domingo de San Felipe.\" width=\"580\" height=\"360\" srcset=\"https:\/\/i0.wp.com\/eltrabajo.cl\/portal\/wp-content\/uploads\/2020\/01\/asalto-auto-quemado-1.jpg?w=580&amp;ssl=1 580w, https:\/\/i0.wp.com\/eltrabajo.cl\/portal\/wp-content\/uploads\/2020\/01\/asalto-auto-quemado-1.jpg?resize=300%2C186&amp;ssl=1 300w, https:\/\/i0.wp.com\/eltrabajo.cl\/portal\/wp-content\/uploads\/2020\/01\/asalto-auto-quemado-1.jpg?resize=200%2C124&amp;ssl=1 200w, https:\/\/i0.wp.com\/eltrabajo.cl\/portal\/wp-content\/uploads\/2020\/01\/asalto-auto-quemado-1.jpg?resize=242%2C150&amp;ssl=1 242w, https:\/\/i0.wp.com\/eltrabajo.cl\/portal\/wp-content\/uploads\/2020\/01\/asalto-auto-quemado-1.jpg?resize=400%2C248&amp;ssl=1 400w\" sizes=\"auto, (max-width: 580px) 100vw, 580px\" \/><figcaption id=\"caption-attachment-96781\" class=\"wp-caption-text\">El momento exacto en que los delincuentes huyeron con el millonario bot\u00edn, incendiando este veh\u00edculo en el frontis de la sucursal Servi Estado en calle Santo Domingo de San Felipe.<\/figcaption><\/figure>\n","protected":false},"excerpt":{"rendered":"<p>Tras postergadas audiencias en Juzgado de Garant\u00eda: Delito ocurri\u00f3 a pleno d\u00eda el 31 de mayo de 2017. Los delincuentes, para cometer el robo de cerca de 80 millones de pesos, incendiaron&#8230;<\/p>\n","protected":false},"author":482,"featured_media":96781,"comment_status":"open","ping_status":"open","sticky":false,"template":"","format":"standard","meta":{"advanced_seo_description":"","jetpack_seo_html_title":"","jetpack_seo_noindex":false,"_jetpack_memberships_contains_paid_content":false,"footnotes":""},"categories":[97],"tags":[],"class_list":["post-96780","post","type-post","status-publish","format-standard","has-post-thumbnail","hentry","category-tribunales"],"jetpack_featured_media_url":"https:\/\/i0.wp.com\/eltrabajo.cl\/portal\/wp-content\/uploads\/2020\/01\/asalto-auto-quemado-1.jpg?fit=580%2C360&ssl=1","jetpack_sharing_enabled":true,"jetpack_likes_enabled":true,"jetpack-related-posts":[],"_links":{"self":[{"href":"https:\/\/eltrabajo.cl\/portal\/wp-json\/wp\/v2\/posts\/96780","targetHints":{"allow":["GET"]}}],"collection":[{"href":"https:\/\/eltrabajo.cl\/portal\/wp-json\/wp\/v2\/posts"}],"about":[{"href":"https:\/\/eltrabajo.cl\/portal\/wp-json\/wp\/v2\/types\/post"}],"author":[{"embeddable":true,"href":"https:\/\/eltrabajo.cl\/portal\/wp-json\/wp\/v2\/users\/482"}],"replies":[{"embeddable":true,"href":"https:\/\/eltrabajo.cl\/portal\/wp-json\/wp\/v2\/comments?post=96780"}],"version-history":[{"count":0,"href":"https:\/\/eltrabajo.cl\/portal\/wp-json\/wp\/v2\/posts\/96780\/revisions"}],"wp:featuredmedia":[{"embeddable":true,"href":"https:\/\/eltrabajo.cl\/portal\/wp-json\/wp\/v2\/media\/96781"}],"wp:attachment":[{"href":"https:\/\/eltrabajo.cl\/portal\/wp-json\/wp\/v2\/media?parent=96780"}],"wp:term":[{"taxonomy":"category","embeddable":true,"href":"https:\/\/eltrabajo.cl\/portal\/wp-json\/wp\/v2\/categories?post=96780"},{"taxonomy":"post_tag","embeddable":true,"href":"https:\/\/eltrabajo.cl\/portal\/wp-json\/wp\/v2\/tags?post=96780"}],"curies":[{"name":"wp","href":"https:\/\/api.w.org\/{rel}","templated":true}]}}