{"id":96783,"date":"2020-01-24T05:07:07","date_gmt":"2020-01-24T08:07:07","guid":{"rendered":"http:\/\/www.eltrabajo.cl\/portal\/?p=96783"},"modified":"2020-01-23T22:29:00","modified_gmt":"2020-01-24T01:29:00","slug":"delincuentes-con-manos-de-terciopelo-roban-valiosas-bicicletas-mientras-duenos-de-casa-dormian","status":"publish","type":"post","link":"https:\/\/eltrabajo.cl\/portal\/delincuentes-con-manos-de-terciopelo-roban-valiosas-bicicletas-mientras-duenos-de-casa-dormian\/","title":{"rendered":"Delincuentes con \u2018manos de terciopelo\u2019 roban valiosas bicicletas mientras due\u00f1os de casa dorm\u00edan"},"content":{"rendered":"<ul>\n<li><strong>Afectados creen que fue un robo por encargo, el cual vino a perturbar su tranquilidad pues se sienten invadidos y vulnerados en la tranquilidad del exclusivo sector residencial Villa Terra Noble.<\/strong><\/li>\n<\/ul>\n<p><strong>\u00a0<\/strong>Alrededor de un mill\u00f3n de pesos fue el aval\u00fao de las especies que se llevaron delincuentes desde una casa ubicada en Villa Terra Noble de San Felipe. El robo ocurri\u00f3 durante la madrugada de ayer jueves, cuando los due\u00f1os de casa dorm\u00edan. Los delincuentes robaron dos bicicletas de marca y un parlante.<\/p>\n<p>El due\u00f1o de casa, de nombre <strong>Mauricio<\/strong>, dijo que ellos se acostaron alrededor de la una de la madrugada; <em>\u201cest\u00e1bamos viendo una serie y dormimos toda la noche. En la ma\u00f1ana nos despertamos, nos levantamos a comprar al s\u00faper y nos percatamos que hab\u00eda una silla en el port\u00f3n de la casa por el lado de adentro, lo cual nos pareci\u00f3 raro. Empezamos a mirar y nos hab\u00edan robado una Trek Marl\u00edn 7 negra y Trek Marl\u00edn 6 roja; tambi\u00e9n nos robaron un parlante, un X7, pero se llevaron solamente el pasivo, el\u00a0 parlante activo lo dejaron ac\u00e1, as\u00ed es que de hecho no les sirve de nada ese parlante que robaron; y tambi\u00e9n intentaron robar una tele que tengo afuera en el quincho, esa tambi\u00e9n le hicieron fuerza para tratar de llev\u00e1rsela, pero no pudieron, ah\u00ed dejaron marcadas las huellas\u201d,<\/em> se\u00f1ala.<\/p>\n<p>Piensa que lo m\u00e1s probable hayan sido unas dos o tres personas y por encargo. Porque hab\u00eda otras cosas m\u00e1s por el lugar y no se las llev\u00f3: <em>\u201cVinieron como exclusivamente para robar las bicicletas, vieron que hab\u00eda un parlante y una tele que se pod\u00edan llevar y se la llevaron como a la pasada nom\u00e1s\u201d,<\/em> se\u00f1al\u00f3 Mauricio, due\u00f1o de casa.<\/p>\n<p>Realizaron la denuncia respectiva en Carabineros. Concurri\u00f3 personal de la SIP, levantaron huellas: <em>\u201cAh\u00ed quedamos, la verdad que no es mucho lo que se puede hacer y bueno, lo peor es sentirse invadidos. Nosotros est\u00e1bamos durmiendo en la casa, no escuchamos nada, es gente que como se dedica a eso, encargos por robos, porque si es alguien m\u00e1s torpe mete m\u00e1s bulla o algo as\u00ed\u2026 No escuchamos nada m\u00e1s, repito que el tema ac\u00e1 es sentirse invadido, ni siquiera en tu casa puedes estar durmiendo tranquilo, eso es lo peor del tema\u201d,<\/em> concluy\u00f3 la v\u00edctima.<\/p>\n<p>Las v\u00edctimas viven en la calle principal de la Villa Terra Noble. Apelan a que alguien haya visto algo <em>\u201cporque esto tiene que haber sido en la madrugada, es notorio que dos personas anden pasando cosas por arriba del port\u00f3n o caminando, llev\u00e1ndose un parlante que es grande, es como de 1,20 metros de alto, entonces es raro que vayan dos personas, si es que andaban a pie, dos personas con un parlante, porque eso hay que acarrearlo de dos o posiblemente haya un veh\u00edculo esperando m\u00e1s all\u00e1 para llevarse las especies robadas\u201d,<\/em> dijo Mauricio.<\/p>\n<p>Ahora s\u00f3lo queda esperar que aparezcan o alguien entregue informaci\u00f3n del paradero. Pero siguen pensando que fue un robo por encargo.<\/p>\n<p>&nbsp;<\/p>\n<figure id=\"attachment_96784\" aria-describedby=\"caption-attachment-96784\" style=\"width: 580px\" class=\"wp-caption alignnone\"><img data-recalc-dims=\"1\" loading=\"lazy\" decoding=\"async\" class=\"size-full wp-image-96784\" src=\"https:\/\/i0.wp.com\/www.eltrabajo.cl\/portal\/wp-content\/uploads\/2020\/01\/robo-Trek.jpg?resize=580%2C358\" alt=\"Dos bicicletas Trek, una roja y otra negra, fueron robadas la madrugada de ayer desde una vivienda ubicada en la villa Terra Noble, cuando los propietarios dorm\u00edan.\" width=\"580\" height=\"358\" srcset=\"https:\/\/i0.wp.com\/eltrabajo.cl\/portal\/wp-content\/uploads\/2020\/01\/robo-Trek.jpg?w=580&amp;ssl=1 580w, https:\/\/i0.wp.com\/eltrabajo.cl\/portal\/wp-content\/uploads\/2020\/01\/robo-Trek.jpg?resize=300%2C185&amp;ssl=1 300w, https:\/\/i0.wp.com\/eltrabajo.cl\/portal\/wp-content\/uploads\/2020\/01\/robo-Trek.jpg?resize=200%2C123&amp;ssl=1 200w, https:\/\/i0.wp.com\/eltrabajo.cl\/portal\/wp-content\/uploads\/2020\/01\/robo-Trek.jpg?resize=243%2C150&amp;ssl=1 243w, https:\/\/i0.wp.com\/eltrabajo.cl\/portal\/wp-content\/uploads\/2020\/01\/robo-Trek.jpg?resize=400%2C247&amp;ssl=1 400w\" sizes=\"auto, (max-width: 580px) 100vw, 580px\" \/><figcaption id=\"caption-attachment-96784\" class=\"wp-caption-text\">Dos bicicletas Trek, una roja y otra negra, fueron robadas la madrugada de ayer desde una vivienda ubicada en la villa Terra Noble, cuando los propietarios dorm\u00edan.<\/figcaption><\/figure>\n<p>&nbsp;<\/p>\n<figure id=\"attachment_96786\" aria-describedby=\"caption-attachment-96786\" style=\"width: 580px\" class=\"wp-caption alignnone\"><img data-recalc-dims=\"1\" loading=\"lazy\" decoding=\"async\" class=\"size-full wp-image-96786\" src=\"https:\/\/i0.wp.com\/www.eltrabajo.cl\/portal\/wp-content\/uploads\/2020\/01\/robo-tele.jpg?resize=580%2C359\" alt=\"Los sujetos intentaron llevarse este televisor, pero no lo consiguieron.\" width=\"580\" height=\"359\" srcset=\"https:\/\/i0.wp.com\/eltrabajo.cl\/portal\/wp-content\/uploads\/2020\/01\/robo-tele.jpg?w=580&amp;ssl=1 580w, https:\/\/i0.wp.com\/eltrabajo.cl\/portal\/wp-content\/uploads\/2020\/01\/robo-tele.jpg?resize=300%2C186&amp;ssl=1 300w, https:\/\/i0.wp.com\/eltrabajo.cl\/portal\/wp-content\/uploads\/2020\/01\/robo-tele.jpg?resize=200%2C124&amp;ssl=1 200w, https:\/\/i0.wp.com\/eltrabajo.cl\/portal\/wp-content\/uploads\/2020\/01\/robo-tele.jpg?resize=242%2C150&amp;ssl=1 242w, https:\/\/i0.wp.com\/eltrabajo.cl\/portal\/wp-content\/uploads\/2020\/01\/robo-tele.jpg?resize=400%2C248&amp;ssl=1 400w\" sizes=\"auto, (max-width: 580px) 100vw, 580px\" \/><figcaption id=\"caption-attachment-96786\" class=\"wp-caption-text\">Los sujetos intentaron llevarse este televisor, pero no lo consiguieron.<\/figcaption><\/figure>\n<p>&nbsp;<\/p>\n<figure id=\"attachment_96785\" aria-describedby=\"caption-attachment-96785\" style=\"width: 580px\" class=\"wp-caption alignnone\"><img data-recalc-dims=\"1\" loading=\"lazy\" decoding=\"async\" class=\"size-full wp-image-96785\" src=\"https:\/\/i0.wp.com\/www.eltrabajo.cl\/portal\/wp-content\/uploads\/2020\/01\/robo-parlante.jpg?resize=580%2C700\" alt=\"Un parlante similar al de la imagen fue el que se llevaron los delincuentes.\" width=\"580\" height=\"700\" srcset=\"https:\/\/i0.wp.com\/eltrabajo.cl\/portal\/wp-content\/uploads\/2020\/01\/robo-parlante.jpg?w=580&amp;ssl=1 580w, https:\/\/i0.wp.com\/eltrabajo.cl\/portal\/wp-content\/uploads\/2020\/01\/robo-parlante.jpg?resize=249%2C300&amp;ssl=1 249w, https:\/\/i0.wp.com\/eltrabajo.cl\/portal\/wp-content\/uploads\/2020\/01\/robo-parlante.jpg?resize=124%2C150&amp;ssl=1 124w, https:\/\/i0.wp.com\/eltrabajo.cl\/portal\/wp-content\/uploads\/2020\/01\/robo-parlante.jpg?resize=400%2C483&amp;ssl=1 400w\" sizes=\"auto, (max-width: 580px) 100vw, 580px\" \/><figcaption id=\"caption-attachment-96785\" class=\"wp-caption-text\">Un parlante similar al de la imagen fue el que se llevaron los delincuentes.<\/figcaption><\/figure>\n","protected":false},"excerpt":{"rendered":"<p>Afectados creen que fue un robo por encargo, el cual vino a perturbar su tranquilidad pues se sienten invadidos y vulnerados en la tranquilidad del exclusivo sector residencial Villa Terra Noble. \u00a0Alrededor&#8230;<\/p>\n","protected":false},"author":482,"featured_media":96784,"comment_status":"open","ping_status":"open","sticky":false,"template":"","format":"standard","meta":{"advanced_seo_description":"","jetpack_seo_html_title":"","jetpack_seo_noindex":false,"_jetpack_memberships_contains_paid_content":false,"footnotes":""},"categories":[21],"tags":[],"class_list":["post-96783","post","type-post","status-publish","format-standard","has-post-thumbnail","hentry","category-policial"],"jetpack_featured_media_url":"https:\/\/i0.wp.com\/eltrabajo.cl\/portal\/wp-content\/uploads\/2020\/01\/robo-Trek.jpg?fit=580%2C358&ssl=1","jetpack_sharing_enabled":true,"jetpack_likes_enabled":true,"jetpack-related-posts":[],"_links":{"self":[{"href":"https:\/\/eltrabajo.cl\/portal\/wp-json\/wp\/v2\/posts\/96783","targetHints":{"allow":["GET"]}}],"collection":[{"href":"https:\/\/eltrabajo.cl\/portal\/wp-json\/wp\/v2\/posts"}],"about":[{"href":"https:\/\/eltrabajo.cl\/portal\/wp-json\/wp\/v2\/types\/post"}],"author":[{"embeddable":true,"href":"https:\/\/eltrabajo.cl\/portal\/wp-json\/wp\/v2\/users\/482"}],"replies":[{"embeddable":true,"href":"https:\/\/eltrabajo.cl\/portal\/wp-json\/wp\/v2\/comments?post=96783"}],"version-history":[{"count":0,"href":"https:\/\/eltrabajo.cl\/portal\/wp-json\/wp\/v2\/posts\/96783\/revisions"}],"wp:featuredmedia":[{"embeddable":true,"href":"https:\/\/eltrabajo.cl\/portal\/wp-json\/wp\/v2\/media\/96784"}],"wp:attachment":[{"href":"https:\/\/eltrabajo.cl\/portal\/wp-json\/wp\/v2\/media?parent=96783"}],"wp:term":[{"taxonomy":"category","embeddable":true,"href":"https:\/\/eltrabajo.cl\/portal\/wp-json\/wp\/v2\/categories?post=96783"},{"taxonomy":"post_tag","embeddable":true,"href":"https:\/\/eltrabajo.cl\/portal\/wp-json\/wp\/v2\/tags?post=96783"}],"curies":[{"name":"wp","href":"https:\/\/api.w.org\/{rel}","templated":true}]}}