{"id":96797,"date":"2020-01-27T05:03:19","date_gmt":"2020-01-27T08:03:19","guid":{"rendered":"http:\/\/www.eltrabajo.cl\/portal\/?p=96797"},"modified":"2020-01-26T21:16:22","modified_gmt":"2020-01-27T00:16:22","slug":"joven-atacado-con-un-cuchillo-resulto-gravemente-herido-en-putaendo","status":"publish","type":"post","link":"https:\/\/eltrabajo.cl\/portal\/joven-atacado-con-un-cuchillo-resulto-gravemente-herido-en-putaendo\/","title":{"rendered":"Joven atacado con un cuchillo result\u00f3 gravemente herido en Putaendo"},"content":{"rendered":"<p><span style=\"color: #ff0000;\"><strong>Tras confuso incidente ocurrido la madrugada de este s\u00e1bado:<\/strong><\/span><\/p>\n<ul>\n<li><strong>La v\u00edctima fue trasladada hasta el hospital de esa comuna y posteriormente a Urgencias del San Camilo en San Felipe con diversas heridas graves en su cuerpo, fuera de riesgo vital.<\/strong><\/li>\n<\/ul>\n<p>Con m\u00faltiples heridas graves con un arma blanca result\u00f3 un joven de 29 a\u00f1os de edad, tras un confuso incidente ocurrido alrededor de las 02:00 horas de este s\u00e1bado en las cercan\u00edas del Puente Cimbra de la comuna de Putaendo.<\/p>\n<p>De acuerdo a la informaci\u00f3n proporcionada por Carabineros, la v\u00edctima se encontraba en dicho lugar aparentemente en estado de ebriedad, cuando sorpresivamente el atacante a\u00fan desconocido, lo habr\u00eda agredido en al menos en cinco oportunidades con un cuchillo.<\/p>\n<p>Minutos m\u00e1s tarde el hermano del afectado recibi\u00f3 un llamado telef\u00f3nico alertando las graves lesiones sufridas por el joven de iniciales <strong>C.F.H.<\/strong>, debiendo ser trasladado hasta el Servicio de Urgencias del Hospital San Antonio de Putaendo.<\/p>\n<p>La v\u00edctima no logr\u00f3 aportar mayores antecedentes del caso aparentemente por su estado et\u00edlico, debiendo ser derivado hasta el Servicio de Urgencias del Hospital San Camilo de San Felipe, con lesiones graves pero fuera de riesgo vital, seg\u00fan inform\u00f3 Carabineros.<\/p>\n<p><strong>Pablo Salinas Sald\u00edas<\/strong><\/p>\n<p>&nbsp;<\/p>\n<figure id=\"attachment_96798\" aria-describedby=\"caption-attachment-96798\" style=\"width: 580px\" class=\"wp-caption alignnone\"><img data-recalc-dims=\"1\" loading=\"lazy\" decoding=\"async\" class=\"size-full wp-image-96798\" src=\"https:\/\/i0.wp.com\/www.eltrabajo.cl\/portal\/wp-content\/uploads\/2020\/01\/URGENCIAS-SAN-CAMILO-2-1-1.jpg?resize=580%2C358\" alt=\"El afectado fue trasladado hasta el Servicio de Urgencias del Hospital San Camilo de San Felipe, la madrugada de este s\u00e1bado.\" width=\"580\" height=\"358\" srcset=\"https:\/\/i0.wp.com\/eltrabajo.cl\/portal\/wp-content\/uploads\/2020\/01\/URGENCIAS-SAN-CAMILO-2-1-1.jpg?w=580&amp;ssl=1 580w, https:\/\/i0.wp.com\/eltrabajo.cl\/portal\/wp-content\/uploads\/2020\/01\/URGENCIAS-SAN-CAMILO-2-1-1.jpg?resize=300%2C185&amp;ssl=1 300w, https:\/\/i0.wp.com\/eltrabajo.cl\/portal\/wp-content\/uploads\/2020\/01\/URGENCIAS-SAN-CAMILO-2-1-1.jpg?resize=200%2C123&amp;ssl=1 200w, https:\/\/i0.wp.com\/eltrabajo.cl\/portal\/wp-content\/uploads\/2020\/01\/URGENCIAS-SAN-CAMILO-2-1-1.jpg?resize=243%2C150&amp;ssl=1 243w, https:\/\/i0.wp.com\/eltrabajo.cl\/portal\/wp-content\/uploads\/2020\/01\/URGENCIAS-SAN-CAMILO-2-1-1.jpg?resize=400%2C247&amp;ssl=1 400w\" sizes=\"auto, (max-width: 580px) 100vw, 580px\" \/><figcaption id=\"caption-attachment-96798\" class=\"wp-caption-text\">El afectado fue trasladado hasta el Servicio de Urgencias del Hospital San Camilo de San Felipe, la madrugada de este s\u00e1bado.<\/figcaption><\/figure>\n","protected":false},"excerpt":{"rendered":"<p>Tras confuso incidente ocurrido la madrugada de este s\u00e1bado: La v\u00edctima fue trasladada hasta el hospital de esa comuna y posteriormente a Urgencias del San Camilo en San Felipe con diversas heridas&#8230;<\/p>\n","protected":false},"author":482,"featured_media":96798,"comment_status":"open","ping_status":"open","sticky":false,"template":"","format":"standard","meta":{"advanced_seo_description":"","jetpack_seo_html_title":"","jetpack_seo_noindex":false,"_jetpack_memberships_contains_paid_content":false,"footnotes":""},"categories":[21],"tags":[],"class_list":["post-96797","post","type-post","status-publish","format-standard","has-post-thumbnail","hentry","category-policial"],"jetpack_featured_media_url":"https:\/\/i0.wp.com\/eltrabajo.cl\/portal\/wp-content\/uploads\/2020\/01\/URGENCIAS-SAN-CAMILO-2-1-1.jpg?fit=580%2C358&ssl=1","jetpack_sharing_enabled":true,"jetpack_likes_enabled":true,"jetpack-related-posts":[],"_links":{"self":[{"href":"https:\/\/eltrabajo.cl\/portal\/wp-json\/wp\/v2\/posts\/96797","targetHints":{"allow":["GET"]}}],"collection":[{"href":"https:\/\/eltrabajo.cl\/portal\/wp-json\/wp\/v2\/posts"}],"about":[{"href":"https:\/\/eltrabajo.cl\/portal\/wp-json\/wp\/v2\/types\/post"}],"author":[{"embeddable":true,"href":"https:\/\/eltrabajo.cl\/portal\/wp-json\/wp\/v2\/users\/482"}],"replies":[{"embeddable":true,"href":"https:\/\/eltrabajo.cl\/portal\/wp-json\/wp\/v2\/comments?post=96797"}],"version-history":[{"count":0,"href":"https:\/\/eltrabajo.cl\/portal\/wp-json\/wp\/v2\/posts\/96797\/revisions"}],"wp:featuredmedia":[{"embeddable":true,"href":"https:\/\/eltrabajo.cl\/portal\/wp-json\/wp\/v2\/media\/96798"}],"wp:attachment":[{"href":"https:\/\/eltrabajo.cl\/portal\/wp-json\/wp\/v2\/media?parent=96797"}],"wp:term":[{"taxonomy":"category","embeddable":true,"href":"https:\/\/eltrabajo.cl\/portal\/wp-json\/wp\/v2\/categories?post=96797"},{"taxonomy":"post_tag","embeddable":true,"href":"https:\/\/eltrabajo.cl\/portal\/wp-json\/wp\/v2\/tags?post=96797"}],"curies":[{"name":"wp","href":"https:\/\/api.w.org\/{rel}","templated":true}]}}