{"id":96803,"date":"2020-01-27T05:05:39","date_gmt":"2020-01-27T08:05:39","guid":{"rendered":"http:\/\/www.eltrabajo.cl\/portal\/?p=96803"},"modified":"2020-01-26T21:28:53","modified_gmt":"2020-01-27T00:28:53","slug":"recibio-autos-para-reparar-pero-los-desarmo-y-varios-clientes-lo-acusan-de-estafa","status":"publish","type":"post","link":"https:\/\/eltrabajo.cl\/portal\/recibio-autos-para-reparar-pero-los-desarmo-y-varios-clientes-lo-acusan-de-estafa\/","title":{"rendered":"Recibi\u00f3 autos para reparar pero los desarm\u00f3 y varios clientes lo acusan de estafa"},"content":{"rendered":"<p><span style=\"color: #ff0000;\"><strong>Denuncian a mec\u00e1nico por Estafa y Apropiaci\u00f3n Indebida:<\/strong><\/span><\/p>\n<p>Una serie de denuncias por Estafa y Apropiaci\u00f3n Indebida es la que en los \u00faltimos d\u00edas se ha interpuesto en contra de un mec\u00e1nico llamado <strong>Gustavo Contreras<\/strong> (Duende Verde), quien desde hace dos a\u00f1os se desempe\u00f1a como encargado de un taller mec\u00e1nico Gran Ahumada 194 en nuestra comuna. Seg\u00fan los afectados, quienes ya estamparon su firma en respectivas denuncias en su contra, Contreras les habr\u00eda enga\u00f1ado al recibirles sus veh\u00edculos en distintas fechas, les cobr\u00f3 altas sumas de dinero, les desmantel\u00f3 en algunos casos el auto, no hizo las reparaciones, y en algunos casos les habr\u00eda robado piezas para reparar otros autos da\u00f1ados.<\/p>\n<p>&nbsp;<\/p>\n<p><span style=\"color: #ff0000;\"><strong>PDI INVESTIGA<\/strong><\/span><\/p>\n<p>La informaci\u00f3n la confirmaron a <strong>Diario El Trabajo<\/strong> varios de los afectados tras poner la denuncia este viernes en las oficinas de la PDI en San Felipe, nuestro medio habl\u00f3 con <strong>\u00c9rika Segura<\/strong>, una de las estafadas, \u00ab<em>en 2018 un veh\u00edculo Volkswagen A Gustavo Contreras porque ese auto estaba chocado y \u00e9l har\u00eda la desabolladura ten\u00eda que pintarlo encuadrar la puerta y dejarlo andando el veh\u00edculo, el auto andaba, s\u00f3lo se hab\u00eda descuadrado un poco en el lado izquierdo y ver la desabolladura, me cobr\u00f3 aproximadamente un mill\u00f3n de pesos, eso fue en invierno de 2018, entonces \u00e9l se dej\u00f3 el veh\u00edculo se lo llevamos al taller, pasaron los meses \u00e9l ped\u00eda dinero por transferencia y se le transfer\u00eda, cuando yo le preguntaba s\u00f3lo me dec\u00eda que \u2018lo estoy estirando lo estoy estirando\u2019, pasaron los meses y lleg\u00f3 2019 lo mismo, yo no iba al taller porque estaba estudiando estaba sacando mi carrera, entonces yo en noviembre me acerqu\u00e9 al taller porque quer\u00eda saber qu\u00e9 era lo que estaba pasando con mi veh\u00edculo y veo que no avanzaba entonces yo le dije \u2018\u00bfoye pero qu\u00e9 te falta?\u2019 y me dijo que le faltaba una pieza de la parte delantera y me dijo que ten\u00eda que comprar unos repuestos y ah\u00ed estar\u00edamos listos y te lo entrego en diciembre. Despu\u00e9s me mand\u00f3 un WhatsApp pidiendo 160 Lucas porque era lo \u00faltimo que le faltaba para comprar la parte delantera del veh\u00edculo y otra parte m\u00e1s, luego se justific\u00f3 de no cumplirme porque hab\u00edan marchas nacionales y protestas, de ah\u00ed en adelante \u00e9l no responde llamadas ni mensajes de WhatsApp, hasta que supe que eran varias las personas que estaban llegando a retirar sus veh\u00edculos del taller porque este mec\u00e1nico nada hab\u00eda reparado en sus autos, los hab\u00eda estafado<\/em> (\u2026) <em>cuando fui al taller a ver mi veh\u00edculo lo encontr\u00e9 desmantelado le falta la rueda de repuesto, le falta una puerta se rob\u00f3 la bater\u00eda no est\u00e1n la parte delantera el cap\u00f3 y est\u00e1 asqueroso, me estaf\u00f3 en un mill\u00f3n de pesos, perd\u00ed mi veh\u00edculo que val\u00eda casi 4 millones de pesos, son p\u00e9rdidas totales<\/em>\u00bb, dijo Segura.<\/p>\n<p>&nbsp;<\/p>\n<p><span style=\"color: #ff0000;\"><strong>LLUEVEN DENUNCIAS<\/strong><\/span><\/p>\n<p>Tambi\u00e9n <strong>Diario El Trabajo<\/strong> atendi\u00f3 los dichos de <strong>Hern\u00e1n Javier Subicueta<\/strong>, tambi\u00e9n afectado por este \u2018mec\u00e1nico\u2019, \u00ab<em>a este mec\u00e1nico apodado \u2018Duende Verde\u2019 yo le mand\u00e9 a arreglar una camioneta, se la llev\u00e9 el 15 de octubre de 2019 y obligadamente tuve que retirarla el 4 de enero de 2020 porque yo la ocupo para trabajar, tuve que retirarla con Carabineros porque este mec\u00e1nico nunca dio la cara, no me la repar\u00f3 me la dej\u00f3 peor, le hice adelanto de $225.000 al maestro Gustavo Contreras, por eso vine a la PDI a poner la denuncia por la sencilla raz\u00f3n de que este caballero no da la cara no responde este tipo, la camioneta no me la entreg\u00f3 \u00e9l tuve que ir con Carabineros porque no dio la cara, es un estafador<\/em>\u00bb, indic\u00f3 Subicueta.<\/p>\n<p>&nbsp;<\/p>\n<p><span style=\"color: #ff0000;\"><strong>CON VERG\u00dcENZA AJENA<\/strong><\/span><\/p>\n<p>Y de manera solidaria con estas v\u00edctimas tambi\u00e9n el due\u00f1o de la propiedad donde est\u00e1 este \u2018deshuezadero\u2019 disfrazado de taller, <strong><em>Sergio Toro<\/em><\/strong>, \u00ab<em>soy el due\u00f1o del recinto donde arrienda Gustavo Contreras, \u00e9l se dedica a lo que es la pintura y desabolladura de veh\u00edculos, \u00e9l ahora en abril cumplir\u00e1 dos a\u00f1os de arriendo, el primer a\u00f1o no hubo problema no hubo indicio de alg\u00fan mal comportamiento pero pasando el tiempo ya el Gustavo empez\u00f3 ya a ausentarse del taller y empezaron a llegar los clientes durante varios d\u00edas a buscar al Gustavo y no lo ubicaban as\u00ed que me di cuenta de que los hab\u00eda estafado a toda esta gente, ya son varios clientes as\u00ed que yo como due\u00f1o del taller estoy apoyando a estas v\u00edctimas aparte de que Gustavo ya no pagaba arriendo, debe 150.000 pesos de luz y agua aparte, con esto ya quiero que los afectados sepan que tienen todo mi apoyo la idea es frenar a este tipo<\/em>\u00bb, a\u00f1adi\u00f3 Toro.<\/p>\n<p>Diario El Trabajo habl\u00f3 telef\u00f3nicamente con el denunciado Gustavo Contreras, le explicamos las denuncias contra su persona y acord\u00f3 venir de inmediato a nuestra Sala de Redacci\u00f3n para dar su versi\u00f3n de los hechos. Lo seguimos esperando.<\/p>\n<p><strong>Roberto Gonz\u00e1lez Short<\/strong><\/p>\n<p>&nbsp;<\/p>\n<figure id=\"attachment_96808\" aria-describedby=\"caption-attachment-96808\" style=\"width: 577px\" class=\"wp-caption alignnone\"><img data-recalc-dims=\"1\" loading=\"lazy\" decoding=\"async\" class=\"size-full wp-image-96808\" src=\"https:\/\/i0.wp.com\/www.eltrabajo.cl\/portal\/wp-content\/uploads\/2020\/01\/Duende1.jpg?resize=577%2C250\" alt=\"Y COBR\u00d3 UN MILL\u00d3N.- A la derecha vemos el auto como lo ingres\u00f3 al taller \u00c9rika Segura, a la derecha vemos c\u00f3mo lo desmantel\u00f3 Gustavo Contreras para sus prop\u00f3sitos.\" width=\"577\" height=\"250\" srcset=\"https:\/\/i0.wp.com\/eltrabajo.cl\/portal\/wp-content\/uploads\/2020\/01\/Duende1.jpg?w=577&amp;ssl=1 577w, https:\/\/i0.wp.com\/eltrabajo.cl\/portal\/wp-content\/uploads\/2020\/01\/Duende1.jpg?resize=300%2C130&amp;ssl=1 300w, https:\/\/i0.wp.com\/eltrabajo.cl\/portal\/wp-content\/uploads\/2020\/01\/Duende1.jpg?resize=200%2C87&amp;ssl=1 200w, https:\/\/i0.wp.com\/eltrabajo.cl\/portal\/wp-content\/uploads\/2020\/01\/Duende1.jpg?resize=400%2C173&amp;ssl=1 400w\" sizes=\"auto, (max-width: 577px) 100vw, 577px\" \/><figcaption id=\"caption-attachment-96808\" class=\"wp-caption-text\">Y COBR\u00d3 UN MILL\u00d3N.- A la derecha vemos el auto como lo ingres\u00f3 al taller \u00c9rika Segura, a la derecha vemos c\u00f3mo lo desmantel\u00f3 Gustavo Contreras para sus prop\u00f3sitos.<\/figcaption><\/figure>\n<p>&nbsp;<\/p>\n<figure id=\"attachment_96809\" aria-describedby=\"caption-attachment-96809\" style=\"width: 579px\" class=\"wp-caption alignnone\"><img data-recalc-dims=\"1\" loading=\"lazy\" decoding=\"async\" class=\"size-full wp-image-96809\" src=\"https:\/\/i0.wp.com\/www.eltrabajo.cl\/portal\/wp-content\/uploads\/2020\/01\/Duende2.jpg?resize=579%2C326\" alt=\"Y COBR\u00d3 UN MILL\u00d3N.- A la derecha vemos el auto como lo ingres\u00f3 al taller \u00c9rika Segura, a la derecha vemos c\u00f3mo lo desmantel\u00f3 Gustavo Contreras para sus prop\u00f3sitos.\" width=\"579\" height=\"326\" srcset=\"https:\/\/i0.wp.com\/eltrabajo.cl\/portal\/wp-content\/uploads\/2020\/01\/Duende2.jpg?w=579&amp;ssl=1 579w, https:\/\/i0.wp.com\/eltrabajo.cl\/portal\/wp-content\/uploads\/2020\/01\/Duende2.jpg?resize=300%2C169&amp;ssl=1 300w, https:\/\/i0.wp.com\/eltrabajo.cl\/portal\/wp-content\/uploads\/2020\/01\/Duende2.jpg?resize=200%2C113&amp;ssl=1 200w, https:\/\/i0.wp.com\/eltrabajo.cl\/portal\/wp-content\/uploads\/2020\/01\/Duende2.jpg?resize=266%2C150&amp;ssl=1 266w, https:\/\/i0.wp.com\/eltrabajo.cl\/portal\/wp-content\/uploads\/2020\/01\/Duende2.jpg?resize=400%2C225&amp;ssl=1 400w\" sizes=\"auto, (max-width: 579px) 100vw, 579px\" \/><figcaption id=\"caption-attachment-96809\" class=\"wp-caption-text\">Y COBR\u00d3 UN MILL\u00d3N.- A la derecha vemos el auto como lo ingres\u00f3 al taller \u00c9rika Segura, a la derecha vemos c\u00f3mo lo desmantel\u00f3 Gustavo Contreras para sus prop\u00f3sitos.<\/figcaption><\/figure>\n<p>&nbsp;<\/p>\n<figure id=\"attachment_96807\" aria-describedby=\"caption-attachment-96807\" style=\"width: 580px\" class=\"wp-caption alignnone\"><img data-recalc-dims=\"1\" loading=\"lazy\" decoding=\"async\" class=\"size-full wp-image-96807\" src=\"https:\/\/i0.wp.com\/www.eltrabajo.cl\/portal\/wp-content\/uploads\/2020\/01\/Duende_Sergio-Toro.jpg?resize=580%2C600\" alt=\"Due\u00f1o de la propiedad donde est\u00e1 este \u2018deshuesadero\u2019 disfrazado de taller, Sergio Toro\" width=\"580\" height=\"600\" srcset=\"https:\/\/i0.wp.com\/eltrabajo.cl\/portal\/wp-content\/uploads\/2020\/01\/Duende_Sergio-Toro.jpg?w=580&amp;ssl=1 580w, https:\/\/i0.wp.com\/eltrabajo.cl\/portal\/wp-content\/uploads\/2020\/01\/Duende_Sergio-Toro.jpg?resize=290%2C300&amp;ssl=1 290w, https:\/\/i0.wp.com\/eltrabajo.cl\/portal\/wp-content\/uploads\/2020\/01\/Duende_Sergio-Toro.jpg?resize=145%2C150&amp;ssl=1 145w, https:\/\/i0.wp.com\/eltrabajo.cl\/portal\/wp-content\/uploads\/2020\/01\/Duende_Sergio-Toro.jpg?resize=400%2C414&amp;ssl=1 400w\" sizes=\"auto, (max-width: 580px) 100vw, 580px\" \/><figcaption id=\"caption-attachment-96807\" class=\"wp-caption-text\">Due\u00f1o de la propiedad donde est\u00e1 este \u2018deshuesadero\u2019 disfrazado de taller, Sergio Toro<\/figcaption><\/figure>\n<p>&nbsp;<\/p>\n<figure id=\"attachment_96806\" aria-describedby=\"caption-attachment-96806\" style=\"width: 579px\" class=\"wp-caption alignnone\"><img data-recalc-dims=\"1\" loading=\"lazy\" decoding=\"async\" class=\"size-full wp-image-96806\" src=\"https:\/\/i0.wp.com\/www.eltrabajo.cl\/portal\/wp-content\/uploads\/2020\/01\/Duende_Hernan-Subicueta.jpg?resize=579%2C600\" alt=\"Hern\u00e1n Subicueta, otro afectado por este mec\u00e1nico.\" width=\"579\" height=\"600\" srcset=\"https:\/\/i0.wp.com\/eltrabajo.cl\/portal\/wp-content\/uploads\/2020\/01\/Duende_Hernan-Subicueta.jpg?w=579&amp;ssl=1 579w, https:\/\/i0.wp.com\/eltrabajo.cl\/portal\/wp-content\/uploads\/2020\/01\/Duende_Hernan-Subicueta.jpg?resize=290%2C300&amp;ssl=1 290w, https:\/\/i0.wp.com\/eltrabajo.cl\/portal\/wp-content\/uploads\/2020\/01\/Duende_Hernan-Subicueta.jpg?resize=145%2C150&amp;ssl=1 145w, https:\/\/i0.wp.com\/eltrabajo.cl\/portal\/wp-content\/uploads\/2020\/01\/Duende_Hernan-Subicueta.jpg?resize=400%2C415&amp;ssl=1 400w\" sizes=\"auto, (max-width: 579px) 100vw, 579px\" \/><figcaption id=\"caption-attachment-96806\" class=\"wp-caption-text\">Hern\u00e1n Subicueta, otro afectado por este mec\u00e1nico.<\/figcaption><\/figure>\n<p>&nbsp;<\/p>\n<figure id=\"attachment_96804\" aria-describedby=\"caption-attachment-96804\" style=\"width: 579px\" class=\"wp-caption alignnone\"><img data-recalc-dims=\"1\" loading=\"lazy\" decoding=\"async\" class=\"size-full wp-image-96804\" src=\"https:\/\/i0.wp.com\/www.eltrabajo.cl\/portal\/wp-content\/uploads\/2020\/01\/Duende_Erika-Segura.jpg?resize=579%2C600\" alt=\"\u00c9rika Segura, una de las estafadas por \u2018El Duende\u2019 Contreras.\" width=\"579\" height=\"600\" srcset=\"https:\/\/i0.wp.com\/eltrabajo.cl\/portal\/wp-content\/uploads\/2020\/01\/Duende_Erika-Segura.jpg?w=579&amp;ssl=1 579w, https:\/\/i0.wp.com\/eltrabajo.cl\/portal\/wp-content\/uploads\/2020\/01\/Duende_Erika-Segura.jpg?resize=290%2C300&amp;ssl=1 290w, https:\/\/i0.wp.com\/eltrabajo.cl\/portal\/wp-content\/uploads\/2020\/01\/Duende_Erika-Segura.jpg?resize=145%2C150&amp;ssl=1 145w, https:\/\/i0.wp.com\/eltrabajo.cl\/portal\/wp-content\/uploads\/2020\/01\/Duende_Erika-Segura.jpg?resize=400%2C415&amp;ssl=1 400w\" sizes=\"auto, (max-width: 579px) 100vw, 579px\" \/><figcaption id=\"caption-attachment-96804\" class=\"wp-caption-text\">\u00c9rika Segura, una de las estafadas por \u2018El Duende\u2019 Contreras.<\/figcaption><\/figure>\n<p>&nbsp;<\/p>\n<figure id=\"attachment_96805\" aria-describedby=\"caption-attachment-96805\" style=\"width: 579px\" class=\"wp-caption alignnone\"><img data-recalc-dims=\"1\" loading=\"lazy\" decoding=\"async\" class=\"size-full wp-image-96805\" src=\"https:\/\/i0.wp.com\/www.eltrabajo.cl\/portal\/wp-content\/uploads\/2020\/01\/Duende_Gustavo-Contreras.jpg?resize=579%2C600\" alt=\"Gustavo \u2018Duende\u2019 Contreras, declin\u00f3 conversar con Diario El Trabajo al ser consultado por las denuncias.\" width=\"579\" height=\"600\" srcset=\"https:\/\/i0.wp.com\/eltrabajo.cl\/portal\/wp-content\/uploads\/2020\/01\/Duende_Gustavo-Contreras.jpg?w=579&amp;ssl=1 579w, https:\/\/i0.wp.com\/eltrabajo.cl\/portal\/wp-content\/uploads\/2020\/01\/Duende_Gustavo-Contreras.jpg?resize=290%2C300&amp;ssl=1 290w, https:\/\/i0.wp.com\/eltrabajo.cl\/portal\/wp-content\/uploads\/2020\/01\/Duende_Gustavo-Contreras.jpg?resize=145%2C150&amp;ssl=1 145w, https:\/\/i0.wp.com\/eltrabajo.cl\/portal\/wp-content\/uploads\/2020\/01\/Duende_Gustavo-Contreras.jpg?resize=400%2C415&amp;ssl=1 400w\" sizes=\"auto, (max-width: 579px) 100vw, 579px\" \/><figcaption id=\"caption-attachment-96805\" class=\"wp-caption-text\">Gustavo \u2018Duende\u2019 Contreras, declin\u00f3 conversar con Diario El Trabajo al ser consultado por las denuncias.<\/figcaption><\/figure>\n","protected":false},"excerpt":{"rendered":"<p>Denuncian a mec\u00e1nico por Estafa y Apropiaci\u00f3n Indebida: Una serie de denuncias por Estafa y Apropiaci\u00f3n Indebida es la que en los \u00faltimos d\u00edas se ha interpuesto en contra de un mec\u00e1nico&#8230;<\/p>\n","protected":false},"author":482,"featured_media":96810,"comment_status":"open","ping_status":"open","sticky":false,"template":"","format":"standard","meta":{"advanced_seo_description":"","jetpack_seo_html_title":"","jetpack_seo_noindex":false,"_jetpack_memberships_contains_paid_content":false,"footnotes":""},"categories":[15],"tags":[],"class_list":["post-96803","post","type-post","status-publish","format-standard","has-post-thumbnail","hentry","category-comunidad"],"jetpack_featured_media_url":"https:\/\/i0.wp.com\/eltrabajo.cl\/portal\/wp-content\/uploads\/2020\/01\/duende-portada.jpg?fit=580%2C359&ssl=1","jetpack_sharing_enabled":true,"jetpack_likes_enabled":true,"jetpack-related-posts":[],"_links":{"self":[{"href":"https:\/\/eltrabajo.cl\/portal\/wp-json\/wp\/v2\/posts\/96803","targetHints":{"allow":["GET"]}}],"collection":[{"href":"https:\/\/eltrabajo.cl\/portal\/wp-json\/wp\/v2\/posts"}],"about":[{"href":"https:\/\/eltrabajo.cl\/portal\/wp-json\/wp\/v2\/types\/post"}],"author":[{"embeddable":true,"href":"https:\/\/eltrabajo.cl\/portal\/wp-json\/wp\/v2\/users\/482"}],"replies":[{"embeddable":true,"href":"https:\/\/eltrabajo.cl\/portal\/wp-json\/wp\/v2\/comments?post=96803"}],"version-history":[{"count":0,"href":"https:\/\/eltrabajo.cl\/portal\/wp-json\/wp\/v2\/posts\/96803\/revisions"}],"wp:featuredmedia":[{"embeddable":true,"href":"https:\/\/eltrabajo.cl\/portal\/wp-json\/wp\/v2\/media\/96810"}],"wp:attachment":[{"href":"https:\/\/eltrabajo.cl\/portal\/wp-json\/wp\/v2\/media?parent=96803"}],"wp:term":[{"taxonomy":"category","embeddable":true,"href":"https:\/\/eltrabajo.cl\/portal\/wp-json\/wp\/v2\/categories?post=96803"},{"taxonomy":"post_tag","embeddable":true,"href":"https:\/\/eltrabajo.cl\/portal\/wp-json\/wp\/v2\/tags?post=96803"}],"curies":[{"name":"wp","href":"https:\/\/api.w.org\/{rel}","templated":true}]}}