{"id":96812,"date":"2020-01-27T05:07:13","date_gmt":"2020-01-27T08:07:13","guid":{"rendered":"http:\/\/www.eltrabajo.cl\/portal\/?p=96812"},"modified":"2020-09-04T00:47:48","modified_gmt":"2020-09-04T04:47:48","slug":"un-muerto-y-ocho-heridos-tras-grave-accidente-vehicular-en-ruta-troncal-de-panquehue","status":"publish","type":"post","link":"https:\/\/eltrabajo.cl\/portal\/un-muerto-y-ocho-heridos-tras-grave-accidente-vehicular-en-ruta-troncal-de-panquehue\/","title":{"rendered":"Un muerto y ocho heridos tras grave accidente vehicular en ruta Troncal de Panquehue"},"content":{"rendered":"<p><span style=\"color: #ff0000;\"><strong>Jorge Sandoval Tapia falleci\u00f3 horas m\u00e1s tarde en el Hospital San Camilo:<\/strong><\/span><\/p>\n<ul>\n<li><strong>Ambos conductores registran domicilio en la comuna de Los Andes. Las causas basales de este lamentable accidente con resultado de muerte ocurrido pasado la medianoche de ayer domingo, est\u00e1n siendo investigadas por personal de la SIAT de Carabineros de San Felipe.<\/strong><\/li>\n<\/ul>\n<p><strong>Jorge Enrique Sandoval Tapia<\/strong>, domiciliado en la ciudad de Los Andes, falleci\u00f3 la madrugada de este domingo producto de una violenta colisi\u00f3n frontal entre dos veh\u00edculos en la ruta Troncal de Panquehue a la altura de El Escorial, dejando a otras ocho personas lesionadas de diversas consideraciones.<\/p>\n<p>Por causas que se investigan, el accidente ocurri\u00f3 pasado la medianoche de este domingo en circunstancias en que el veh\u00edculo marca Ssang Yong de color rojo habr\u00eda colisionado frontalmente contra el segundo autom\u00f3vil involucrado marca Dodge Durango de color beige en el kil\u00f3metro 23 de la ruta Troncal de Panquehue.<\/p>\n<p>A ra\u00edz del violento impacto entre los m\u00f3viles, un total de nueve personas resultaron lesionadas debiendo ser rescatadas por personal de Bomberos para luego ser derivadas en ambulancias del Samu a distintos centros hospitalarios de Los Andes y San Felipe.<\/p>\n<p>Lamentablemente el conductor del veh\u00edculo Ssang Yong identificado como Jorge Sandoval Tapia de 49 a\u00f1os de edad, falleci\u00f3 alrededor de las 06:00 horas de la madrugada de ayer domingo, tras sufrir lesiones de car\u00e1cter grave en el Hospital San Camilo de San Felipe.<\/p>\n<p>En tanto el segundo conductor identificado como Rub\u00e9n <strong><em>Eduardo Gaona Madrid<\/em><\/strong>, de 51 a\u00f1os de edad, domiciliado en la comuna de Los Andes, quien de igual forma result\u00f3 lesionado, viajaba junto a <strong><em>Mar\u00eda Alejandra Alegr\u00eda Delgado<\/em><\/strong> resultando esta \u00faltima sin lesiones; <strong><em>A.U.R.<\/em><\/strong> diagnosticada con lesiones leves; <strong><em>J.G.A.<\/em><\/strong> con lesiones menos graves; <strong><em>M.G.A.<\/em><\/strong> con lesiones menos graves; <strong><em>Cristian Rodr\u00edguez Navarrete <\/em><\/strong>con lesiones leves y <strong><em>Carolina Alegr\u00eda Delgado<\/em><\/strong> result\u00f3 con lesiones de car\u00e1cter grave, seg\u00fan inform\u00f3 Carabineros.<\/p>\n<p>Asimismo, <strong><em>Andr\u00e9s Gonz\u00e1lez Illanes<\/em><\/strong>, quien aborda el veh\u00edculo conducido por Jorge Sandoval Tapia, result\u00f3 con lesiones de car\u00e1cter grave. Por instrucci\u00f3n del Fiscal de Turno, dispuso de la concurrencia del personal de la Subcomisar\u00eda Investigadora de Accidentes de Tr\u00e1nsito (SIAT) de Carabineros de San Felipe para indagar las causas basales de este lamentable accidente con resultado de muerte.<\/p>\n<p><strong>Pablo Salinas Sald\u00edas<\/strong><\/p>\n<p>&nbsp;<\/p>\n<figure id=\"attachment_96815\" aria-describedby=\"caption-attachment-96815\" style=\"width: 580px\" class=\"wp-caption alignnone\"><img data-recalc-dims=\"1\" loading=\"lazy\" decoding=\"async\" class=\"size-full wp-image-96815\" src=\"https:\/\/i0.wp.com\/www.eltrabajo.cl\/portal\/wp-content\/uploads\/2020\/01\/accidente2.jpg?resize=580%2C360\" alt=\"Personal de Bomberos rescat\u00f3 a los nueve tripulantes de ambos veh\u00edculos involucrados.\" width=\"580\" height=\"360\" srcset=\"https:\/\/i0.wp.com\/eltrabajo.cl\/portal\/wp-content\/uploads\/2020\/01\/accidente2.jpg?w=580&amp;ssl=1 580w, https:\/\/i0.wp.com\/eltrabajo.cl\/portal\/wp-content\/uploads\/2020\/01\/accidente2.jpg?resize=300%2C186&amp;ssl=1 300w, https:\/\/i0.wp.com\/eltrabajo.cl\/portal\/wp-content\/uploads\/2020\/01\/accidente2.jpg?resize=200%2C124&amp;ssl=1 200w, https:\/\/i0.wp.com\/eltrabajo.cl\/portal\/wp-content\/uploads\/2020\/01\/accidente2.jpg?resize=242%2C150&amp;ssl=1 242w, https:\/\/i0.wp.com\/eltrabajo.cl\/portal\/wp-content\/uploads\/2020\/01\/accidente2.jpg?resize=400%2C248&amp;ssl=1 400w\" sizes=\"auto, (max-width: 580px) 100vw, 580px\" \/><figcaption id=\"caption-attachment-96815\" class=\"wp-caption-text\">Personal de Bomberos rescat\u00f3 a los nueve tripulantes de ambos veh\u00edculos involucrados.<\/figcaption><\/figure>\n<p>&nbsp;<\/p>\n<figure id=\"attachment_96814\" aria-describedby=\"caption-attachment-96814\" style=\"width: 580px\" class=\"wp-caption alignnone\"><img data-recalc-dims=\"1\" loading=\"lazy\" decoding=\"async\" class=\"size-full wp-image-96814\" src=\"https:\/\/i0.wp.com\/www.eltrabajo.cl\/portal\/wp-content\/uploads\/2020\/01\/accidente1.jpg?resize=580%2C359\" alt=\"El grave accidente ocurri\u00f3 en la ruta Troncal de Panquehue. (Fotograf\u00edas: Preludio Radio).\" width=\"580\" height=\"359\" srcset=\"https:\/\/i0.wp.com\/eltrabajo.cl\/portal\/wp-content\/uploads\/2020\/01\/accidente1.jpg?w=580&amp;ssl=1 580w, https:\/\/i0.wp.com\/eltrabajo.cl\/portal\/wp-content\/uploads\/2020\/01\/accidente1.jpg?resize=300%2C186&amp;ssl=1 300w, https:\/\/i0.wp.com\/eltrabajo.cl\/portal\/wp-content\/uploads\/2020\/01\/accidente1.jpg?resize=200%2C124&amp;ssl=1 200w, https:\/\/i0.wp.com\/eltrabajo.cl\/portal\/wp-content\/uploads\/2020\/01\/accidente1.jpg?resize=242%2C150&amp;ssl=1 242w, https:\/\/i0.wp.com\/eltrabajo.cl\/portal\/wp-content\/uploads\/2020\/01\/accidente1.jpg?resize=400%2C248&amp;ssl=1 400w\" sizes=\"auto, (max-width: 580px) 100vw, 580px\" \/><figcaption id=\"caption-attachment-96814\" class=\"wp-caption-text\">El grave accidente ocurri\u00f3 en la ruta Troncal de Panquehue. (Fotograf\u00edas: Preludio Radio).<\/figcaption><\/figure>\n<p>&nbsp;<\/p>\n<figure id=\"attachment_96816\" aria-describedby=\"caption-attachment-96816\" style=\"width: 580px\" class=\"wp-caption alignnone\"><img data-recalc-dims=\"1\" loading=\"lazy\" decoding=\"async\" class=\"size-full wp-image-96816\" src=\"https:\/\/i0.wp.com\/www.eltrabajo.cl\/portal\/wp-content\/uploads\/2020\/01\/accidente3.jpg?resize=580%2C358\" alt=\"Las causas del accidente est\u00e1n siendo investigadas por parte de la SIAT de Carabineros de San Felipe.\" width=\"580\" height=\"358\" srcset=\"https:\/\/i0.wp.com\/eltrabajo.cl\/portal\/wp-content\/uploads\/2020\/01\/accidente3.jpg?w=580&amp;ssl=1 580w, https:\/\/i0.wp.com\/eltrabajo.cl\/portal\/wp-content\/uploads\/2020\/01\/accidente3.jpg?resize=300%2C185&amp;ssl=1 300w, https:\/\/i0.wp.com\/eltrabajo.cl\/portal\/wp-content\/uploads\/2020\/01\/accidente3.jpg?resize=200%2C123&amp;ssl=1 200w, https:\/\/i0.wp.com\/eltrabajo.cl\/portal\/wp-content\/uploads\/2020\/01\/accidente3.jpg?resize=243%2C150&amp;ssl=1 243w, https:\/\/i0.wp.com\/eltrabajo.cl\/portal\/wp-content\/uploads\/2020\/01\/accidente3.jpg?resize=400%2C247&amp;ssl=1 400w\" sizes=\"auto, (max-width: 580px) 100vw, 580px\" \/><figcaption id=\"caption-attachment-96816\" class=\"wp-caption-text\">Las causas del accidente est\u00e1n siendo investigadas por parte de la SIAT de Carabineros de San Felipe.<\/figcaption><\/figure>\n<p>&nbsp;<\/p>\n<figure id=\"attachment_96813\" aria-describedby=\"caption-attachment-96813\" style=\"width: 577px\" class=\"wp-caption alignnone\"><img data-recalc-dims=\"1\" loading=\"lazy\" decoding=\"async\" class=\"size-full wp-image-96813\" src=\"https:\/\/i0.wp.com\/www.eltrabajo.cl\/portal\/wp-content\/uploads\/2020\/01\/accidente-jorge-sandoval.jpg?resize=577%2C360\" alt=\"Jorge Enrique Sandoval Tapia falleci\u00f3 a consecuencia de las graves lesiones sufridas tras protagonizar un accidente de tr\u00e1nsito la madrugada de ayer domingo.\" width=\"577\" height=\"360\" srcset=\"https:\/\/i0.wp.com\/eltrabajo.cl\/portal\/wp-content\/uploads\/2020\/01\/accidente-jorge-sandoval.jpg?w=577&amp;ssl=1 577w, https:\/\/i0.wp.com\/eltrabajo.cl\/portal\/wp-content\/uploads\/2020\/01\/accidente-jorge-sandoval.jpg?resize=300%2C187&amp;ssl=1 300w, https:\/\/i0.wp.com\/eltrabajo.cl\/portal\/wp-content\/uploads\/2020\/01\/accidente-jorge-sandoval.jpg?resize=200%2C125&amp;ssl=1 200w, https:\/\/i0.wp.com\/eltrabajo.cl\/portal\/wp-content\/uploads\/2020\/01\/accidente-jorge-sandoval.jpg?resize=240%2C150&amp;ssl=1 240w, https:\/\/i0.wp.com\/eltrabajo.cl\/portal\/wp-content\/uploads\/2020\/01\/accidente-jorge-sandoval.jpg?resize=400%2C250&amp;ssl=1 400w\" sizes=\"auto, (max-width: 577px) 100vw, 577px\" \/><figcaption id=\"caption-attachment-96813\" class=\"wp-caption-text\">Jorge Enrique Sandoval Tapia falleci\u00f3 a consecuencia de las graves lesiones sufridas tras protagonizar un accidente de tr\u00e1nsito la madrugada de ayer domingo.<\/figcaption><\/figure>\n","protected":false},"excerpt":{"rendered":"<p>Jorge Sandoval Tapia falleci\u00f3 horas m\u00e1s tarde en el Hospital San Camilo: Ambos conductores registran domicilio en la comuna de Los Andes. Las causas basales de este lamentable accidente con resultado de&#8230;<\/p>\n","protected":false},"author":482,"featured_media":96815,"comment_status":"open","ping_status":"open","sticky":false,"template":"","format":"standard","meta":{"advanced_seo_description":"","jetpack_seo_html_title":"","jetpack_seo_noindex":false,"_jetpack_memberships_contains_paid_content":false,"footnotes":""},"categories":[21],"tags":[],"class_list":["post-96812","post","type-post","status-publish","format-standard","has-post-thumbnail","hentry","category-policial"],"jetpack_featured_media_url":"https:\/\/i0.wp.com\/eltrabajo.cl\/portal\/wp-content\/uploads\/2020\/01\/accidente2.jpg?fit=580%2C360&ssl=1","jetpack_sharing_enabled":true,"jetpack_likes_enabled":true,"jetpack-related-posts":[],"_links":{"self":[{"href":"https:\/\/eltrabajo.cl\/portal\/wp-json\/wp\/v2\/posts\/96812","targetHints":{"allow":["GET"]}}],"collection":[{"href":"https:\/\/eltrabajo.cl\/portal\/wp-json\/wp\/v2\/posts"}],"about":[{"href":"https:\/\/eltrabajo.cl\/portal\/wp-json\/wp\/v2\/types\/post"}],"author":[{"embeddable":true,"href":"https:\/\/eltrabajo.cl\/portal\/wp-json\/wp\/v2\/users\/482"}],"replies":[{"embeddable":true,"href":"https:\/\/eltrabajo.cl\/portal\/wp-json\/wp\/v2\/comments?post=96812"}],"version-history":[{"count":0,"href":"https:\/\/eltrabajo.cl\/portal\/wp-json\/wp\/v2\/posts\/96812\/revisions"}],"wp:featuredmedia":[{"embeddable":true,"href":"https:\/\/eltrabajo.cl\/portal\/wp-json\/wp\/v2\/media\/96815"}],"wp:attachment":[{"href":"https:\/\/eltrabajo.cl\/portal\/wp-json\/wp\/v2\/media?parent=96812"}],"wp:term":[{"taxonomy":"category","embeddable":true,"href":"https:\/\/eltrabajo.cl\/portal\/wp-json\/wp\/v2\/categories?post=96812"},{"taxonomy":"post_tag","embeddable":true,"href":"https:\/\/eltrabajo.cl\/portal\/wp-json\/wp\/v2\/tags?post=96812"}],"curies":[{"name":"wp","href":"https:\/\/api.w.org\/{rel}","templated":true}]}}