{"id":96824,"date":"2020-01-28T05:03:54","date_gmt":"2020-01-28T08:03:54","guid":{"rendered":"http:\/\/www.eltrabajo.cl\/portal\/?p=96824"},"modified":"2020-01-27T21:43:14","modified_gmt":"2020-01-28T00:43:14","slug":"joven-sanfelipeno-integra-la-nomina-definitiva-de-la-seleccion-chilena-de-futsal","status":"publish","type":"post","link":"https:\/\/eltrabajo.cl\/portal\/joven-sanfelipeno-integra-la-nomina-definitiva-de-la-seleccion-chilena-de-futsal\/","title":{"rendered":"Joven sanfelipe\u00f1o integra la n\u00f3mina definitiva de la Selecci\u00f3n Chilena de Futsal"},"content":{"rendered":"<p>A\u00f1os de sacrificio y aprendizaje adquiridos durante su etapa como cadete en el Un\u00ed Un\u00ed, m\u00e1s otras experiencias en el mundo del f\u00fatbol, comienzan a tener recompensa para el joven aconcag\u00fcino <strong>Benjam\u00edn Fuentes Navarro<\/strong>.<\/p>\n<p>El actual cuida tubos de Coquimbo Unido en el Futsal, fue notificado ayer que integrar\u00e1 la Selecci\u00f3n Chilena de la disciplina en las clasificatorias sudamericanas Brasil 2020, la que dar\u00e1 dos pasajes para el Mundial FIFA de Lituania de este a\u00f1o.<\/p>\n<p>Fuentes Navarro ya sabe de selecciones chilenas porque los a\u00f1os 2018 y 2019 jug\u00f3 ligas sudamericanas en Per\u00fa, Paraguay y Argentina, respectivamente, lo que lo convierten en un elemento de confianza para el estratego <strong>Vicente De Luise<\/strong>, que convoc\u00f3 a 14 jugadores para este gran desaf\u00edo internacional.<\/p>\n<p>La Roja de Futsal est\u00e1 sembrada en el grupo A, junto a los combinados de Argentina, Uruguay, Venezuela y Bolivia.<\/p>\n<p>&nbsp;<\/p>\n<figure id=\"attachment_96825\" aria-describedby=\"caption-attachment-96825\" style=\"width: 580px\" class=\"wp-caption alignnone\"><img data-recalc-dims=\"1\" loading=\"lazy\" decoding=\"async\" class=\"size-full wp-image-96825\" src=\"https:\/\/i0.wp.com\/www.eltrabajo.cl\/portal\/wp-content\/uploads\/2020\/01\/benja-fuentes.jpg?resize=580%2C358\" alt=\"Benjam\u00edn Fuentes ser\u00e1 uno de los arqueros de Chile en las eliminatorias para el Mundial de Lituania.\" width=\"580\" height=\"358\" srcset=\"https:\/\/i0.wp.com\/eltrabajo.cl\/portal\/wp-content\/uploads\/2020\/01\/benja-fuentes.jpg?w=580&amp;ssl=1 580w, https:\/\/i0.wp.com\/eltrabajo.cl\/portal\/wp-content\/uploads\/2020\/01\/benja-fuentes.jpg?resize=300%2C185&amp;ssl=1 300w, https:\/\/i0.wp.com\/eltrabajo.cl\/portal\/wp-content\/uploads\/2020\/01\/benja-fuentes.jpg?resize=200%2C123&amp;ssl=1 200w, https:\/\/i0.wp.com\/eltrabajo.cl\/portal\/wp-content\/uploads\/2020\/01\/benja-fuentes.jpg?resize=243%2C150&amp;ssl=1 243w, https:\/\/i0.wp.com\/eltrabajo.cl\/portal\/wp-content\/uploads\/2020\/01\/benja-fuentes.jpg?resize=400%2C247&amp;ssl=1 400w\" sizes=\"auto, (max-width: 580px) 100vw, 580px\" \/><figcaption id=\"caption-attachment-96825\" class=\"wp-caption-text\">Benjam\u00edn Fuentes ser\u00e1 uno de los arqueros de Chile en las eliminatorias para el Mundial de Lituania.<\/figcaption><\/figure>\n","protected":false},"excerpt":{"rendered":"<p>A\u00f1os de sacrificio y aprendizaje adquiridos durante su etapa como cadete en el Un\u00ed Un\u00ed, m\u00e1s otras experiencias en el mundo del f\u00fatbol, comienzan a tener recompensa para el joven aconcag\u00fcino Benjam\u00edn&#8230;<\/p>\n","protected":false},"author":482,"featured_media":96825,"comment_status":"open","ping_status":"open","sticky":false,"template":"","format":"standard","meta":{"advanced_seo_description":"","jetpack_seo_html_title":"","jetpack_seo_noindex":false,"_jetpack_memberships_contains_paid_content":false,"footnotes":""},"categories":[19],"tags":[],"class_list":["post-96824","post","type-post","status-publish","format-standard","has-post-thumbnail","hentry","category-deportes"],"jetpack_featured_media_url":"https:\/\/i0.wp.com\/eltrabajo.cl\/portal\/wp-content\/uploads\/2020\/01\/benja-fuentes.jpg?fit=580%2C358&ssl=1","jetpack_sharing_enabled":true,"jetpack_likes_enabled":true,"jetpack-related-posts":[],"_links":{"self":[{"href":"https:\/\/eltrabajo.cl\/portal\/wp-json\/wp\/v2\/posts\/96824","targetHints":{"allow":["GET"]}}],"collection":[{"href":"https:\/\/eltrabajo.cl\/portal\/wp-json\/wp\/v2\/posts"}],"about":[{"href":"https:\/\/eltrabajo.cl\/portal\/wp-json\/wp\/v2\/types\/post"}],"author":[{"embeddable":true,"href":"https:\/\/eltrabajo.cl\/portal\/wp-json\/wp\/v2\/users\/482"}],"replies":[{"embeddable":true,"href":"https:\/\/eltrabajo.cl\/portal\/wp-json\/wp\/v2\/comments?post=96824"}],"version-history":[{"count":0,"href":"https:\/\/eltrabajo.cl\/portal\/wp-json\/wp\/v2\/posts\/96824\/revisions"}],"wp:featuredmedia":[{"embeddable":true,"href":"https:\/\/eltrabajo.cl\/portal\/wp-json\/wp\/v2\/media\/96825"}],"wp:attachment":[{"href":"https:\/\/eltrabajo.cl\/portal\/wp-json\/wp\/v2\/media?parent=96824"}],"wp:term":[{"taxonomy":"category","embeddable":true,"href":"https:\/\/eltrabajo.cl\/portal\/wp-json\/wp\/v2\/categories?post=96824"},{"taxonomy":"post_tag","embeddable":true,"href":"https:\/\/eltrabajo.cl\/portal\/wp-json\/wp\/v2\/tags?post=96824"}],"curies":[{"name":"wp","href":"https:\/\/api.w.org\/{rel}","templated":true}]}}