{"id":96827,"date":"2020-01-28T05:04:20","date_gmt":"2020-01-28T08:04:20","guid":{"rendered":"http:\/\/www.eltrabajo.cl\/portal\/?p=96827"},"modified":"2020-01-27T21:46:23","modified_gmt":"2020-01-28T00:46:23","slug":"la-victima-murio-de-un-shock-diabetico-por-lo-tanto-no-hay-homicidio","status":"publish","type":"post","link":"https:\/\/eltrabajo.cl\/portal\/la-victima-murio-de-un-shock-diabetico-por-lo-tanto-no-hay-homicidio\/","title":{"rendered":"\u201cLa v\u00edctima muri\u00f3 de un shock diab\u00e9tico por lo tanto no hay homicidio\u201d"},"content":{"rendered":"<p><span style=\"color: #ff0000;\"><strong>Afirma abogado defensor de Cristian Mu\u00f1oz:<\/strong><\/span><\/p>\n<ul>\n<li><strong>El jurista refiere adem\u00e1s que su representado, por su condici\u00f3n de autismo, es inimputable de los cargos de homicidio que sostiene la Fiscal\u00eda, persiguiendo que el joven sea absuelto de las acusaciones en su contra.<\/strong><\/li>\n<\/ul>\n<p>La muerte de <strong>Susana Sanhueza Aravena<\/strong> a\u00fan sigue siendo un misterio, toda vez que la Fiscal\u00eda sostiene que el caso ser\u00eda un homicidio al revelarse que la causa de muerte de la joven, ocurrida en el archivero municipal de calle Prat en San Felipe, ser\u00eda una asfixia por sofocaci\u00f3n, mientras que la Defensa del acusado <strong>Cristian Mu\u00f1oz Mu\u00f1oz<\/strong>, se\u00f1ala categ\u00f3ricamente que la v\u00edctima habr\u00eda muerto de un shock diab\u00e9tico tras la falta de suministro de insulina.<\/p>\n<p>Hasta la fecha Mu\u00f1oz contin\u00faa internado en la Unidad de Evaluaci\u00f3n de Pacientes Imputados (UEPI) del Hospital Psiqui\u00e1trico de Putaendo, confirm\u00e1ndose su condici\u00f3n de autismo y de acuerdo a profesionales de la psiquiatr\u00eda, no ser\u00eda responsable de sus actos.<\/p>\n<p>Sin embargo, instituciones como el Servicio M\u00e9dico Legal e Instituto de Psiquiatr\u00eda Doctor Jos\u00e9 Horwits Barak, de Santiago, sostienen tras evaluaciones al paciente acusado, padecer de trastorno del espectro autista y que es plenamente responsable y con capacidad para discernir.<\/p>\n<p>No obstante, en entrevista con el abogado defensor, <strong>Mat\u00edas Mundaca Campos<\/strong>, argument\u00f3 en exclusiva a <strong>Diario El Trabajo<\/strong> que de acuerdo a las pericias efectuadas por un perito en Tanatolog\u00eda, Susana Sanhueza habr\u00eda fallecido a falta de su dosis de insulina, sufriendo un shock diab\u00e9tico en los momentos que se encontraba en el archivero municipal junto a Cristian Mu\u00f1oz, y de esta forma se demostrar\u00eda en el juicio con lo cual espera derrumbar la tesis de la Fiscal\u00eda que sostiene un homicidio.<\/p>\n<p>\u201c<em>Nosotros vamos a pedir que se absuelva porque no hay homicidio acreditado, ni un acto criminal sobre la v\u00edctima comprobado cient\u00edficamente. Sostenemos que la v\u00edctima muri\u00f3 de un shock diab\u00e9tico o coma diab\u00e9tico, que no hay intervenci\u00f3n de terceras personas, por lo tanto no hay homicidio. En el caso que hubiera un homicidio, la participaci\u00f3n de mi representado no est\u00e1 debidamente acreditada, y en el \u00faltimo caso que se diera la teor\u00eda subsidiaria que lo lleguen a encontrar culpable, nosotros creemos que es inimputable por su condici\u00f3n de autismo y esas son las teor\u00edas que vamos a defender en el juicio\u201d.<\/em><\/p>\n<p>&#8211; <strong>\u00bfQu\u00e9 diagn\u00f3stico arroja la \u00faltima pericia psiqui\u00e1trica efectuada en Santiago?<\/strong><\/p>\n<p>&#8211; Que tiene autismo, pero es plenamente responsable de sus actos, seg\u00fan la pericia del Instituto (Dr. Jos\u00e9 Horwits Barak). Seg\u00fan la pericia del Instituto M\u00e9dico Legal tambi\u00e9n.\u00a0 Seg\u00fan la pericia efectuada en el Hospital Philippe Pinel (de Putaendo), no es responsable de sus actos. Seg\u00fan un m\u00e9dico privado que se contrat\u00f3 al principio, tampoco es responsable de sus actos. Entonces es un tema claramente que tendr\u00e1 que resolver el Tribunal Oral, a qui\u00e9n le cree m\u00e1s, cu\u00e1les fueron los mejores peritos.<\/p>\n<p>&#8211; <strong>La Fiscal\u00eda perseguir\u00e1 una pena de 12 a\u00f1os de c\u00e1rcel.<\/strong><\/p>\n<p>&#8211; S\u00ed, eso es lo que pide la Fiscal\u00eda. El papel aguanta todo, pero esperemos que la Fiscal\u00eda logre probar si es un homicidio, que mi cliente es el autor de homicidio y en el caso de ser el autor, si es responsable penalmente o no. Porque si el Tribunal estima que no tiene responsabilidad por sus actos, va a ser absuelto, porque ese es el riesgo que corre el Ministerio P\u00fablico, que lo podr\u00eda haber acusado como una persona demente y haber pedido una medida de seguridad de 10 a\u00f1os y as\u00ed lo hubieran internado los 10 a\u00f1os, pero el Ministerio P\u00fablico lo acus\u00f3 como una persona normal, tanto de correr el riesgo que el Tribunal estime que la persona es inimputable, por lo tanto tiene que absolver.<\/p>\n<p>&#8211; <strong>El resultado de la autopsia arroja que la v\u00edctima habr\u00eda fallecido de asfixia por sofocaci\u00f3n.<\/strong><\/p>\n<p>&#8211; No hay ninguna prueba cient\u00edfica de la asfixia por sofocaci\u00f3n, la \u00fanica afirmaci\u00f3n del m\u00e9dico que hizo la autopsia que porque ten\u00eda una bolsa envuelta en la cabeza fue una sofocaci\u00f3n.\u00a0 Sin embargo no hay ning\u00fan signo de asfixia. Una persona apta para poder asfixiarla hay que efectuar una presi\u00f3n en el cuello para evitar que respire a trav\u00e9s de la bolsa. Nosotros llevamos un perito en tanatolog\u00eda que hizo un informe sobre la autopsia y esa pericia que nosotros tenemos indica que no hay intervenci\u00f3n de terceros y eso se va a discutir en el juicio.<\/p>\n<p>&#8211; <strong>\u00bfEntonces la v\u00edctima podr\u00eda haber muerto de un shock diab\u00e9tico?<\/strong><\/p>\n<p>&#8211; Claro, que se produce cuando la persona no se pone su dosis de insulina, que eso est\u00e1 acreditado en la investigaci\u00f3n que (Susana) no se puso la inyecci\u00f3n, se qued\u00f3, est\u00e1 incautada y est\u00e1 como prueba.<\/p>\n<p>&#8211; <strong>\u00bfCristian contin\u00faa internado en el Psiqui\u00e1trico de Putaendo?<\/strong><\/p>\n<p>&#8211; S\u00ed, est\u00e1 bastante recuperado, bastante bien, tranquilo, afirma que no ha cometido ning\u00fan delito. En realidad, la condici\u00f3n de ellos lo hace casi imposible que se pueda cometer un delito por una persona que es autista, pero todas estas cosas se van a dilucidar en el juicio.<\/p>\n<p><strong>Pablo Salinas Sald\u00edas<\/strong><\/p>\n<p>&nbsp;<\/p>\n<figure id=\"attachment_96831\" aria-describedby=\"caption-attachment-96831\" style=\"width: 580px\" class=\"wp-caption alignnone\"><img data-recalc-dims=\"1\" loading=\"lazy\" decoding=\"async\" class=\"size-full wp-image-96831\" src=\"https:\/\/i0.wp.com\/www.eltrabajo.cl\/portal\/wp-content\/uploads\/2020\/01\/IMPUTADO-CRISTIAN-MUNOZ-.jpg?resize=580%2C360\" alt=\"Cristian Mu\u00f1oz Mu\u00f1oz es acusado de homicidio de la joven Susana Sanhueza Aravena.\" width=\"580\" height=\"360\" srcset=\"https:\/\/i0.wp.com\/eltrabajo.cl\/portal\/wp-content\/uploads\/2020\/01\/IMPUTADO-CRISTIAN-MUNOZ-.jpg?w=580&amp;ssl=1 580w, https:\/\/i0.wp.com\/eltrabajo.cl\/portal\/wp-content\/uploads\/2020\/01\/IMPUTADO-CRISTIAN-MUNOZ-.jpg?resize=300%2C186&amp;ssl=1 300w, https:\/\/i0.wp.com\/eltrabajo.cl\/portal\/wp-content\/uploads\/2020\/01\/IMPUTADO-CRISTIAN-MUNOZ-.jpg?resize=200%2C124&amp;ssl=1 200w, https:\/\/i0.wp.com\/eltrabajo.cl\/portal\/wp-content\/uploads\/2020\/01\/IMPUTADO-CRISTIAN-MUNOZ-.jpg?resize=242%2C150&amp;ssl=1 242w, https:\/\/i0.wp.com\/eltrabajo.cl\/portal\/wp-content\/uploads\/2020\/01\/IMPUTADO-CRISTIAN-MUNOZ-.jpg?resize=400%2C248&amp;ssl=1 400w\" sizes=\"auto, (max-width: 580px) 100vw, 580px\" \/><figcaption id=\"caption-attachment-96831\" class=\"wp-caption-text\">Cristian Mu\u00f1oz Mu\u00f1oz es acusado de homicidio de la joven Susana Sanhueza Aravena.<\/figcaption><\/figure>\n<p>&nbsp;<\/p>\n<figure id=\"attachment_96830\" aria-describedby=\"caption-attachment-96830\" style=\"width: 580px\" class=\"wp-caption alignnone\"><img data-recalc-dims=\"1\" loading=\"lazy\" decoding=\"async\" class=\"size-full wp-image-96830\" src=\"https:\/\/i0.wp.com\/www.eltrabajo.cl\/portal\/wp-content\/uploads\/2020\/01\/CUERPO-DE-SUSANA.jpg?resize=580%2C360\" alt=\"El cuerpo de Susana Sanhueza fue hallado en avanzado estado de descomposici\u00f3n en marzo de 2017 en el archivero municipal de calle Prat en San Felipe.\" width=\"580\" height=\"360\" srcset=\"https:\/\/i0.wp.com\/eltrabajo.cl\/portal\/wp-content\/uploads\/2020\/01\/CUERPO-DE-SUSANA.jpg?w=580&amp;ssl=1 580w, https:\/\/i0.wp.com\/eltrabajo.cl\/portal\/wp-content\/uploads\/2020\/01\/CUERPO-DE-SUSANA.jpg?resize=300%2C186&amp;ssl=1 300w, https:\/\/i0.wp.com\/eltrabajo.cl\/portal\/wp-content\/uploads\/2020\/01\/CUERPO-DE-SUSANA.jpg?resize=200%2C124&amp;ssl=1 200w, https:\/\/i0.wp.com\/eltrabajo.cl\/portal\/wp-content\/uploads\/2020\/01\/CUERPO-DE-SUSANA.jpg?resize=242%2C150&amp;ssl=1 242w, https:\/\/i0.wp.com\/eltrabajo.cl\/portal\/wp-content\/uploads\/2020\/01\/CUERPO-DE-SUSANA.jpg?resize=400%2C248&amp;ssl=1 400w\" sizes=\"auto, (max-width: 580px) 100vw, 580px\" \/><figcaption id=\"caption-attachment-96830\" class=\"wp-caption-text\">El cuerpo de Susana Sanhueza fue hallado en avanzado estado de descomposici\u00f3n en marzo de 2017 en el archivero municipal de calle Prat en San Felipe.<\/figcaption><\/figure>\n","protected":false},"excerpt":{"rendered":"<p>Afirma abogado defensor de Cristian Mu\u00f1oz: El jurista refiere adem\u00e1s que su representado, por su condici\u00f3n de autismo, es inimputable de los cargos de homicidio que sostiene la Fiscal\u00eda, persiguiendo que el&#8230;<\/p>\n","protected":false},"author":482,"featured_media":96831,"comment_status":"open","ping_status":"open","sticky":false,"template":"","format":"standard","meta":{"advanced_seo_description":"","jetpack_seo_html_title":"","jetpack_seo_noindex":false,"_jetpack_memberships_contains_paid_content":false,"footnotes":""},"categories":[97],"tags":[],"class_list":["post-96827","post","type-post","status-publish","format-standard","has-post-thumbnail","hentry","category-tribunales"],"jetpack_featured_media_url":"https:\/\/i0.wp.com\/eltrabajo.cl\/portal\/wp-content\/uploads\/2020\/01\/IMPUTADO-CRISTIAN-MUNOZ-.jpg?fit=580%2C360&ssl=1","jetpack_sharing_enabled":true,"jetpack_likes_enabled":true,"jetpack-related-posts":[],"_links":{"self":[{"href":"https:\/\/eltrabajo.cl\/portal\/wp-json\/wp\/v2\/posts\/96827","targetHints":{"allow":["GET"]}}],"collection":[{"href":"https:\/\/eltrabajo.cl\/portal\/wp-json\/wp\/v2\/posts"}],"about":[{"href":"https:\/\/eltrabajo.cl\/portal\/wp-json\/wp\/v2\/types\/post"}],"author":[{"embeddable":true,"href":"https:\/\/eltrabajo.cl\/portal\/wp-json\/wp\/v2\/users\/482"}],"replies":[{"embeddable":true,"href":"https:\/\/eltrabajo.cl\/portal\/wp-json\/wp\/v2\/comments?post=96827"}],"version-history":[{"count":0,"href":"https:\/\/eltrabajo.cl\/portal\/wp-json\/wp\/v2\/posts\/96827\/revisions"}],"wp:featuredmedia":[{"embeddable":true,"href":"https:\/\/eltrabajo.cl\/portal\/wp-json\/wp\/v2\/media\/96831"}],"wp:attachment":[{"href":"https:\/\/eltrabajo.cl\/portal\/wp-json\/wp\/v2\/media?parent=96827"}],"wp:term":[{"taxonomy":"category","embeddable":true,"href":"https:\/\/eltrabajo.cl\/portal\/wp-json\/wp\/v2\/categories?post=96827"},{"taxonomy":"post_tag","embeddable":true,"href":"https:\/\/eltrabajo.cl\/portal\/wp-json\/wp\/v2\/tags?post=96827"}],"curies":[{"name":"wp","href":"https:\/\/api.w.org\/{rel}","templated":true}]}}