{"id":96833,"date":"2020-01-28T05:05:53","date_gmt":"2020-01-28T08:05:53","guid":{"rendered":"http:\/\/www.eltrabajo.cl\/portal\/?p=96833"},"modified":"2020-01-27T21:48:32","modified_gmt":"2020-01-28T00:48:32","slug":"en-marzo-juzgaran-a-cristian-munoz-por-homicidio-de-susana-sanhueza","status":"publish","type":"post","link":"https:\/\/eltrabajo.cl\/portal\/en-marzo-juzgaran-a-cristian-munoz-por-homicidio-de-susana-sanhueza\/","title":{"rendered":"En marzo juzgar\u00e1n a Cristian Mu\u00f1oz por homicidio de Susana Sanhueza"},"content":{"rendered":"<p><span style=\"color: #ff0000;\"><strong>Fiscal\u00eda perseguir\u00e1 12 a\u00f1os de c\u00e1rcel para imputado:<\/strong><\/span><\/p>\n<ul>\n<li><strong>A pocas semanas que se cumplan tres a\u00f1os del lamentable fallecimiento de la joven de 22 a\u00f1os en el archivero municipal, se llevar\u00e1 a efecto el esperado juicio en el Tribunal Oral en Lo Penal de San Felipe.<\/strong><\/li>\n<\/ul>\n<p>Para finales del pr\u00f3ximo mes de marzo se tendr\u00eda contemplada la realizaci\u00f3n del esperado juicio oral en contra de <strong>Cristian Mu\u00f1oz Mu\u00f1oz<\/strong>, quien sigue siendo imputado por el homicidio de <strong>Susana Sanhueza Aravena<\/strong>, quien fue hallada muerta en el archivero municipal de calle Prat en San Felipe el 7 de marzo del a\u00f1o 2017.<\/p>\n<p>Tras cumplirse casi tres a\u00f1os del hallazgo del cuerpo de la joven de 22 a\u00f1os de edad, domiciliada en la comuna de San Esteban, en el Juzgado de Garant\u00eda de San Felipe se realiz\u00f3 la audiencia de preparaci\u00f3n de juicio en contra del acusado.<\/p>\n<p>El Fiscal <strong>Eduardo Fajardo De La Cuba<\/strong> afirm\u00f3 a <strong>Diario El Trabajo<\/strong> que tras la audiencia efectuada, la Fiscal\u00eda perseguir\u00e1 que el imputado sea declarado culpable de homicidio y sentenciado a una pena de 12 a\u00f1os de\u00a0 c\u00e1rcel.<\/p>\n<p>\u201c<em>Se prepar\u00f3 el juicio, no hubo mayor discusi\u00f3n en torno a la exclusi\u00f3n de las pruebas de parte de la Defensa hacia la Fiscal\u00eda. La Defensa aport\u00f3 pruebas testimonial y algunos peritos en torno a la din\u00e1mica del juicio oral claramente por este tipo de homicidio particularmente (\u2026) El Tribunal Oral en Lo Penal de San Felipe tiene un plazo legal de fijar fecha probablemente en marzo que podr\u00eda caer este juicio\u201d.<\/em><\/p>\n<p>El imputado, quien ha sido sometido a diversas pericias psiqui\u00e1tricas, siendo la \u00faltima evaluaci\u00f3n en el Instituto Doctor Jos\u00e9 Horwits Barak en Santiago, a petici\u00f3n de la Defensa, concluye que Mu\u00f1oz padece de un trastorno del espectro autista y que no afectar\u00eda su capacidad de discernir.<\/p>\n<p>\u201c<em>El tema de la absoluci\u00f3n que plantear\u00e1 la Defensa, a lo que nosotros vamos a rebatir con las pruebas que tenemos.\u00a0 Tanto la culpabilidad as\u00ed como la posible inimputabilidad, imputabilidad disminuida, deber\u00e1 determinarlo el Tribunal.\u00a0 Tenemos varios antecedentes para plantear que s\u00ed se acredita la participaci\u00f3n y que se trata de una persona imputable. Estamos pidiendo una pena de 12 a\u00f1os de c\u00e1rcel\u201d,<\/em> sentenci\u00f3 el Fiscal Fajardo.<\/p>\n<p>Como se recordar\u00e1, la Polic\u00eda de Investigaciones estableci\u00f3 mediante la revisi\u00f3n de 300 horas de grabaciones de c\u00e1maras de seguridad de locales comerciales aleda\u00f1os al archivero municipal, y la clonaci\u00f3n del chip del celular de la v\u00edctima, la presunta participaci\u00f3n del imputado, quien confes\u00f3 haber colocado una bolsa pl\u00e1stica en la cabeza de Susana creyendo que estar\u00eda muerta tras sufrir un shock diab\u00e9tico, envolviendo posteriormente su cuerpo en bolsas de basura.<\/p>\n<p><strong>Pablo Salinas Sald\u00edas<\/strong><\/p>\n<p>&nbsp;<\/p>\n<figure id=\"attachment_96828\" aria-describedby=\"caption-attachment-96828\" style=\"width: 580px\" class=\"wp-caption alignnone\"><img data-recalc-dims=\"1\" loading=\"lazy\" decoding=\"async\" class=\"size-full wp-image-96828\" src=\"https:\/\/i0.wp.com\/www.eltrabajo.cl\/portal\/wp-content\/uploads\/2020\/01\/CRISTIAN-MUNOZ-3-1.jpg?resize=580%2C358\" alt=\"Cristian Mu\u00f1oz Mu\u00f1oz, imputado por homicidio de Susana Sanhueza, ser\u00eda juzgado a finales del pr\u00f3ximo mes de marzo.\" width=\"580\" height=\"358\" srcset=\"https:\/\/i0.wp.com\/eltrabajo.cl\/portal\/wp-content\/uploads\/2020\/01\/CRISTIAN-MUNOZ-3-1.jpg?w=580&amp;ssl=1 580w, https:\/\/i0.wp.com\/eltrabajo.cl\/portal\/wp-content\/uploads\/2020\/01\/CRISTIAN-MUNOZ-3-1.jpg?resize=300%2C185&amp;ssl=1 300w, https:\/\/i0.wp.com\/eltrabajo.cl\/portal\/wp-content\/uploads\/2020\/01\/CRISTIAN-MUNOZ-3-1.jpg?resize=200%2C123&amp;ssl=1 200w, https:\/\/i0.wp.com\/eltrabajo.cl\/portal\/wp-content\/uploads\/2020\/01\/CRISTIAN-MUNOZ-3-1.jpg?resize=243%2C150&amp;ssl=1 243w, https:\/\/i0.wp.com\/eltrabajo.cl\/portal\/wp-content\/uploads\/2020\/01\/CRISTIAN-MUNOZ-3-1.jpg?resize=400%2C247&amp;ssl=1 400w\" sizes=\"auto, (max-width: 580px) 100vw, 580px\" \/><figcaption id=\"caption-attachment-96828\" class=\"wp-caption-text\">Cristian Mu\u00f1oz Mu\u00f1oz, imputado por homicidio de Susana Sanhueza, ser\u00eda juzgado a finales del pr\u00f3ximo mes de marzo.<\/figcaption><\/figure>\n<p>&nbsp;<\/p>\n<figure id=\"attachment_96829\" aria-describedby=\"caption-attachment-96829\" style=\"width: 579px\" class=\"wp-caption alignnone\"><img data-recalc-dims=\"1\" loading=\"lazy\" decoding=\"async\" class=\"size-full wp-image-96829\" src=\"https:\/\/i0.wp.com\/www.eltrabajo.cl\/portal\/wp-content\/uploads\/2020\/01\/Susana-Sanhueza-1-1.jpg?resize=579%2C700\" alt=\"Susana Sanhueza Aravena ten\u00eda 22 a\u00f1os de edad.\" width=\"579\" height=\"700\" srcset=\"https:\/\/i0.wp.com\/eltrabajo.cl\/portal\/wp-content\/uploads\/2020\/01\/Susana-Sanhueza-1-1.jpg?w=579&amp;ssl=1 579w, https:\/\/i0.wp.com\/eltrabajo.cl\/portal\/wp-content\/uploads\/2020\/01\/Susana-Sanhueza-1-1.jpg?resize=248%2C300&amp;ssl=1 248w, https:\/\/i0.wp.com\/eltrabajo.cl\/portal\/wp-content\/uploads\/2020\/01\/Susana-Sanhueza-1-1.jpg?resize=124%2C150&amp;ssl=1 124w, https:\/\/i0.wp.com\/eltrabajo.cl\/portal\/wp-content\/uploads\/2020\/01\/Susana-Sanhueza-1-1.jpg?resize=400%2C484&amp;ssl=1 400w\" sizes=\"auto, (max-width: 579px) 100vw, 579px\" \/><figcaption id=\"caption-attachment-96829\" class=\"wp-caption-text\">Susana Sanhueza Aravena ten\u00eda 22 a\u00f1os de edad.<\/figcaption><\/figure>\n","protected":false},"excerpt":{"rendered":"<p>Fiscal\u00eda perseguir\u00e1 12 a\u00f1os de c\u00e1rcel para imputado: A pocas semanas que se cumplan tres a\u00f1os del lamentable fallecimiento de la joven de 22 a\u00f1os en el archivero municipal, se llevar\u00e1 a&#8230;<\/p>\n","protected":false},"author":482,"featured_media":96828,"comment_status":"open","ping_status":"open","sticky":false,"template":"","format":"standard","meta":{"advanced_seo_description":"","jetpack_seo_html_title":"","jetpack_seo_noindex":false,"_jetpack_memberships_contains_paid_content":false,"footnotes":""},"categories":[97],"tags":[],"class_list":["post-96833","post","type-post","status-publish","format-standard","has-post-thumbnail","hentry","category-tribunales"],"jetpack_featured_media_url":"https:\/\/i0.wp.com\/eltrabajo.cl\/portal\/wp-content\/uploads\/2020\/01\/CRISTIAN-MUNOZ-3-1.jpg?fit=580%2C358&ssl=1","jetpack_sharing_enabled":true,"jetpack_likes_enabled":true,"jetpack-related-posts":[],"_links":{"self":[{"href":"https:\/\/eltrabajo.cl\/portal\/wp-json\/wp\/v2\/posts\/96833","targetHints":{"allow":["GET"]}}],"collection":[{"href":"https:\/\/eltrabajo.cl\/portal\/wp-json\/wp\/v2\/posts"}],"about":[{"href":"https:\/\/eltrabajo.cl\/portal\/wp-json\/wp\/v2\/types\/post"}],"author":[{"embeddable":true,"href":"https:\/\/eltrabajo.cl\/portal\/wp-json\/wp\/v2\/users\/482"}],"replies":[{"embeddable":true,"href":"https:\/\/eltrabajo.cl\/portal\/wp-json\/wp\/v2\/comments?post=96833"}],"version-history":[{"count":0,"href":"https:\/\/eltrabajo.cl\/portal\/wp-json\/wp\/v2\/posts\/96833\/revisions"}],"wp:featuredmedia":[{"embeddable":true,"href":"https:\/\/eltrabajo.cl\/portal\/wp-json\/wp\/v2\/media\/96828"}],"wp:attachment":[{"href":"https:\/\/eltrabajo.cl\/portal\/wp-json\/wp\/v2\/media?parent=96833"}],"wp:term":[{"taxonomy":"category","embeddable":true,"href":"https:\/\/eltrabajo.cl\/portal\/wp-json\/wp\/v2\/categories?post=96833"},{"taxonomy":"post_tag","embeddable":true,"href":"https:\/\/eltrabajo.cl\/portal\/wp-json\/wp\/v2\/tags?post=96833"}],"curies":[{"name":"wp","href":"https:\/\/api.w.org\/{rel}","templated":true}]}}