{"id":96835,"date":"2020-01-28T05:06:46","date_gmt":"2020-01-28T08:06:46","guid":{"rendered":"http:\/\/www.eltrabajo.cl\/portal\/?p=96835"},"modified":"2020-01-27T21:50:13","modified_gmt":"2020-01-28T00:50:13","slug":"grave-en-hospital-san-camilo-hombre-herido-en-el-abdomen-con-arma-de-fuego","status":"publish","type":"post","link":"https:\/\/eltrabajo.cl\/portal\/grave-en-hospital-san-camilo-hombre-herido-en-el-abdomen-con-arma-de-fuego\/","title":{"rendered":"Grave en Hospital San Camilo hombre herido en el abdomen con arma de fuego"},"content":{"rendered":"<p>Muy grave e internado en el Hospital San Camilo de San Felipe permanece un hombre de 28 a\u00f1os de edad identificado con las iniciales <strong>R.I.I.O.<\/strong>, quien la madrugada del d\u00eda s\u00e1bado, a eso de las 03:50 horas, recibi\u00f3 un disparo con un arma de fuego en su abdomen cuando estaba compartiendo con unos amigos, circunstancia en la cual ocurrieron los hechos en el sector Santa Filomena, seg\u00fan la informaci\u00f3n entregada por Carabineros de la Tenencia de Santa Mar\u00eda.<\/p>\n<p>Sobre las circunstancias en que ocurrieron los hechos, en Carabineros se\u00f1alaron que no est\u00e1n del todo claras, porque son materia de investigaci\u00f3n. En este caso por parte de la PDI.<\/p>\n<p>Solamente se logr\u00f3 tomar declaraci\u00f3n a una de las personas que estaba en el lugar, quien se\u00f1ala que llegaron personas movilizadas en un veh\u00edculo, los cuales efectuaron unos disparos al aire. La v\u00edctima sali\u00f3 a ver lo que ocurr\u00eda, recibiendo un impacto bal\u00edstico a la altura de su abdomen.<\/p>\n<p>Los sujetos posteriormente huyeron del lugar. De todas maneras se manejan algunas caracter\u00edsticas f\u00edsicas al menos del veh\u00edculo, pero insistieron que es materia de investigaci\u00f3n en estos momentos por parte de la PDI.<\/p>\n<p>No obstante, hay informaci\u00f3n importante sobre el presunto autor del disparo, quien estuvo viviendo en el sector de Santa Filomena hace un tiempo. Todos esos antecedentes se entregaron a la fiscal\u00eda local de San Felipe.<\/p>\n<p>En cuanto a las consecuencias, indicaron que la persona herida se encuentra hospitalizada muy grave.<\/p>\n<p>&nbsp;<\/p>\n<figure id=\"attachment_96836\" aria-describedby=\"caption-attachment-96836\" style=\"width: 580px\" class=\"wp-caption alignnone\"><img data-recalc-dims=\"1\" loading=\"lazy\" decoding=\"async\" class=\"size-full wp-image-96836\" src=\"https:\/\/i0.wp.com\/www.eltrabajo.cl\/portal\/wp-content\/uploads\/2020\/01\/detenido-robo-paltas.jpg?resize=580%2C360\" alt=\"Personal de la Tenencia de Carabineros de Santa Mar\u00eda adopt\u00f3 el procedimiento inicial, quedando posteriormente la investigaci\u00f3n en manos de la PDI. (Archivo)\" width=\"580\" height=\"360\" srcset=\"https:\/\/i0.wp.com\/eltrabajo.cl\/portal\/wp-content\/uploads\/2020\/01\/detenido-robo-paltas.jpg?w=580&amp;ssl=1 580w, https:\/\/i0.wp.com\/eltrabajo.cl\/portal\/wp-content\/uploads\/2020\/01\/detenido-robo-paltas.jpg?resize=300%2C186&amp;ssl=1 300w, https:\/\/i0.wp.com\/eltrabajo.cl\/portal\/wp-content\/uploads\/2020\/01\/detenido-robo-paltas.jpg?resize=200%2C124&amp;ssl=1 200w, https:\/\/i0.wp.com\/eltrabajo.cl\/portal\/wp-content\/uploads\/2020\/01\/detenido-robo-paltas.jpg?resize=242%2C150&amp;ssl=1 242w, https:\/\/i0.wp.com\/eltrabajo.cl\/portal\/wp-content\/uploads\/2020\/01\/detenido-robo-paltas.jpg?resize=400%2C248&amp;ssl=1 400w\" sizes=\"auto, (max-width: 580px) 100vw, 580px\" \/><figcaption id=\"caption-attachment-96836\" class=\"wp-caption-text\">Personal de la Tenencia de Carabineros de Santa Mar\u00eda adopt\u00f3 el procedimiento inicial, quedando posteriormente la investigaci\u00f3n en manos de la PDI. (Archivo)<\/figcaption><\/figure>\n","protected":false},"excerpt":{"rendered":"<p>Muy grave e internado en el Hospital San Camilo de San Felipe permanece un hombre de 28 a\u00f1os de edad identificado con las iniciales R.I.I.O., quien la madrugada del d\u00eda s\u00e1bado, a&#8230;<\/p>\n","protected":false},"author":482,"featured_media":96836,"comment_status":"open","ping_status":"open","sticky":false,"template":"","format":"standard","meta":{"advanced_seo_description":"","jetpack_seo_html_title":"","jetpack_seo_noindex":false,"_jetpack_memberships_contains_paid_content":false,"footnotes":""},"categories":[21],"tags":[],"class_list":["post-96835","post","type-post","status-publish","format-standard","has-post-thumbnail","hentry","category-policial"],"jetpack_featured_media_url":"https:\/\/i0.wp.com\/eltrabajo.cl\/portal\/wp-content\/uploads\/2020\/01\/detenido-robo-paltas.jpg?fit=580%2C360&ssl=1","jetpack_sharing_enabled":true,"jetpack_likes_enabled":true,"jetpack-related-posts":[],"_links":{"self":[{"href":"https:\/\/eltrabajo.cl\/portal\/wp-json\/wp\/v2\/posts\/96835","targetHints":{"allow":["GET"]}}],"collection":[{"href":"https:\/\/eltrabajo.cl\/portal\/wp-json\/wp\/v2\/posts"}],"about":[{"href":"https:\/\/eltrabajo.cl\/portal\/wp-json\/wp\/v2\/types\/post"}],"author":[{"embeddable":true,"href":"https:\/\/eltrabajo.cl\/portal\/wp-json\/wp\/v2\/users\/482"}],"replies":[{"embeddable":true,"href":"https:\/\/eltrabajo.cl\/portal\/wp-json\/wp\/v2\/comments?post=96835"}],"version-history":[{"count":0,"href":"https:\/\/eltrabajo.cl\/portal\/wp-json\/wp\/v2\/posts\/96835\/revisions"}],"wp:featuredmedia":[{"embeddable":true,"href":"https:\/\/eltrabajo.cl\/portal\/wp-json\/wp\/v2\/media\/96836"}],"wp:attachment":[{"href":"https:\/\/eltrabajo.cl\/portal\/wp-json\/wp\/v2\/media?parent=96835"}],"wp:term":[{"taxonomy":"category","embeddable":true,"href":"https:\/\/eltrabajo.cl\/portal\/wp-json\/wp\/v2\/categories?post=96835"},{"taxonomy":"post_tag","embeddable":true,"href":"https:\/\/eltrabajo.cl\/portal\/wp-json\/wp\/v2\/tags?post=96835"}],"curies":[{"name":"wp","href":"https:\/\/api.w.org\/{rel}","templated":true}]}}