{"id":96838,"date":"2020-01-28T05:07:18","date_gmt":"2020-01-28T08:07:18","guid":{"rendered":"http:\/\/www.eltrabajo.cl\/portal\/?p=96838"},"modified":"2020-01-27T21:52:20","modified_gmt":"2020-01-28T00:52:20","slug":"delincuentes-secuestran-a-conductor-de-llay-llay-para-robarle-su-camion","status":"publish","type":"post","link":"https:\/\/eltrabajo.cl\/portal\/delincuentes-secuestran-a-conductor-de-llay-llay-para-robarle-su-camion\/","title":{"rendered":"Delincuentes secuestran a conductor de Llay Llay para robarle su cami\u00f3n"},"content":{"rendered":"<p><span style=\"color: #ff0000;\"><strong>Delito se cometi\u00f3 en Am\u00e9rico Vespucio:<\/strong><\/span><\/p>\n<p>La sorpresa de su vida se llev\u00f3 un conductor oriundo de Llay Llay que, cuando celebraba el aniversario n\u00famero 27 de matrimonio, fue secuestrado por desconocidos, quienes adem\u00e1s le robaron su cami\u00f3n mientras transportaba manzanas de exportaci\u00f3n a Valpara\u00edso.<\/p>\n<p>Seg\u00fan indic\u00f3 la propia v\u00edctima, mientras estuvo secuestrado permaneci\u00f3 en una habitaci\u00f3n por un lapso de cuatro horas, siendo liberado a eso de las seis de la ma\u00f1ana.<\/p>\n<p>El afectado es <strong>Pedro Valencia Gallardo<\/strong>, quien en conversaci\u00f3n con nuestro medio se\u00f1al\u00f3 que este hecho ocurri\u00f3 el d\u00eda viernes 24 de este mes, \u00a0alrededor de las 01:42 horas m\u00e1s o menos: <em>\u201cYo ven\u00eda viajando desde El Olivar en Rancagua hacia Valpara\u00edso, con una carga de manzanas de exportaci\u00f3n. Ese d\u00eda andaba con mi se\u00f1ora porque est\u00e1bamos celebrando los 27 a\u00f1os de matrimonio que tenemos, y antes de llegar al cruce de Am\u00e9rico Vespucio, ya que ven\u00eda por General Vel\u00e1squez, ven\u00eda un auto negro delante de m\u00ed. Ese auto hizo el mismo recorrido que hice yo, baj\u00f3 hacia Vespucio y llegando a la caletera hay un lomo de toro, en ese lomo de toro se bajan tres individuos armados y me abordan, me quiebran el vidrio del lado de la puerta, me abren la puerta y empiezan a forcejear conmigo, a tirarme para abajo del cami\u00f3n. En ese instante mi se\u00f1ora abre la puerta del lado de ella y se baja del cami\u00f3n y sale arrancando, ah\u00ed me quitan el cami\u00f3n y a m\u00ed me echan adentro del auto y me llevan\u2026 me secuestran, me tuvieron desde ese horario, m\u00e1s menos de las dos de la ma\u00f1ana aproximado. Me encerraron en una habitaci\u00f3n y ah\u00ed me tuvieron hasta que me soltaron que fue a las 06:15 horas de la ma\u00f1ana. Esa fue la experiencia que tuve de secuestro, me robaron todo, me dejaron en short y polera, se llevaron la\u00a0 carga\u201d,<\/em> dijo Pedro Valencia Gallardo, el conductor afectado.<\/p>\n<p>&#8211; <strong>\u00bfDespu\u00e9s apareci\u00f3 la rampla?<\/strong><\/p>\n<p>&#8211; Claro, apareci\u00f3 la rampla ya vac\u00eda y lo que no se ha encontrado es el cami\u00f3n, el tracto cami\u00f3n, ellos dejaron la rampla botada.<\/p>\n<p>&#8211; <strong>\u00bfD\u00f3nde encontraron la rampla?<\/strong><\/p>\n<p>&#8211; La rampla fue encontrada en Paine, en una calle que no tiene salida, que est\u00e1 por la orilla de la l\u00ednea, ah\u00ed se encontr\u00f3 la rampla. Me imagino que la mercader\u00eda tiene que haber quedado en esa comuna, si es que la rampla estaba por ah\u00ed.<\/p>\n<p>&#8211; <strong>\u00bfCaracter\u00edsticas del cami\u00f3n?<\/strong><\/p>\n<p>&#8211; Este es un cami\u00f3n Kenworth, color blanco, cabina blanca. Es un cami\u00f3n poco com\u00fan, ac\u00e1 en Chile hay muy pocos de esos camiones, entonces es f\u00e1cil de reconocerlo. Yo creo que ahora no se ha encontrado porque debe estar escondido, despu\u00e9s el cami\u00f3n lo vieron alrededor de las seis de la ma\u00f1ana por Bu\u00edn, el puro choco y sin patente, despu\u00e9s lo vieron en el sector de Nos y lo vieron en Calera de Tango; la \u00faltima persona nos inform\u00f3 que lo vio en el cruce de Lolenco en las cercan\u00edas de Curacav\u00ed.<\/p>\n<p>&#8211; <strong>\u00bfC\u00f3mo vivi\u00f3 esos momentos, muy lesionado, choqueado?<\/strong><\/p>\n<p>&#8211; Me golpearon con una arma de fuego en los brazos, me rompieron la cabeza, as\u00ed es fueron momentos bien delicados, porque uno no sabe lo que va a ocurrir; si lo est\u00e1n golpeando con un arma, no sabe lo que va a pasar.<\/p>\n<p>&#8211; <strong>\u00bfQu\u00e9 hizo su se\u00f1ora, logr\u00f3 escapar?<\/strong><\/p>\n<p>&#8211; S\u00ed, mi se\u00f1ora logr\u00f3 escapar porque ella, mientras me bajaban a m\u00ed, ella como iba sentada en el asiento del copiloto, baj\u00f3 por ah\u00ed, porque fue violento el asalto. Si en primera instancia lo que hicieron fue que con la cacha del arma le pegaron al costado del vidrio, saltando para todos lados. Ah\u00ed mi se\u00f1ora se puso a gritar, comenz\u00f3 a gritar, gritar y a gritar mientras que a m\u00ed me tiraban para abajo. Yo estaba con el cintur\u00f3n de seguridad, no pod\u00eda salir, y como yo no bajaba luego, me empezaron golpear; entonces en esa instancia mi se\u00f1ora se baj\u00f3, no sabe si salt\u00f3 o lo que hizo, pero ya se perdi\u00f3 mi se\u00f1ora de ah\u00ed.<\/p>\n<p>&#8211; <strong>\u00bfSe fue a alg\u00fan lado?<\/strong><\/p>\n<p>&#8211; Ella empez\u00f3 a pedir ayuda en la ruta, porque esto son fracciones de segundos. A m\u00ed me llevaron, desapareci\u00f3 el cami\u00f3n y ella empez\u00f3 a hacer parar veh\u00edculos. Ninguno le prest\u00f3 ayuda, porque se debe asustar la gente, es algo l\u00f3gico, pero no se detiene; por otro lado hab\u00edan unos muchachos que vieron todo, ellos estaban en panne con su auto, ten\u00edan un neum\u00e1tico pinchado; esto yo no lo vi, es lo que me relat\u00f3 mi se\u00f1ora, entonces me dice que esos muchachos se acercaron a ella, le dio miedo, pero le dijeron que no se preocupara, que la iban a ayudar, que no le iban a hacer da\u00f1o, y ellos llamaron a Carabineros. Esto fue como a la 01:42 y a las 02;00 horas Carabineros ya estaba ah\u00ed.<\/p>\n<p>&#8211; <strong>\u00bfEfectuaron patrullaje con los datos de la denuncia?<\/strong><\/p>\n<p>&#8211; Nooo, se llevaron a\u00a0 mi se\u00f1ora y de ah\u00ed la gesti\u00f3n no ha sido de lo mejor.<\/p>\n<p>&#8211; <strong>\u00bfSu se\u00f1ora despu\u00e9s de Carabineros se vino a Llay Llay?<\/strong><\/p>\n<p>&#8211; Carabineros se comunic\u00f3 con los de Llay Llay, porque nosotros somos de Llay Llay.<\/p>\n<p>&#8211; <strong>\u00bfDe qu\u00e9 parte de Llay Llay?<\/strong><\/p>\n<p>&#8211; De la Villa Padre Hurtado. Ellos mandaron a una patrulla a la casa de mi hermano, ella le dio la direcci\u00f3n y ah\u00ed ellos avisaron.<\/p>\n<p>Cuenta que el cami\u00f3n es de su propiedad, por lo cual le quitaron su fuente laboral; <em>\u201ccon una situaci\u00f3n econ\u00f3mica mala, ahora uno queda de brazos cruzados porque igual ha estado muy mala la situaci\u00f3n, el trabajo para nosotros como transporte, peque\u00f1a empresa, no tenemos ninguna seguridad, no hay seguridad para andar en la ruta, no hay seguridad donde quedarse, el combustible est\u00e1 elevado, entonces nosotros no competimos con nadie, o sea nosotros vivimos el d\u00eda a d\u00eda\u201d,<\/em> dice Pedro Valencia Gallardo.<\/p>\n<p>Al finalizar reitera la poca seguridad que tiene este rubro, asegurando que antes viajaba mucho con su hija; <em>\u201c\u00bfSe imagina si hubiera andado con mi hija?, las personas que efectuaron este asalto son j\u00f3venes de una edad de 20 a\u00f1os, son flaites, por como ellos hablan uno se da cuenta de c\u00f3mo son\u201d,<\/em> indic\u00f3 el afectado.<\/p>\n<p>Dice que la manzana de exportaci\u00f3n iba en direcci\u00f3n a Colombia.<\/p>\n<p>Avalu\u00f3 todo en la suma de 44 millones de pesos.<\/p>\n<p>Reiter\u00f3 que es su \u00fanica fuente de trabajo, por eso apela a la comunidad para que entregue cualquier informaci\u00f3n.<\/p>\n<p>&nbsp;<\/p>\n<figure id=\"attachment_96839\" aria-describedby=\"caption-attachment-96839\" style=\"width: 580px\" class=\"wp-caption alignnone\"><img data-recalc-dims=\"1\" loading=\"lazy\" decoding=\"async\" class=\"size-full wp-image-96839\" src=\"https:\/\/i0.wp.com\/www.eltrabajo.cl\/portal\/wp-content\/uploads\/2020\/01\/Cami%C3%B3n.jpg?resize=580%2C359\" alt=\"Este es el cami\u00f3n robado por los delincuentes. En la imagen aparece con su rampla, la que fue recuperada en la comuna de Paine, pero a\u00fan falta por recuperar el cami\u00f3n.\" width=\"580\" height=\"359\" srcset=\"https:\/\/i0.wp.com\/eltrabajo.cl\/portal\/wp-content\/uploads\/2020\/01\/Cami%C3%B3n.jpg?w=580&amp;ssl=1 580w, https:\/\/i0.wp.com\/eltrabajo.cl\/portal\/wp-content\/uploads\/2020\/01\/Cami%C3%B3n.jpg?resize=300%2C186&amp;ssl=1 300w, https:\/\/i0.wp.com\/eltrabajo.cl\/portal\/wp-content\/uploads\/2020\/01\/Cami%C3%B3n.jpg?resize=200%2C124&amp;ssl=1 200w, https:\/\/i0.wp.com\/eltrabajo.cl\/portal\/wp-content\/uploads\/2020\/01\/Cami%C3%B3n.jpg?resize=242%2C150&amp;ssl=1 242w, https:\/\/i0.wp.com\/eltrabajo.cl\/portal\/wp-content\/uploads\/2020\/01\/Cami%C3%B3n.jpg?resize=400%2C248&amp;ssl=1 400w\" sizes=\"auto, (max-width: 580px) 100vw, 580px\" \/><figcaption id=\"caption-attachment-96839\" class=\"wp-caption-text\">Este es el cami\u00f3n robado por los delincuentes. En la imagen aparece con su rampla, la que fue recuperada en la comuna de Paine, pero a\u00fan falta por recuperar el cami\u00f3n.<\/figcaption><\/figure>\n<p>&nbsp;<\/p>\n<figure id=\"attachment_96840\" aria-describedby=\"caption-attachment-96840\" style=\"width: 580px\" class=\"wp-caption alignnone\"><img data-recalc-dims=\"1\" loading=\"lazy\" decoding=\"async\" class=\"size-full wp-image-96840\" src=\"https:\/\/i0.wp.com\/www.eltrabajo.cl\/portal\/wp-content\/uploads\/2020\/01\/Cami%C3%B3n-2.jpg?resize=580%2C760\" alt=\"Visto de frente, el cami\u00f3n con su patente que todav\u00eda no ha podido ser recuperado.\" width=\"580\" height=\"760\" srcset=\"https:\/\/i0.wp.com\/eltrabajo.cl\/portal\/wp-content\/uploads\/2020\/01\/Cami%C3%B3n-2.jpg?w=580&amp;ssl=1 580w, https:\/\/i0.wp.com\/eltrabajo.cl\/portal\/wp-content\/uploads\/2020\/01\/Cami%C3%B3n-2.jpg?resize=229%2C300&amp;ssl=1 229w, https:\/\/i0.wp.com\/eltrabajo.cl\/portal\/wp-content\/uploads\/2020\/01\/Cami%C3%B3n-2.jpg?resize=114%2C150&amp;ssl=1 114w, https:\/\/i0.wp.com\/eltrabajo.cl\/portal\/wp-content\/uploads\/2020\/01\/Cami%C3%B3n-2.jpg?resize=400%2C524&amp;ssl=1 400w\" sizes=\"auto, (max-width: 580px) 100vw, 580px\" \/><figcaption id=\"caption-attachment-96840\" class=\"wp-caption-text\">Visto de frente, el cami\u00f3n con su patente que todav\u00eda no ha podido ser recuperado.<\/figcaption><\/figure>\n<p>&nbsp;<\/p>\n<figure id=\"attachment_96841\" aria-describedby=\"caption-attachment-96841\" style=\"width: 579px\" class=\"wp-caption alignnone\"><img data-recalc-dims=\"1\" loading=\"lazy\" decoding=\"async\" class=\"size-full wp-image-96841\" src=\"https:\/\/i0.wp.com\/www.eltrabajo.cl\/portal\/wp-content\/uploads\/2020\/01\/Cami%C3%B3n-3.jpg?resize=579%2C820\" alt=\"El aviso que puso en redes sociales la familia desesperada por recuperar el veh\u00edculo de carga que es su \u00fanica fuente de trabajo.\" width=\"579\" height=\"820\" srcset=\"https:\/\/i0.wp.com\/eltrabajo.cl\/portal\/wp-content\/uploads\/2020\/01\/Cami%C3%B3n-3.jpg?w=579&amp;ssl=1 579w, https:\/\/i0.wp.com\/eltrabajo.cl\/portal\/wp-content\/uploads\/2020\/01\/Cami%C3%B3n-3.jpg?resize=212%2C300&amp;ssl=1 212w, https:\/\/i0.wp.com\/eltrabajo.cl\/portal\/wp-content\/uploads\/2020\/01\/Cami%C3%B3n-3.jpg?resize=106%2C150&amp;ssl=1 106w, https:\/\/i0.wp.com\/eltrabajo.cl\/portal\/wp-content\/uploads\/2020\/01\/Cami%C3%B3n-3.jpg?resize=400%2C566&amp;ssl=1 400w\" sizes=\"auto, (max-width: 579px) 100vw, 579px\" \/><figcaption id=\"caption-attachment-96841\" class=\"wp-caption-text\">El aviso que puso en redes sociales la familia desesperada por recuperar el veh\u00edculo de carga que es su \u00fanica fuente de trabajo.<\/figcaption><\/figure>\n","protected":false},"excerpt":{"rendered":"<p>Delito se cometi\u00f3 en Am\u00e9rico Vespucio: La sorpresa de su vida se llev\u00f3 un conductor oriundo de Llay Llay que, cuando celebraba el aniversario n\u00famero 27 de matrimonio, fue secuestrado por desconocidos,&#8230;<\/p>\n","protected":false},"author":482,"featured_media":96839,"comment_status":"open","ping_status":"open","sticky":false,"template":"","format":"standard","meta":{"advanced_seo_description":"","jetpack_seo_html_title":"","jetpack_seo_noindex":false,"_jetpack_memberships_contains_paid_content":false,"footnotes":""},"categories":[21],"tags":[],"class_list":["post-96838","post","type-post","status-publish","format-standard","has-post-thumbnail","hentry","category-policial"],"jetpack_featured_media_url":"https:\/\/i0.wp.com\/eltrabajo.cl\/portal\/wp-content\/uploads\/2020\/01\/Cami%C3%B3n.jpg?fit=580%2C359&ssl=1","jetpack_sharing_enabled":true,"jetpack_likes_enabled":true,"jetpack-related-posts":[],"_links":{"self":[{"href":"https:\/\/eltrabajo.cl\/portal\/wp-json\/wp\/v2\/posts\/96838","targetHints":{"allow":["GET"]}}],"collection":[{"href":"https:\/\/eltrabajo.cl\/portal\/wp-json\/wp\/v2\/posts"}],"about":[{"href":"https:\/\/eltrabajo.cl\/portal\/wp-json\/wp\/v2\/types\/post"}],"author":[{"embeddable":true,"href":"https:\/\/eltrabajo.cl\/portal\/wp-json\/wp\/v2\/users\/482"}],"replies":[{"embeddable":true,"href":"https:\/\/eltrabajo.cl\/portal\/wp-json\/wp\/v2\/comments?post=96838"}],"version-history":[{"count":0,"href":"https:\/\/eltrabajo.cl\/portal\/wp-json\/wp\/v2\/posts\/96838\/revisions"}],"wp:featuredmedia":[{"embeddable":true,"href":"https:\/\/eltrabajo.cl\/portal\/wp-json\/wp\/v2\/media\/96839"}],"wp:attachment":[{"href":"https:\/\/eltrabajo.cl\/portal\/wp-json\/wp\/v2\/media?parent=96838"}],"wp:term":[{"taxonomy":"category","embeddable":true,"href":"https:\/\/eltrabajo.cl\/portal\/wp-json\/wp\/v2\/categories?post=96838"},{"taxonomy":"post_tag","embeddable":true,"href":"https:\/\/eltrabajo.cl\/portal\/wp-json\/wp\/v2\/tags?post=96838"}],"curies":[{"name":"wp","href":"https:\/\/api.w.org\/{rel}","templated":true}]}}