{"id":96846,"date":"2020-01-29T05:02:23","date_gmt":"2020-01-29T08:02:23","guid":{"rendered":"http:\/\/www.eltrabajo.cl\/portal\/?p=96846"},"modified":"2020-01-28T20:58:56","modified_gmt":"2020-01-28T23:58:56","slug":"bomberos-de-la-cuarta-llevan-alivio-y-esperanza-a-familias-de-valparaiso","status":"publish","type":"post","link":"https:\/\/eltrabajo.cl\/portal\/bomberos-de-la-cuarta-llevan-alivio-y-esperanza-a-familias-de-valparaiso\/","title":{"rendered":"Bomberos de la Cuarta llevan alivio y esperanza a familias de Valpara\u00edso"},"content":{"rendered":"<p><span style=\"color: #ff0000;\"><strong>Esta vez a vecinos del cerro Rocuant:<\/strong><\/span><\/p>\n<p>Siguen las campa\u00f1as solidarias para hacer llegar a familias damnificadas por los incendios en Valpara\u00edso, en esta oportunidad los h\u00e9roes de la jornada son los voluntarios de la Cuarta Compa\u00f1\u00eda de Bomberos de San Felipe, quienes desde los \u00faltimos d\u00edas de diciembre pasado vienen desarrollando colectas de alimentos no perecibles, pa\u00f1ales y art\u00edculos de aseo. Pero esta campa\u00f1a no la hicieron ellos solamente, tambi\u00e9n la Cuarta C\u00cdA de Bomberos de Valpara\u00edso se uni\u00f3 a la iniciativa, a fin de redoblar esfuerzos por quienes a\u00fan siguen necesitando ayuda.<\/p>\n<p>&nbsp;<\/p>\n<p><span style=\"color: #ff0000;\"><strong>MUCHAS DONACIONES<\/strong><\/span><\/p>\n<p><strong>Diario El Trabajo<\/strong> habl\u00f3 ayer mi\u00e9rcoles con el director de la Cuarta Compa\u00f1\u00eda de Bomberos de San Felipe, <strong><em>Marcelo Catal\u00e1n Ch\u00e1vez<\/em><\/strong>, quien nos coment\u00f3 que \u00ab<em>Iniciamos campa\u00f1a a fines de diciembre recolectando v\u00edveres en las entradas de supermercados, en el plantel bomberil, recibiendo donaciones en pa\u00f1ales y alimentos no perecibles y art\u00edculos de aseo. Nuestros agradecimientos a las agrupaciones y empresas que a trav\u00e9s de nuestras campa\u00f1as de acopio de v\u00edveres, nos permiten seguir aumentando el aporte de la comunidad sanfelipe\u00f1a para nuestros compatriotas de Valpara\u00edso, mismas que fueron entregadas este fin de semana, estas organizaciones son: Fenats Federaci\u00f3n Nacional de Trabajadores de la Salud; Colectivo Dignidad Aconcagua DD.HH.; CUT Central Unitaria de Trabajadores; Afesan Asociaci\u00f3n de Funcionarios de la Educaci\u00f3n de San Felipe, y Coprochi Colegio de Profesores Provincial Aconcagua. Esta mercader\u00eda la entregamos este domingo conjuntamente con lo acopiado por nuestros hermanos bomberos del puerto<\/em>\u00bb, indic\u00f3 Catal\u00e1n.<\/p>\n<p>En esta oportunidad todos los recursos fueron entregados en la sede de la junta vecinal de Las Torres, en el cerro Rocuant. Seg\u00fan explic\u00f3 esta autoridad bomberil, la campa\u00f1a ya finaliz\u00f3, lo que deja a todos los participantes la satisfacci\u00f3n del deber cumplido.<\/p>\n<p><strong>Roberto Gonz\u00e1lez Short<\/strong><\/p>\n<p>&nbsp;<\/p>\n<figure id=\"attachment_96847\" aria-describedby=\"caption-attachment-96847\" style=\"width: 580px\" class=\"wp-caption alignnone\"><img data-recalc-dims=\"1\" loading=\"lazy\" decoding=\"async\" class=\"size-full wp-image-96847\" src=\"https:\/\/i0.wp.com\/www.eltrabajo.cl\/portal\/wp-content\/uploads\/2020\/01\/Cuarta3.jpg?resize=580%2C360\" alt=\"TRABAJO CORDINADO.- Cada acci\u00f3n de los bomberos en terreno fue coordinada por sus comandantes Marcelo Catal\u00e1n y el Capit\u00e1n Verdejo, de ambas compa\u00f1\u00edas.\" width=\"580\" height=\"360\" srcset=\"https:\/\/i0.wp.com\/eltrabajo.cl\/portal\/wp-content\/uploads\/2020\/01\/Cuarta3.jpg?w=580&amp;ssl=1 580w, https:\/\/i0.wp.com\/eltrabajo.cl\/portal\/wp-content\/uploads\/2020\/01\/Cuarta3.jpg?resize=300%2C186&amp;ssl=1 300w, https:\/\/i0.wp.com\/eltrabajo.cl\/portal\/wp-content\/uploads\/2020\/01\/Cuarta3.jpg?resize=200%2C124&amp;ssl=1 200w, https:\/\/i0.wp.com\/eltrabajo.cl\/portal\/wp-content\/uploads\/2020\/01\/Cuarta3.jpg?resize=242%2C150&amp;ssl=1 242w, https:\/\/i0.wp.com\/eltrabajo.cl\/portal\/wp-content\/uploads\/2020\/01\/Cuarta3.jpg?resize=400%2C248&amp;ssl=1 400w\" sizes=\"auto, (max-width: 580px) 100vw, 580px\" \/><figcaption id=\"caption-attachment-96847\" class=\"wp-caption-text\">TRABAJO CORDINADO.- Cada acci\u00f3n de los bomberos en terreno fue coordinada por sus comandantes Marcelo Catal\u00e1n y el Capit\u00e1n Verdejo, de ambas compa\u00f1\u00edas.<\/figcaption><\/figure>\n<p>&nbsp;<\/p>\n<figure id=\"attachment_96850\" aria-describedby=\"caption-attachment-96850\" style=\"width: 580px\" class=\"wp-caption alignnone\"><img data-recalc-dims=\"1\" loading=\"lazy\" decoding=\"async\" class=\"size-full wp-image-96850\" src=\"https:\/\/i0.wp.com\/www.eltrabajo.cl\/portal\/wp-content\/uploads\/2020\/01\/Cuarta2.jpg?resize=580%2C360\" alt=\"SOLIDARIOS VECINOS.- Los mellizos Franco y Agust\u00edn Ibaceta son un claro ejemplo de la solidaridad de nuestros lectores, ellos vendieron limonadas para donar el dinero a la Cuarta.\" width=\"580\" height=\"360\" srcset=\"https:\/\/i0.wp.com\/eltrabajo.cl\/portal\/wp-content\/uploads\/2020\/01\/Cuarta2.jpg?w=580&amp;ssl=1 580w, https:\/\/i0.wp.com\/eltrabajo.cl\/portal\/wp-content\/uploads\/2020\/01\/Cuarta2.jpg?resize=300%2C186&amp;ssl=1 300w, https:\/\/i0.wp.com\/eltrabajo.cl\/portal\/wp-content\/uploads\/2020\/01\/Cuarta2.jpg?resize=200%2C124&amp;ssl=1 200w, https:\/\/i0.wp.com\/eltrabajo.cl\/portal\/wp-content\/uploads\/2020\/01\/Cuarta2.jpg?resize=242%2C150&amp;ssl=1 242w, https:\/\/i0.wp.com\/eltrabajo.cl\/portal\/wp-content\/uploads\/2020\/01\/Cuarta2.jpg?resize=400%2C248&amp;ssl=1 400w\" sizes=\"auto, (max-width: 580px) 100vw, 580px\" \/><figcaption id=\"caption-attachment-96850\" class=\"wp-caption-text\">SOLIDARIOS VECINOS.- Los mellizos Franco y Agust\u00edn Ibaceta son un claro ejemplo de la solidaridad de nuestros lectores, ellos vendieron limonadas para donar el dinero a la Cuarta.<\/figcaption><\/figure>\n<p>&nbsp;<\/p>\n<figure id=\"attachment_96849\" aria-describedby=\"caption-attachment-96849\" style=\"width: 579px\" class=\"wp-caption alignnone\"><img data-recalc-dims=\"1\" loading=\"lazy\" decoding=\"async\" class=\"size-full wp-image-96849\" src=\"https:\/\/i0.wp.com\/www.eltrabajo.cl\/portal\/wp-content\/uploads\/2020\/01\/Cuarta1.jpg?resize=579%2C277\" alt=\"BOMBEROS EJEMPLARES.- Aqu\u00ed vemos a la gran Familia Cuartina de Valpara\u00edso y San Felipe, unida por un objetivo com\u00fan al lado de los vecinos del cerro Rocuant: Ayudar.\" width=\"579\" height=\"277\" srcset=\"https:\/\/i0.wp.com\/eltrabajo.cl\/portal\/wp-content\/uploads\/2020\/01\/Cuarta1.jpg?w=579&amp;ssl=1 579w, https:\/\/i0.wp.com\/eltrabajo.cl\/portal\/wp-content\/uploads\/2020\/01\/Cuarta1.jpg?resize=300%2C144&amp;ssl=1 300w, https:\/\/i0.wp.com\/eltrabajo.cl\/portal\/wp-content\/uploads\/2020\/01\/Cuarta1.jpg?resize=200%2C96&amp;ssl=1 200w, https:\/\/i0.wp.com\/eltrabajo.cl\/portal\/wp-content\/uploads\/2020\/01\/Cuarta1.jpg?resize=400%2C191&amp;ssl=1 400w\" sizes=\"auto, (max-width: 579px) 100vw, 579px\" \/><figcaption id=\"caption-attachment-96849\" class=\"wp-caption-text\">BOMBEROS EJEMPLARES.- Aqu\u00ed vemos a la gran Familia Cuartina de Valpara\u00edso y San Felipe, unida por un objetivo com\u00fan al lado de los vecinos del cerro Rocuant: Ayudar.<\/figcaption><\/figure>\n<p>&nbsp;<\/p>\n<figure id=\"attachment_96848\" aria-describedby=\"caption-attachment-96848\" style=\"width: 580px\" class=\"wp-caption alignnone\"><img data-recalc-dims=\"1\" loading=\"lazy\" decoding=\"async\" class=\"size-full wp-image-96848\" src=\"https:\/\/i0.wp.com\/www.eltrabajo.cl\/portal\/wp-content\/uploads\/2020\/01\/Cuarta_Marcelo-Catalan-Chavez.jpg?resize=580%2C600\" alt=\"Director de la Cuarta Compa\u00f1\u00eda de Bomberos de San Felipe, Marcelo Catal\u00e1n Ch\u00e1vez.\" width=\"580\" height=\"600\" srcset=\"https:\/\/i0.wp.com\/eltrabajo.cl\/portal\/wp-content\/uploads\/2020\/01\/Cuarta_Marcelo-Catalan-Chavez.jpg?w=580&amp;ssl=1 580w, https:\/\/i0.wp.com\/eltrabajo.cl\/portal\/wp-content\/uploads\/2020\/01\/Cuarta_Marcelo-Catalan-Chavez.jpg?resize=290%2C300&amp;ssl=1 290w, https:\/\/i0.wp.com\/eltrabajo.cl\/portal\/wp-content\/uploads\/2020\/01\/Cuarta_Marcelo-Catalan-Chavez.jpg?resize=145%2C150&amp;ssl=1 145w, https:\/\/i0.wp.com\/eltrabajo.cl\/portal\/wp-content\/uploads\/2020\/01\/Cuarta_Marcelo-Catalan-Chavez.jpg?resize=400%2C414&amp;ssl=1 400w\" sizes=\"auto, (max-width: 580px) 100vw, 580px\" \/><figcaption id=\"caption-attachment-96848\" class=\"wp-caption-text\">Director de la Cuarta Compa\u00f1\u00eda de Bomberos de San Felipe, Marcelo Catal\u00e1n Ch\u00e1vez.<\/figcaption><\/figure>\n","protected":false},"excerpt":{"rendered":"<p>Esta vez a vecinos del cerro Rocuant: Siguen las campa\u00f1as solidarias para hacer llegar a familias damnificadas por los incendios en Valpara\u00edso, en esta oportunidad los h\u00e9roes de la jornada son los&#8230;<\/p>\n","protected":false},"author":482,"featured_media":96847,"comment_status":"open","ping_status":"open","sticky":false,"template":"","format":"standard","meta":{"advanced_seo_description":"","jetpack_seo_html_title":"","jetpack_seo_noindex":false,"_jetpack_memberships_contains_paid_content":false,"footnotes":""},"categories":[15],"tags":[],"class_list":["post-96846","post","type-post","status-publish","format-standard","has-post-thumbnail","hentry","category-comunidad"],"jetpack_featured_media_url":"https:\/\/i0.wp.com\/eltrabajo.cl\/portal\/wp-content\/uploads\/2020\/01\/Cuarta3.jpg?fit=580%2C360&ssl=1","jetpack_sharing_enabled":true,"jetpack_likes_enabled":true,"jetpack-related-posts":[],"_links":{"self":[{"href":"https:\/\/eltrabajo.cl\/portal\/wp-json\/wp\/v2\/posts\/96846","targetHints":{"allow":["GET"]}}],"collection":[{"href":"https:\/\/eltrabajo.cl\/portal\/wp-json\/wp\/v2\/posts"}],"about":[{"href":"https:\/\/eltrabajo.cl\/portal\/wp-json\/wp\/v2\/types\/post"}],"author":[{"embeddable":true,"href":"https:\/\/eltrabajo.cl\/portal\/wp-json\/wp\/v2\/users\/482"}],"replies":[{"embeddable":true,"href":"https:\/\/eltrabajo.cl\/portal\/wp-json\/wp\/v2\/comments?post=96846"}],"version-history":[{"count":0,"href":"https:\/\/eltrabajo.cl\/portal\/wp-json\/wp\/v2\/posts\/96846\/revisions"}],"wp:featuredmedia":[{"embeddable":true,"href":"https:\/\/eltrabajo.cl\/portal\/wp-json\/wp\/v2\/media\/96847"}],"wp:attachment":[{"href":"https:\/\/eltrabajo.cl\/portal\/wp-json\/wp\/v2\/media?parent=96846"}],"wp:term":[{"taxonomy":"category","embeddable":true,"href":"https:\/\/eltrabajo.cl\/portal\/wp-json\/wp\/v2\/categories?post=96846"},{"taxonomy":"post_tag","embeddable":true,"href":"https:\/\/eltrabajo.cl\/portal\/wp-json\/wp\/v2\/tags?post=96846"}],"curies":[{"name":"wp","href":"https:\/\/api.w.org\/{rel}","templated":true}]}}