{"id":96852,"date":"2020-01-29T05:03:39","date_gmt":"2020-01-29T08:03:39","guid":{"rendered":"http:\/\/www.eltrabajo.cl\/portal\/?p=96852"},"modified":"2020-01-28T21:07:58","modified_gmt":"2020-01-29T00:07:58","slug":"a-la-carcel-el-negro-alejo-por-cultivo-de-cannabis-y-porte-de-marihuana","status":"publish","type":"post","link":"https:\/\/eltrabajo.cl\/portal\/a-la-carcel-el-negro-alejo-por-cultivo-de-cannabis-y-porte-de-marihuana\/","title":{"rendered":"A la c\u00e1rcel el \u2018Negro Alejo\u2019 por cultivo de cannabis y porte de marihuana"},"content":{"rendered":"<p><span style=\"color: #ff0000;\"><strong>OS7 incaut\u00f3 69 plantas en poblaci\u00f3n Gabriela Mistral:<\/strong><\/span><\/p>\n<ul>\n<li><strong>Durante el procedimiento policial se decomisaron 293 gramos de marihuana elaborada. El imputado, quien cuenta con amplio prontuario delictual, qued\u00f3 bajo la cautelar de prisi\u00f3n preventiva.<\/strong><\/li>\n<\/ul>\n<p>Personal de Carabineros de la secci\u00f3n OS7 Aconcagua, incaut\u00f3 un cultivo de cannabis sativa y una cantidad de marihuana a granel desde un domicilio ubicado en la poblaci\u00f3n Gabriela Mistral de Los Andes, siendo detenido un sujeto apodado \u2018El Negro Alejo\u2019 de 50 a\u00f1os de edad.<\/p>\n<p>Las diligencias policiales se gestionaron luego de una denuncia an\u00f3nima al fono drogas 135 de Carabineros, inform\u00e1ndose que en el domicilio del imputado se mantendr\u00eda una plantaci\u00f3n de marihuana.<\/p>\n<p>Previa coordinaci\u00f3n con la Fiscal\u00eda de Los Andes, el personal policial concurri\u00f3 hasta un inmueble ubicado en el pasaje Lincoy\u00e1n de la poblaci\u00f3n Gabriela Mistral de Los Andes para verificar la denuncia an\u00f3nima.<\/p>\n<p>El procedimiento policial confirm\u00f3 que en el interior del domicilio, el imputado manten\u00eda un total de 69 plantas de cannabis, cuyas alturas fluct\u00faan entre los 30 cent\u00edmetros hasta 2,5 metros de altura.<\/p>\n<p>Asimismo, Carabineros decomis\u00f3 un total de 293 gramos de marihuana elaborada, siendo detenido el imputado de iniciales <strong>A.F.M.M.<\/strong>, alias <strong>\u2018El Negro Alejo\u2019<\/strong>, quien fue derivado hasta el Juzgado de Garant\u00eda de Los Andes para ser formalizado por la Fiscal\u00eda por cultivo ilegal de cannabis sativa y tr\u00e1fico de drogas.<\/p>\n<p>Para el imputado, por mantener un amplio prontuario delictual por delito de robo y receptaci\u00f3n, el tribunal resolvi\u00f3 aplicar la cautelar de prisi\u00f3n preventiva por representar un peligro para la sociedad, mientras la fiscal\u00eda de Los Andes investiga el caso.<\/p>\n<p><strong>Pablo Salinas Sald\u00edas<\/strong><\/p>\n<p><strong>\u00a0<\/strong><\/p>\n<figure id=\"attachment_96853\" aria-describedby=\"caption-attachment-96853\" style=\"width: 580px\" class=\"wp-caption alignnone\"><img data-recalc-dims=\"1\" loading=\"lazy\" decoding=\"async\" class=\"size-full wp-image-96853\" src=\"https:\/\/i0.wp.com\/www.eltrabajo.cl\/portal\/wp-content\/uploads\/2020\/01\/PLANTAS-OS7-2.jpg?resize=580%2C360\" alt=\"El cultivo de cannabis sativa se encontraba al interior del inmueble del imputado en la poblaci\u00f3n Gabriel Mistral de Los Andes.\" width=\"580\" height=\"360\" srcset=\"https:\/\/i0.wp.com\/eltrabajo.cl\/portal\/wp-content\/uploads\/2020\/01\/PLANTAS-OS7-2.jpg?w=580&amp;ssl=1 580w, https:\/\/i0.wp.com\/eltrabajo.cl\/portal\/wp-content\/uploads\/2020\/01\/PLANTAS-OS7-2.jpg?resize=300%2C186&amp;ssl=1 300w, https:\/\/i0.wp.com\/eltrabajo.cl\/portal\/wp-content\/uploads\/2020\/01\/PLANTAS-OS7-2.jpg?resize=200%2C124&amp;ssl=1 200w, https:\/\/i0.wp.com\/eltrabajo.cl\/portal\/wp-content\/uploads\/2020\/01\/PLANTAS-OS7-2.jpg?resize=242%2C150&amp;ssl=1 242w, https:\/\/i0.wp.com\/eltrabajo.cl\/portal\/wp-content\/uploads\/2020\/01\/PLANTAS-OS7-2.jpg?resize=400%2C248&amp;ssl=1 400w\" sizes=\"auto, (max-width: 580px) 100vw, 580px\" \/><figcaption id=\"caption-attachment-96853\" class=\"wp-caption-text\">El cultivo de cannabis sativa se encontraba al interior del inmueble del imputado en la poblaci\u00f3n Gabriel Mistral de Los Andes.<\/figcaption><\/figure>\n<p>&nbsp;<\/p>\n<figure id=\"attachment_96854\" aria-describedby=\"caption-attachment-96854\" style=\"width: 580px\" class=\"wp-caption alignnone\"><img data-recalc-dims=\"1\" loading=\"lazy\" decoding=\"async\" class=\"size-full wp-image-96854\" src=\"https:\/\/i0.wp.com\/www.eltrabajo.cl\/portal\/wp-content\/uploads\/2020\/01\/PLANTAS-OS7.jpg?resize=580%2C360\" alt=\"Personal del OS7 de Carabineros incaut\u00f3 69 plantas de cannabis sativa junto a marihuana elaborada desde el domicilio del imputado apodado \u2018El Negro Alejo\u2019, en Los Andes.\" width=\"580\" height=\"360\" srcset=\"https:\/\/i0.wp.com\/eltrabajo.cl\/portal\/wp-content\/uploads\/2020\/01\/PLANTAS-OS7.jpg?w=580&amp;ssl=1 580w, https:\/\/i0.wp.com\/eltrabajo.cl\/portal\/wp-content\/uploads\/2020\/01\/PLANTAS-OS7.jpg?resize=300%2C186&amp;ssl=1 300w, https:\/\/i0.wp.com\/eltrabajo.cl\/portal\/wp-content\/uploads\/2020\/01\/PLANTAS-OS7.jpg?resize=200%2C124&amp;ssl=1 200w, https:\/\/i0.wp.com\/eltrabajo.cl\/portal\/wp-content\/uploads\/2020\/01\/PLANTAS-OS7.jpg?resize=242%2C150&amp;ssl=1 242w, https:\/\/i0.wp.com\/eltrabajo.cl\/portal\/wp-content\/uploads\/2020\/01\/PLANTAS-OS7.jpg?resize=400%2C248&amp;ssl=1 400w\" sizes=\"auto, (max-width: 580px) 100vw, 580px\" \/><figcaption id=\"caption-attachment-96854\" class=\"wp-caption-text\">Personal del OS7 de Carabineros incaut\u00f3 69 plantas de cannabis sativa junto a marihuana elaborada desde el domicilio del imputado apodado \u2018El Negro Alejo\u2019, en Los Andes.<\/figcaption><\/figure>\n<p><strong>\u00a0<\/strong><\/p>\n","protected":false},"excerpt":{"rendered":"<p>OS7 incaut\u00f3 69 plantas en poblaci\u00f3n Gabriela Mistral: Durante el procedimiento policial se decomisaron 293 gramos de marihuana elaborada. El imputado, quien cuenta con amplio prontuario delictual, qued\u00f3 bajo la cautelar de&#8230;<\/p>\n","protected":false},"author":482,"featured_media":96853,"comment_status":"open","ping_status":"open","sticky":false,"template":"","format":"standard","meta":{"advanced_seo_description":"","jetpack_seo_html_title":"","jetpack_seo_noindex":false,"_jetpack_memberships_contains_paid_content":false,"footnotes":""},"categories":[21],"tags":[],"class_list":["post-96852","post","type-post","status-publish","format-standard","has-post-thumbnail","hentry","category-policial"],"jetpack_featured_media_url":"https:\/\/i0.wp.com\/eltrabajo.cl\/portal\/wp-content\/uploads\/2020\/01\/PLANTAS-OS7-2.jpg?fit=580%2C360&ssl=1","jetpack_sharing_enabled":true,"jetpack_likes_enabled":true,"jetpack-related-posts":[],"_links":{"self":[{"href":"https:\/\/eltrabajo.cl\/portal\/wp-json\/wp\/v2\/posts\/96852","targetHints":{"allow":["GET"]}}],"collection":[{"href":"https:\/\/eltrabajo.cl\/portal\/wp-json\/wp\/v2\/posts"}],"about":[{"href":"https:\/\/eltrabajo.cl\/portal\/wp-json\/wp\/v2\/types\/post"}],"author":[{"embeddable":true,"href":"https:\/\/eltrabajo.cl\/portal\/wp-json\/wp\/v2\/users\/482"}],"replies":[{"embeddable":true,"href":"https:\/\/eltrabajo.cl\/portal\/wp-json\/wp\/v2\/comments?post=96852"}],"version-history":[{"count":0,"href":"https:\/\/eltrabajo.cl\/portal\/wp-json\/wp\/v2\/posts\/96852\/revisions"}],"wp:featuredmedia":[{"embeddable":true,"href":"https:\/\/eltrabajo.cl\/portal\/wp-json\/wp\/v2\/media\/96853"}],"wp:attachment":[{"href":"https:\/\/eltrabajo.cl\/portal\/wp-json\/wp\/v2\/media?parent=96852"}],"wp:term":[{"taxonomy":"category","embeddable":true,"href":"https:\/\/eltrabajo.cl\/portal\/wp-json\/wp\/v2\/categories?post=96852"},{"taxonomy":"post_tag","embeddable":true,"href":"https:\/\/eltrabajo.cl\/portal\/wp-json\/wp\/v2\/tags?post=96852"}],"curies":[{"name":"wp","href":"https:\/\/api.w.org\/{rel}","templated":true}]}}