{"id":96856,"date":"2020-01-29T05:04:22","date_gmt":"2020-01-29T08:04:22","guid":{"rendered":"http:\/\/www.eltrabajo.cl\/portal\/?p=96856"},"modified":"2020-01-28T21:03:00","modified_gmt":"2020-01-29T00:03:00","slug":"victor-catan-acreedor-la-deuda-de-pentzke-es-gigantesca-estratosferica","status":"publish","type":"post","link":"https:\/\/eltrabajo.cl\/portal\/victor-catan-acreedor-la-deuda-de-pentzke-es-gigantesca-estratosferica\/","title":{"rendered":"V\u00edctor Cat\u00e1n, acreedor: \u201cLa deuda de Pentzke es gigantesca, estratosf\u00e9rica\u201d"},"content":{"rendered":"<ul>\n<li><strong>Productor de duraznos llam\u00f3 a la familia a \u201cdar una muestra de rectitud y poner todos los bienes de las empresas que est\u00e1n relacionadas a disposici\u00f3n de los acreedores, porque esas empresas nacieron a costillas de Pentzke y nacieron a costilla de nosotros\u201d.<\/strong><\/li>\n<\/ul>\n<p>Hoy en el Tribunal Oral en Lo Penal de San Felipe se realizar\u00e1 una audiencia por la quiebra de la Conservera Pentzke, donde estar\u00e1n presentes los acreedores y se llevar\u00e1n a cabo tres acciones concretas: Primero, el S\u00edndico va a dar cuenta de las gestiones que ha hecho hasta ahora; segundo, se van a nombrar representantes de los acreedores; y tercero se va a dar cuenta de las gestiones hechas hasta el momento, informar si hay o no interesados, si existe alguna propuesta formal de alguien que tenga inter\u00e9s en comprar parte o la totalidad de los bienes de Pentzke.<\/p>\n<p>Posteriormente de lo que suceda hoy, se llamar\u00e1 a una reuni\u00f3n 48 horas despu\u00e9s -o lo que disponga el juez- donde se sentar\u00e1n los representantes de los acreedores para hacer una hoja de ruta a lo que corresponde seguir.<\/p>\n<p>Recordar que en el mes de diciembre hubo una junta de acreedores de un proceso que se llama reorganizaci\u00f3n judicial, que es antes de la quiebra. Es un proceso donde se pretende darle continuidad a la empresa sin que ella quiebre. Como esa alternativa no fue viable y los bancos terminaron solicitando la quiebra, hoy d\u00eda el s\u00edndico est\u00e1 llamando a una junta de acreedores donde deben decidir sobre el futuro de los activos que tiene la empresa. \u00bfC\u00f3mo se van a liquidar?, se van a liquidar de a uno, una unidad completa econ\u00f3mica, y valorizar medianamente esos activos para ver hasta d\u00f3nde va a alcanzar el dinero para cancelar a los acreedores.<\/p>\n<p>Tambi\u00e9n se va a nombrar una junta de acreedores donde se van a elegir representantes de las distintas acreencias. Esto quiere decir que los bancos se van a representar con un acreedor. Los que no tienen garant\u00edas, con otro, para no tener doscientas, trescientas personas dando vuelta en el sistema.<\/p>\n<p>Seg\u00fan indic\u00f3 <strong>V\u00edctor Cat\u00e1n<\/strong>, uno de los productores de duraznos y tambi\u00e9n acreedor, en el fondo es elegir un representante de los grupos de acreedores.<\/p>\n<p>&#8211; <strong>\u00bfAl vender los activos alcanza para pagar a trabajadores o algo as\u00ed o no?<\/strong><\/p>\n<p>&#8211; No, no, la deuda de Pentzke es una deuda\u00a0 gigantesca, estratosf\u00e9rica, algo se ha transmitido al p\u00fablico. Inicialmente era del orden de los 69 mil millones de pesos, por lo tanto si vendieran muy bien los activos, no son capaces ni siquiera de pagar el 50% de la deuda.<\/p>\n<p>&#8211; <strong>\u00bfCu\u00e1nto cuesta la empresa, algunos dicen que 30 mil millones o pueda venir un inversionista?<\/strong><\/p>\n<p>&#8211; No, no, yo creo que eso est\u00e1 lejano a la realidad y le voy a contar por qu\u00e9, porque la idea de tener continuidad era que la empresa estuviera funcionando, hoy d\u00eda la empresa no est\u00e1 funcionando, y para cualquier empresario que quisiera tomarla, quiere tomar una empresa con inventario, m\u00e1quinas funcionando y obviamente tiene un valor menor. Ahora no sabemos, no tenemos ninguna certeza de que alguien tenga inter\u00e9s de seguir, hacer andar la f\u00e1brica nuevamente; lo m\u00e1s probable o dentro de las probabilidades que existen, es que el que la venga a comprar, la venga a comprar para deshuesarla y para terminar vendiendo o haciendo un proyecto inmobiliario en donde hoy est\u00e1 la conservera Pentzke.<\/p>\n<p>&#8211; <strong>O sea, en palabras simples, que la venga a comprar por partes.<\/strong><\/p>\n<p>&#8211; Exactamente.<\/p>\n<p>Cat\u00e1n reconoce que finalmente lo que termina valiendo es el terreno: <em>\u201cLos fierros cuando est\u00e1n \u2018fr\u00edos\u2019, como se llama en jerga popular, valen lo que vale el kilo de fierro\u201d,<\/em> dijo.<\/p>\n<p>&#8211; <strong>En su momento conversamos con gente ligada a la empresa que dec\u00eda que esto se lo hab\u00edan advertido cinco a\u00f1os antes, y tambi\u00e9n responsabilizaban al \u00faltimo gerente de apellido franc\u00e9s, Domenech. Como que los dardos apuntan a \u00e9l, \u00bfconcuerda usted en ese sentido tambi\u00e9n?<\/strong><\/p>\n<p>&#8211; Yo concuerdo en cierto sentido, pero no completamente. Aqu\u00ed el culpable no es el gerente general, el gerente general funciona en base a lo que un directorio y los due\u00f1os de la empresa mandan. Entonces querer buscar un chivo expiatorio como gerente general no creo que sea justo, aqu\u00ed hay una responsabilidad directa de parte de la familia Pentzke, en que debieran haber sido m\u00e1s francos, m\u00e1s sinceros y haber dicho antes que empezara la temporada 2019, no somos capaces\u00a0 de trabajar o sincerar lo que estaban viviendo. Efectivamente si usted me dice que est\u00e1 con problemas, puedo asumir el riesgo, puedo decirle yo lo acompa\u00f1o, tomamos ciertos resguardos, pero aqu\u00ed la informaci\u00f3n no fluy\u00f3\u2026 se ocult\u00f3, y eso en lo personal a m\u00ed me tiene muy, muy molesto.<\/p>\n<p>&#8211; <strong>\u00bfHubo mucho despilfarro de plata por parte de la familia o no?<\/strong><\/p>\n<p>&#8211; Mire yo no soy qui\u00e9n para decirlo, la despilfarraron o no la despilfarraron, lo que s\u00ed puedo decir que evidentemente hubo una negligencia administrativa muy grande. Otra gente se me ha acercado a decirme que aqu\u00ed hay una quiebra dolosa, que prepararon la quiebra, que la plata se la llevaron para la casa. Mire todas esas cosas pueden tener un grado de veracidad, pero los tribunales van a ser los que van a resolver si es que eso fue as\u00ed o no fue as\u00ed.<\/p>\n<p>&#8211; <strong>El abogado de los trabajadores no descarta demandar a las otras empresas del Holding, \u00bfhay m\u00e1s empresas ligadas a Pentzke?<\/strong><\/p>\n<p>&#8211; Evidentemente que hay empresas ligadas, hay algunas de ellas que son avales en los cr\u00e9ditos de la conservera Pentzke, pero yo creo que la familia debiera dar una muestra de rectitud y poner todos los bienes de las empresas que est\u00e1n relacionadas, a disposici\u00f3n de los acreedores, porque esas empresas nacieron a costillas de Pentzke y nacieron a costillas de nosotros, entonces creo \u00e9tico que debieran dar una muestra a lo menos en ese sentido.<\/p>\n<p>&#8211; <strong>\u00bfNo la han dado?<\/strong><\/p>\n<p>&#8211; No, para nada. Tengo un reparo al comentario del abogado porque lamentablemente s\u00ed est\u00e1n esas propiedades, sociedades en otra raz\u00f3n social, por mucho que sean de la misma familia, no tienen relaci\u00f3n, son personalidades jur\u00eddicas distintas, por lo tanto dif\u00edcilmente se pueden perseguir. Pero aqu\u00ed yo no quiero ir al tema judicial, quiero ir al tema \u00e9tico, al de los principios, al tema que viste al hombre, a los empresarios, la familia Pentzke debiera acercarse a los acreedores y mostrar una se\u00f1al de querer reparar en parte el da\u00f1o causado.<\/p>\n<p>A V\u00edctor Cat\u00e1n, mayor productor de duraznos, le deben alrededor de 600 millones de pesos. Dice que perdi\u00f3 todo. Se le hundi\u00f3 el barco. Estima que tardar\u00e1 al menos ocho a\u00f1os en recuperarse.<\/p>\n<p>&nbsp;<\/p>\n<figure id=\"attachment_96857\" aria-describedby=\"caption-attachment-96857\" style=\"width: 580px\" class=\"wp-caption alignnone\"><img data-recalc-dims=\"1\" loading=\"lazy\" decoding=\"async\" class=\"size-full wp-image-96857\" src=\"https:\/\/i0.wp.com\/www.eltrabajo.cl\/portal\/wp-content\/uploads\/2020\/01\/victor_catan-agricultores2.jpg?resize=580%2C358\" alt=\"V\u00edctor Cat\u00e1n, uno de los principales productores de duraznos de la zona, es uno de los acreedores de Pentzke, a quien le deben alrededor de 600 millones de pesos.\" width=\"580\" height=\"358\" srcset=\"https:\/\/i0.wp.com\/eltrabajo.cl\/portal\/wp-content\/uploads\/2020\/01\/victor_catan-agricultores2.jpg?w=580&amp;ssl=1 580w, https:\/\/i0.wp.com\/eltrabajo.cl\/portal\/wp-content\/uploads\/2020\/01\/victor_catan-agricultores2.jpg?resize=300%2C185&amp;ssl=1 300w, https:\/\/i0.wp.com\/eltrabajo.cl\/portal\/wp-content\/uploads\/2020\/01\/victor_catan-agricultores2.jpg?resize=200%2C123&amp;ssl=1 200w, https:\/\/i0.wp.com\/eltrabajo.cl\/portal\/wp-content\/uploads\/2020\/01\/victor_catan-agricultores2.jpg?resize=243%2C150&amp;ssl=1 243w, https:\/\/i0.wp.com\/eltrabajo.cl\/portal\/wp-content\/uploads\/2020\/01\/victor_catan-agricultores2.jpg?resize=400%2C247&amp;ssl=1 400w\" sizes=\"auto, (max-width: 580px) 100vw, 580px\" \/><figcaption id=\"caption-attachment-96857\" class=\"wp-caption-text\">V\u00edctor Cat\u00e1n, uno de los principales productores de duraznos de la zona, es uno de los acreedores de Pentzke, a quien le deben alrededor de 600 millones de pesos.<\/figcaption><\/figure>\n","protected":false},"excerpt":{"rendered":"<p>Productor de duraznos llam\u00f3 a la familia a \u201cdar una muestra de rectitud y poner todos los bienes de las empresas que est\u00e1n relacionadas a disposici\u00f3n de los acreedores, porque esas empresas&#8230;<\/p>\n","protected":false},"author":482,"featured_media":96857,"comment_status":"open","ping_status":"open","sticky":false,"template":"","format":"standard","meta":{"advanced_seo_description":"","jetpack_seo_html_title":"","jetpack_seo_noindex":false,"_jetpack_memberships_contains_paid_content":false,"footnotes":""},"categories":[15],"tags":[],"class_list":["post-96856","post","type-post","status-publish","format-standard","has-post-thumbnail","hentry","category-comunidad"],"jetpack_featured_media_url":"https:\/\/i0.wp.com\/eltrabajo.cl\/portal\/wp-content\/uploads\/2020\/01\/victor_catan-agricultores2.jpg?fit=580%2C358&ssl=1","jetpack_sharing_enabled":true,"jetpack_likes_enabled":true,"jetpack-related-posts":[],"_links":{"self":[{"href":"https:\/\/eltrabajo.cl\/portal\/wp-json\/wp\/v2\/posts\/96856","targetHints":{"allow":["GET"]}}],"collection":[{"href":"https:\/\/eltrabajo.cl\/portal\/wp-json\/wp\/v2\/posts"}],"about":[{"href":"https:\/\/eltrabajo.cl\/portal\/wp-json\/wp\/v2\/types\/post"}],"author":[{"embeddable":true,"href":"https:\/\/eltrabajo.cl\/portal\/wp-json\/wp\/v2\/users\/482"}],"replies":[{"embeddable":true,"href":"https:\/\/eltrabajo.cl\/portal\/wp-json\/wp\/v2\/comments?post=96856"}],"version-history":[{"count":0,"href":"https:\/\/eltrabajo.cl\/portal\/wp-json\/wp\/v2\/posts\/96856\/revisions"}],"wp:featuredmedia":[{"embeddable":true,"href":"https:\/\/eltrabajo.cl\/portal\/wp-json\/wp\/v2\/media\/96857"}],"wp:attachment":[{"href":"https:\/\/eltrabajo.cl\/portal\/wp-json\/wp\/v2\/media?parent=96856"}],"wp:term":[{"taxonomy":"category","embeddable":true,"href":"https:\/\/eltrabajo.cl\/portal\/wp-json\/wp\/v2\/categories?post=96856"},{"taxonomy":"post_tag","embeddable":true,"href":"https:\/\/eltrabajo.cl\/portal\/wp-json\/wp\/v2\/tags?post=96856"}],"curies":[{"name":"wp","href":"https:\/\/api.w.org\/{rel}","templated":true}]}}