{"id":96862,"date":"2020-01-29T05:05:48","date_gmt":"2020-01-29T08:05:48","guid":{"rendered":"http:\/\/www.eltrabajo.cl\/portal\/?p=96862"},"modified":"2020-01-28T21:11:30","modified_gmt":"2020-01-29T00:11:30","slug":"camion-tres-cuartos-resbala-y-vuelca-aparatosamente-en-la-ruta-60-ch","status":"publish","type":"post","link":"https:\/\/eltrabajo.cl\/portal\/camion-tres-cuartos-resbala-y-vuelca-aparatosamente-en-la-ruta-60-ch\/","title":{"rendered":"Cami\u00f3n tres cuartos resbala y vuelca aparatosamente en la ruta 60 CH"},"content":{"rendered":"<p><span style=\"color: #ff0000;\"><strong>Pavimento resbaladizo habr\u00eda causado el accidente:<\/strong><\/span><\/p>\n<p><strong>PANQUEHUE<\/strong>.- Un espectacular volcamiento protagoniz\u00f3 el conductor de un cami\u00f3n tres cuartos a la altura del empalme de la autopista 60 CH con el Troncal Panquehue, en el kil\u00f3metro 46. Al parecer el accidente habr\u00eda ocurrido por lo resbaladizo del pavimento en la carretera a ra\u00edz del intenso calor de ayer martes.<\/p>\n<p>Al lugar del percance se apersonaron unidades de Bomberos de Panquehue, Carabineros y tambi\u00e9n una gr\u00faa para levantar el veh\u00edculo marca JAC, patente DB FJ 42.<\/p>\n<p><strong>Diario El Trabajo<\/strong> estuvo en el lugar y pudimos hablar con <strong><em>Eduardo Tapia<\/em><\/strong>, conductor del cami\u00f3n de tres cuartos de la empresa Copeval.<\/p>\n<p>\u00ab<em>Eran como las once y media cuando yo ven\u00eda de Panquehue en direcci\u00f3n a Llay Llay. Yo ven\u00eda a buena velocidad, inclusive ven\u00edan dos veh\u00edculos delante del m\u00edo a una velocidad prudente. Lo que pas\u00f3 es que en la carretera hay un l\u00edquido, algo pegajoso y con el calor estaba muy resbaloso, apenas ven\u00eda yo con una carga m\u00ednima de 1.000 kilos de mezcla de abono. Gracias a Dios y a que ven\u00eda con el cintur\u00f3n de seguridad puesto no me pas\u00f3 nada<\/em>\u00bb, dijo Tapia a nuestro medio.<\/p>\n<p><strong>Roberto Gonz\u00e1lez Short<\/strong><\/p>\n<p>&nbsp;<\/p>\n<figure id=\"attachment_96863\" aria-describedby=\"caption-attachment-96863\" style=\"width: 580px\" class=\"wp-caption alignnone\"><img data-recalc-dims=\"1\" loading=\"lazy\" decoding=\"async\" class=\"size-full wp-image-96863\" src=\"https:\/\/i0.wp.com\/www.eltrabajo.cl\/portal\/wp-content\/uploads\/2020\/01\/Vuelco1-1.jpg?resize=580%2C360\" alt=\"SALV\u00d3 ILESO.- Personal de Rescate se encarg\u00f3 de controlar la escena tras el vuelco, se hizo necesario para atender el accidente, mientras que una larga fila de autos esper\u00f3 la habilitaci\u00f3n de la ruta.\" width=\"580\" height=\"360\" srcset=\"https:\/\/i0.wp.com\/eltrabajo.cl\/portal\/wp-content\/uploads\/2020\/01\/Vuelco1-1.jpg?w=580&amp;ssl=1 580w, https:\/\/i0.wp.com\/eltrabajo.cl\/portal\/wp-content\/uploads\/2020\/01\/Vuelco1-1.jpg?resize=300%2C186&amp;ssl=1 300w, https:\/\/i0.wp.com\/eltrabajo.cl\/portal\/wp-content\/uploads\/2020\/01\/Vuelco1-1.jpg?resize=200%2C124&amp;ssl=1 200w, https:\/\/i0.wp.com\/eltrabajo.cl\/portal\/wp-content\/uploads\/2020\/01\/Vuelco1-1.jpg?resize=242%2C150&amp;ssl=1 242w, https:\/\/i0.wp.com\/eltrabajo.cl\/portal\/wp-content\/uploads\/2020\/01\/Vuelco1-1.jpg?resize=400%2C248&amp;ssl=1 400w\" sizes=\"auto, (max-width: 580px) 100vw, 580px\" \/><figcaption id=\"caption-attachment-96863\" class=\"wp-caption-text\">SALV\u00d3 ILESO.- Personal de Rescate se encarg\u00f3 de controlar la escena tras el vuelco, se hizo necesario para atender el accidente, mientras que una larga fila de autos esper\u00f3 la habilitaci\u00f3n de la ruta.<\/figcaption><\/figure>\n<p>&nbsp;<\/p>\n<figure id=\"attachment_96865\" aria-describedby=\"caption-attachment-96865\" style=\"width: 580px\" class=\"wp-caption alignnone\"><img data-recalc-dims=\"1\" loading=\"lazy\" decoding=\"async\" class=\"size-full wp-image-96865\" src=\"https:\/\/i0.wp.com\/www.eltrabajo.cl\/portal\/wp-content\/uploads\/2020\/01\/Vuelco3.jpg?resize=580%2C360\" alt=\"MILAGRO DEL D\u00cdA.- Milagrosamente este vuelco no gener\u00f3 emergencias mayores en el kil\u00f3metro 46 de la ruta 60 CH.\" width=\"580\" height=\"360\" srcset=\"https:\/\/i0.wp.com\/eltrabajo.cl\/portal\/wp-content\/uploads\/2020\/01\/Vuelco3.jpg?w=580&amp;ssl=1 580w, https:\/\/i0.wp.com\/eltrabajo.cl\/portal\/wp-content\/uploads\/2020\/01\/Vuelco3.jpg?resize=300%2C186&amp;ssl=1 300w, https:\/\/i0.wp.com\/eltrabajo.cl\/portal\/wp-content\/uploads\/2020\/01\/Vuelco3.jpg?resize=200%2C124&amp;ssl=1 200w, https:\/\/i0.wp.com\/eltrabajo.cl\/portal\/wp-content\/uploads\/2020\/01\/Vuelco3.jpg?resize=242%2C150&amp;ssl=1 242w, https:\/\/i0.wp.com\/eltrabajo.cl\/portal\/wp-content\/uploads\/2020\/01\/Vuelco3.jpg?resize=400%2C248&amp;ssl=1 400w\" sizes=\"auto, (max-width: 580px) 100vw, 580px\" \/><figcaption id=\"caption-attachment-96865\" class=\"wp-caption-text\">MILAGRO DEL D\u00cdA.- Milagrosamente este vuelco no gener\u00f3 emergencias mayores en el kil\u00f3metro 46 de la ruta 60 CH.<\/figcaption><\/figure>\n<p>&nbsp;<\/p>\n<figure id=\"attachment_96864\" aria-describedby=\"caption-attachment-96864\" style=\"width: 579px\" class=\"wp-caption alignnone\"><img data-recalc-dims=\"1\" loading=\"lazy\" decoding=\"async\" class=\"size-full wp-image-96864\" src=\"https:\/\/i0.wp.com\/www.eltrabajo.cl\/portal\/wp-content\/uploads\/2020\/01\/Vuelco2-1.jpg?resize=579%2C847\" alt=\"POCO PESO.- Esta era la \u00fanica carga que transportaba el cami\u00f3n, s\u00f3lo 1.000 kilos de abono.\" width=\"579\" height=\"847\" srcset=\"https:\/\/i0.wp.com\/eltrabajo.cl\/portal\/wp-content\/uploads\/2020\/01\/Vuelco2-1.jpg?w=579&amp;ssl=1 579w, https:\/\/i0.wp.com\/eltrabajo.cl\/portal\/wp-content\/uploads\/2020\/01\/Vuelco2-1.jpg?resize=205%2C300&amp;ssl=1 205w, https:\/\/i0.wp.com\/eltrabajo.cl\/portal\/wp-content\/uploads\/2020\/01\/Vuelco2-1.jpg?resize=103%2C150&amp;ssl=1 103w, https:\/\/i0.wp.com\/eltrabajo.cl\/portal\/wp-content\/uploads\/2020\/01\/Vuelco2-1.jpg?resize=400%2C585&amp;ssl=1 400w\" sizes=\"auto, (max-width: 579px) 100vw, 579px\" \/><figcaption id=\"caption-attachment-96864\" class=\"wp-caption-text\">POCO PESO.- Esta era la \u00fanica carga que transportaba el cami\u00f3n, s\u00f3lo 1.000 kilos de abono.<\/figcaption><\/figure>\n<p>&nbsp;<\/p>\n<figure id=\"attachment_96866\" aria-describedby=\"caption-attachment-96866\" style=\"width: 578px\" class=\"wp-caption alignnone\"><img data-recalc-dims=\"1\" loading=\"lazy\" decoding=\"async\" class=\"size-full wp-image-96866\" src=\"https:\/\/i0.wp.com\/www.eltrabajo.cl\/portal\/wp-content\/uploads\/2020\/01\/Vuelco_Eduardo-Tapia.jpg?resize=578%2C600\" alt=\"Eduardo Tapia, chofer del cami\u00f3n.\" width=\"578\" height=\"600\" srcset=\"https:\/\/i0.wp.com\/eltrabajo.cl\/portal\/wp-content\/uploads\/2020\/01\/Vuelco_Eduardo-Tapia.jpg?w=578&amp;ssl=1 578w, https:\/\/i0.wp.com\/eltrabajo.cl\/portal\/wp-content\/uploads\/2020\/01\/Vuelco_Eduardo-Tapia.jpg?resize=289%2C300&amp;ssl=1 289w, https:\/\/i0.wp.com\/eltrabajo.cl\/portal\/wp-content\/uploads\/2020\/01\/Vuelco_Eduardo-Tapia.jpg?resize=145%2C150&amp;ssl=1 145w, https:\/\/i0.wp.com\/eltrabajo.cl\/portal\/wp-content\/uploads\/2020\/01\/Vuelco_Eduardo-Tapia.jpg?resize=400%2C415&amp;ssl=1 400w\" sizes=\"auto, (max-width: 578px) 100vw, 578px\" \/><figcaption id=\"caption-attachment-96866\" class=\"wp-caption-text\">Eduardo Tapia, chofer del cami\u00f3n.<\/figcaption><\/figure>\n","protected":false},"excerpt":{"rendered":"<p>Pavimento resbaladizo habr\u00eda causado el accidente: PANQUEHUE.- Un espectacular volcamiento protagoniz\u00f3 el conductor de un cami\u00f3n tres cuartos a la altura del empalme de la autopista 60 CH con el Troncal Panquehue,&#8230;<\/p>\n","protected":false},"author":482,"featured_media":96863,"comment_status":"open","ping_status":"open","sticky":false,"template":"","format":"standard","meta":{"advanced_seo_description":"","jetpack_seo_html_title":"","jetpack_seo_noindex":false,"_jetpack_memberships_contains_paid_content":false,"footnotes":""},"categories":[21],"tags":[],"class_list":["post-96862","post","type-post","status-publish","format-standard","has-post-thumbnail","hentry","category-policial"],"jetpack_featured_media_url":"https:\/\/i0.wp.com\/eltrabajo.cl\/portal\/wp-content\/uploads\/2020\/01\/Vuelco1-1.jpg?fit=580%2C360&ssl=1","jetpack_sharing_enabled":true,"jetpack_likes_enabled":true,"jetpack-related-posts":[],"_links":{"self":[{"href":"https:\/\/eltrabajo.cl\/portal\/wp-json\/wp\/v2\/posts\/96862","targetHints":{"allow":["GET"]}}],"collection":[{"href":"https:\/\/eltrabajo.cl\/portal\/wp-json\/wp\/v2\/posts"}],"about":[{"href":"https:\/\/eltrabajo.cl\/portal\/wp-json\/wp\/v2\/types\/post"}],"author":[{"embeddable":true,"href":"https:\/\/eltrabajo.cl\/portal\/wp-json\/wp\/v2\/users\/482"}],"replies":[{"embeddable":true,"href":"https:\/\/eltrabajo.cl\/portal\/wp-json\/wp\/v2\/comments?post=96862"}],"version-history":[{"count":0,"href":"https:\/\/eltrabajo.cl\/portal\/wp-json\/wp\/v2\/posts\/96862\/revisions"}],"wp:featuredmedia":[{"embeddable":true,"href":"https:\/\/eltrabajo.cl\/portal\/wp-json\/wp\/v2\/media\/96863"}],"wp:attachment":[{"href":"https:\/\/eltrabajo.cl\/portal\/wp-json\/wp\/v2\/media?parent=96862"}],"wp:term":[{"taxonomy":"category","embeddable":true,"href":"https:\/\/eltrabajo.cl\/portal\/wp-json\/wp\/v2\/categories?post=96862"},{"taxonomy":"post_tag","embeddable":true,"href":"https:\/\/eltrabajo.cl\/portal\/wp-json\/wp\/v2\/tags?post=96862"}],"curies":[{"name":"wp","href":"https:\/\/api.w.org\/{rel}","templated":true}]}}