{"id":96868,"date":"2020-01-29T05:06:37","date_gmt":"2020-01-29T08:06:37","guid":{"rendered":"http:\/\/www.eltrabajo.cl\/portal\/?p=96868"},"modified":"2020-01-28T21:13:04","modified_gmt":"2020-01-29T00:13:04","slug":"viuda-del-cabo-montoya-dice-sentirse-abandonada-por-el-gobierno","status":"publish","type":"post","link":"https:\/\/eltrabajo.cl\/portal\/viuda-del-cabo-montoya-dice-sentirse-abandonada-por-el-gobierno\/","title":{"rendered":"Viuda del cabo Montoya \u00a0dice sentirse abandonada por el gobierno"},"content":{"rendered":"<ul>\n<li><strong>Caroline Carvacho perdi\u00f3 a su marido en la tragedia a\u00e9rea del avi\u00f3n H\u00e9rcules que cay\u00f3 al mar cuando se dirig\u00eda al territorio ant\u00e1rtico, se reunir\u00eda ayer con el ministro de Defensa.<\/strong><\/li>\n<\/ul>\n<p>Han pasado 47 d\u00edas desde la tragedia que enlut\u00f3 a la Fuerza A\u00e9rea de Chile, cuando un avi\u00f3n H\u00e9rcules C-113 cay\u00f3 al mar de Drake, con 38 personas a bordo. Entre ellas, el cabo primero <strong>Luis Montoya Soto<\/strong>, oriundo de calle Herrera.<\/p>\n<p>Su viuda, <strong>Caroline Carvacho<\/strong>, en conversaci\u00f3n con un medio local, dijo que\u00a0 ha sido un proceso bastante angustiante pues el dolor a\u00fan est\u00e1 latente y esperan antecedentes concretos con respecto a la b\u00fasqueda. <em>\u201cPor mi parte yo pude tener el milagro, la fortuna, por as\u00ed decirlo, de tener algo de mi esposo para darle sepultura. Hay doce familias que lograron hacer eso, pero el resto no ha tenido esa oportunidad, todo se centra desde nuestra perspectiva a la deficiencia con respecto a la b\u00fasqueda por falta de los medios tecnol\u00f3gicos que se necesitan de alguna manera para encontrar lo que necesitamos encontrar, \u00a0los restos de familiares, el fuselaje del avi\u00f3n o partes, \u00a0para que de alguna manera aporte y ayude para saber cu\u00e1les fueron las causas reales de esta tragedia. Porque para nosotros no es un accidente, es una tragedia de dimensiones alt\u00edsimas y obviamente que nadie quisiera poder pasar por esto. Entonces hoy en d\u00eda estamos centrados y unidos como familia para que de alguna manera el gobierno, a trav\u00e9s del Ministerio de Defensa, se den las garant\u00edas que se necesitan en t\u00e9rminos econ\u00f3micos para hacer la contrataci\u00f3n y que no dependamos de la voluntad de los pa\u00edses, del apoyo a la b\u00fasqueda, sino que est\u00e9n los recursos del gobierno para que esto pueda operar de mejor manera\u201d,<\/em> dijo.<\/p>\n<p>&#8211; <strong>En ese mismo contexto han surgido versiones de los dem\u00e1s familiares que indican que el avi\u00f3n no se estrell\u00f3, sino que explot\u00f3 en el aire antes de caer al mar de Drake. \u00bfEs una versi\u00f3n que usted comparte o no?<\/strong><\/p>\n<p>&#8211; O sea no son cosas concretas, son hip\u00f3tesis que hoy en d\u00eda se barajan, que son bastantes porque\u00a0 tambi\u00e9n podemos ver en la desesperaci\u00f3n, no hay nada concreto que diga que explot\u00f3, sino que obviamente son apreciaciones de familiares en base a las hip\u00f3tesis. Tambi\u00e9n con respecto a ese audio que circula, eso es\u00a0 efectivo, nosotros desde el primer d\u00eda sab\u00edamos que hab\u00eda un audio, pero eso est\u00e1 en manos de la fiscal\u00eda para ver si efectivamente esa falla el\u00e9ctrica podr\u00eda haber sido la causa real o podr\u00eda haber otras causas asociado a eso, como tambi\u00e9n est\u00e1 en el manifiesto de carga. \u00bfQu\u00e9 es lo que realmente se llevaba en el avi\u00f3n?,\u00a0 eso tambi\u00e9n tendr\u00eda que haber sido entregado a la fiscal\u00eda y entiendo que hasta el d\u00eda de hoy a\u00fan por parte de la Fuerza A\u00e9rea, no se entrega.<\/p>\n<p>&#8211; <strong>\u00bfSe sientes abandonados en ese sentido?, porque los dem\u00e1s familiares dicen que \u201cnos est\u00e1n abandonando los medios de comunicaciones y tambi\u00e9n nos est\u00e1 abandonando el Ministro de Defensa, la misma Fuerza A\u00e9rea\u201d. \u00bfComparte esas expresiones, tambi\u00e9n usted se siente abandonada?<\/strong><\/p>\n<p>&#8211; Efectivamente, porque cuando pas\u00f3 la tragedia el 9 de\u00a0 diciembre, pas\u00f3 dos d\u00edas para que se hablara del tema y de ah\u00ed a la fecha ning\u00fan medio de comunicaci\u00f3n, prensa escrita, televisi\u00f3n, ha dado mayores antecedentes con respecto a esto; y no as\u00ed otros accidentes o tragedias que han sufrido. Entonces obviamente nosotros nos sentimos abandonados por los medios de prensa, de alguna manera, que se den las garant\u00edas; hoy en d\u00eda somos nosotros los que estamos luchando y exigiendo cuando ni siquiera debi\u00e9ramos exigir\u00a0 esas garant\u00edas, \u00a0debiesen estar dadas por el Gobierno. En particular yo me he puesto en contacto v\u00eda telef\u00f3nica con el ministro de Defensa, \u00e9l ha tenido la deferencia de atenderme, \u00a0de alguna manera tambi\u00e9n representando a las familias, para que \u00e9l se ponga en contacto con nosotros. Hoy en d\u00eda ya puedo decir\u00a0 que eso ya lo hemos logrado, por lo menos puedo decir que el d\u00eda de ma\u00f1ana (ayer) nosotros tenemos una entrevista con el ministro de Defensa, porque uno esperar\u00eda que desde el gobierno hubieran estado 24\/7 con nosotros, en todo momento, como ha sido en otras tragedias, y al ministro solamente le vimos la cara, yo particularmente, cuando estuvo en Punta Arenas, pero de ah\u00ed en adelante \u00e9l ha mantenido contacto con la Fuerza A\u00e9rea, pero no directamente con nosotros como familia, entonces somos nosotros los que tenemos que andar exigiendo y eso obviamente no es lo que se espera.<\/p>\n<p>&#8211; <strong>\u00bfPor qu\u00e9 creen ustedes que pasa esto?<\/strong><\/p>\n<p>&#8211; Por los recursos econ\u00f3micos, me imagino yo. Para mi parecer se tienen que dar las garant\u00edas del Gobierno, o sea ellos nos dicen desde la Fuerza A\u00e9rea se ha hecho todo lo posible, pero a m\u00ed no me basta con que se haga todo lo posible. Como ciudadano mi marido dio la vida para la Fuerza A\u00e9rea, estando siempre para ellos, fue su sue\u00f1o desde ni\u00f1o, enamorado de su profesi\u00f3n, de su entrega a la Instituci\u00f3n, y de alguna manera eso es\u00a0 lo que esperar\u00edamos para nosotros. Hoy en d\u00eda los comunicados se han ido diluyendo, si bien en primera instancia era d\u00eda a d\u00eda, despu\u00e9s cada tres d\u00edas, cada cinco d\u00edas, una vez a la semana, hoy en d\u00eda hace dos semanas que no tenemos comunicado con respecto a lo que se est\u00e1 haciendo efectivamente en la b\u00fasqueda, y la b\u00fasqueda est\u00e1 centrada en la solicitud a los buques de tr\u00e1nsito, tur\u00edsticos por as\u00ed\u00a0 decirlo, que se ha hecho una planificaci\u00f3n en cambios de sus rutas para que pasen por el lugar de la tragedia, pero tambi\u00e9n entendemos que el mar ha hecho lo suyo, entonces dif\u00edcilmente podemos encontrar algo a la vista. Lo que nosotros estamos pidiendo que existan los medios tecnol\u00f3gicos para que se inmersa en ese mar de Draque y puedan buscar bajo el mar .<\/p>\n<p>&#8211; <strong>No creen que el avi\u00f3n literalmente se haya hecho \u2018polvo\u2019.<\/strong><\/p>\n<p>&#8211; Como familia se sigue en la angustia de saber qu\u00e9 es lo que pas\u00f3, para poder aportar a la investigaci\u00f3n y que Dios quiera y permita encontrar parte de ese avi\u00f3n, el fuselaje, pero tambi\u00e9n el resto de familiares que a\u00fan esperan poder tener regreso y poder darle una digna sepultura, tenerlos en un lugar donde pueda ayudar a todos este proceso.<\/p>\n<p>&#8211; <strong>\u00bfC\u00f3mo recuerda los \u00faltimos momentos antes de la tragedia?<\/strong><\/p>\n<p>&#8211; Nosotros ten\u00edamos una rutina, no es primera vez que mi marido iba en estas comisiones, constantemente viajaba a la Ant\u00e1rtida, por el \u00e1rea que \u00e9l trabaja tambi\u00e9n fue en comisi\u00f3n a Estados Unidos, entonces era parte de nuestra rutina; constantemente nos comunic\u00e1bamos o \u00e9l siempre me avisaba: <em>\u201cMi amor voy despegando\u201d, \u201cmi amor voy aterrizando\u201d, \u201cla llamo en unos minutos m\u00e1s porque me toca trabajar\u201d<\/em>. Hab\u00eda una rutina de base y ese d\u00eda obviamente \u00e9l se despide, me dice: <em>\u201cMi amor llegamos\u201d,<\/em> porque hicieron escala en Puerto Montt y luego se fueron a Punta Arenas, me avisa cuando llegan a Punta Arenas. Despu\u00e9s me dice: <em>\u201cMi amor, vamos a tener que entrar al tiro a la Ant\u00e1rtida porque al parecer los d\u00edas pr\u00f3ximos estar\u00edan malos y se quieren asegurar para entrar ahora\u201d,<\/em> eso fue lo \u00faltimo que \u00e9l me comunic\u00f3 y a m\u00ed esa es la sensaci\u00f3n y angustia que me queda. \u00bfCu\u00e1l fue el apuro de alguna manera por entrar ese d\u00eda?, si las condiciones no estaban m\u00e1s \u00f3ptimas. Yo s\u00e9 que siempre ellos se manejan con ventanas por el clima, pero ese d\u00eda cu\u00e1l era el apuro si los otros d\u00edas lo que me coment\u00f3 al parecer iban a estar malos y no fue as\u00ed, los pr\u00f3ximos d\u00edas tambi\u00e9n estuvieron buenos, que fue lo que favoreci\u00f3 en la b\u00fasqueda, entonces ah\u00ed a uno se le van sembrando varias interrogantes, uno va deduciendo varias hip\u00f3tesis, de lo que podr\u00eda haber pasado, esta falla que se reporta, pero como hay otras cosas m\u00e1s que van saliendo a la luz y que de alguna manera hemos ido aprendiendo en el d\u00eda a d\u00eda bajo el dolor y la angustia de c\u00f3mo se maneja esto.<\/p>\n<p>Cabe se\u00f1alar que realizada la reuni\u00f3n con el ministro de Defensa Alberto Espina, se comprometieron recursos para inyectar y seguir con las labores de b\u00fasqueda.<\/p>\n<p>&nbsp;<\/p>\n<figure id=\"attachment_96869\" aria-describedby=\"caption-attachment-96869\" style=\"width: 580px\" class=\"wp-caption alignnone\"><img data-recalc-dims=\"1\" loading=\"lazy\" decoding=\"async\" class=\"size-full wp-image-96869\" src=\"https:\/\/i0.wp.com\/www.eltrabajo.cl\/portal\/wp-content\/uploads\/2020\/01\/Cabo-Luis-Montoya-Soto.jpg?resize=580%2C360\" alt=\"El cabo primero Luis Montoya Soto, oriundo de calle Herrera, quien falleci\u00f3 en la tragedia a\u00e9rea del H\u00e9rcules C-113 en el mar de Drake, junto a su esposa Caroline Carvacho, quien hoy vive la incertidumbre de no saber qu\u00e9 fue lo que realmente pas\u00f3 ese tr\u00e1gico 9 de diciembre.\" width=\"580\" height=\"360\" srcset=\"https:\/\/i0.wp.com\/eltrabajo.cl\/portal\/wp-content\/uploads\/2020\/01\/Cabo-Luis-Montoya-Soto.jpg?w=580&amp;ssl=1 580w, https:\/\/i0.wp.com\/eltrabajo.cl\/portal\/wp-content\/uploads\/2020\/01\/Cabo-Luis-Montoya-Soto.jpg?resize=300%2C186&amp;ssl=1 300w, https:\/\/i0.wp.com\/eltrabajo.cl\/portal\/wp-content\/uploads\/2020\/01\/Cabo-Luis-Montoya-Soto.jpg?resize=200%2C124&amp;ssl=1 200w, https:\/\/i0.wp.com\/eltrabajo.cl\/portal\/wp-content\/uploads\/2020\/01\/Cabo-Luis-Montoya-Soto.jpg?resize=242%2C150&amp;ssl=1 242w, https:\/\/i0.wp.com\/eltrabajo.cl\/portal\/wp-content\/uploads\/2020\/01\/Cabo-Luis-Montoya-Soto.jpg?resize=400%2C248&amp;ssl=1 400w\" sizes=\"auto, (max-width: 580px) 100vw, 580px\" \/><figcaption id=\"caption-attachment-96869\" class=\"wp-caption-text\">El cabo primero Luis Montoya Soto, oriundo de calle Herrera, quien falleci\u00f3 en la tragedia a\u00e9rea del H\u00e9rcules C-113 en el mar de Drake, junto a su esposa Caroline Carvacho, quien hoy vive la incertidumbre de no saber qu\u00e9 fue lo que realmente pas\u00f3 ese tr\u00e1gico 9 de diciembre.<\/figcaption><\/figure>\n","protected":false},"excerpt":{"rendered":"<p>Caroline Carvacho perdi\u00f3 a su marido en la tragedia a\u00e9rea del avi\u00f3n H\u00e9rcules que cay\u00f3 al mar cuando se dirig\u00eda al territorio ant\u00e1rtico, se reunir\u00eda ayer con el ministro de Defensa. Han&#8230;<\/p>\n","protected":false},"author":482,"featured_media":96869,"comment_status":"open","ping_status":"open","sticky":false,"template":"","format":"standard","meta":{"advanced_seo_description":"","jetpack_seo_html_title":"","jetpack_seo_noindex":false,"_jetpack_memberships_contains_paid_content":false,"footnotes":""},"categories":[15],"tags":[],"class_list":["post-96868","post","type-post","status-publish","format-standard","has-post-thumbnail","hentry","category-comunidad"],"jetpack_featured_media_url":"https:\/\/i0.wp.com\/eltrabajo.cl\/portal\/wp-content\/uploads\/2020\/01\/Cabo-Luis-Montoya-Soto.jpg?fit=580%2C360&ssl=1","jetpack_sharing_enabled":true,"jetpack_likes_enabled":true,"jetpack-related-posts":[],"_links":{"self":[{"href":"https:\/\/eltrabajo.cl\/portal\/wp-json\/wp\/v2\/posts\/96868","targetHints":{"allow":["GET"]}}],"collection":[{"href":"https:\/\/eltrabajo.cl\/portal\/wp-json\/wp\/v2\/posts"}],"about":[{"href":"https:\/\/eltrabajo.cl\/portal\/wp-json\/wp\/v2\/types\/post"}],"author":[{"embeddable":true,"href":"https:\/\/eltrabajo.cl\/portal\/wp-json\/wp\/v2\/users\/482"}],"replies":[{"embeddable":true,"href":"https:\/\/eltrabajo.cl\/portal\/wp-json\/wp\/v2\/comments?post=96868"}],"version-history":[{"count":0,"href":"https:\/\/eltrabajo.cl\/portal\/wp-json\/wp\/v2\/posts\/96868\/revisions"}],"wp:featuredmedia":[{"embeddable":true,"href":"https:\/\/eltrabajo.cl\/portal\/wp-json\/wp\/v2\/media\/96869"}],"wp:attachment":[{"href":"https:\/\/eltrabajo.cl\/portal\/wp-json\/wp\/v2\/media?parent=96868"}],"wp:term":[{"taxonomy":"category","embeddable":true,"href":"https:\/\/eltrabajo.cl\/portal\/wp-json\/wp\/v2\/categories?post=96868"},{"taxonomy":"post_tag","embeddable":true,"href":"https:\/\/eltrabajo.cl\/portal\/wp-json\/wp\/v2\/tags?post=96868"}],"curies":[{"name":"wp","href":"https:\/\/api.w.org\/{rel}","templated":true}]}}