{"id":96881,"date":"2020-01-30T05:03:56","date_gmt":"2020-01-30T08:03:56","guid":{"rendered":"http:\/\/www.eltrabajo.cl\/portal\/?p=96881"},"modified":"2020-01-30T00:34:30","modified_gmt":"2020-01-30T03:34:30","slug":"continuan-diligencias-para-identificar-a-madre-de-bebe-asesinado-y-arrojado-a-basural","status":"publish","type":"post","link":"https:\/\/eltrabajo.cl\/portal\/continuan-diligencias-para-identificar-a-madre-de-bebe-asesinado-y-arrojado-a-basural\/","title":{"rendered":"Contin\u00faan diligencias para identificar a madre de beb\u00e9 asesinado y arrojado a basural"},"content":{"rendered":"<p><span style=\"color: #ff0000;\"><strong>PDI a la espera del resultados de pericias:<\/strong><\/span><\/p>\n<ul>\n<li><strong>Polic\u00eda civil busca a responsables de este macabro hecho que ha conmocionado a la opini\u00f3n p\u00fablica tras conocerse este espeluznante caso de infanticidio ocurrido el 14 de enero de este a\u00f1o en calle Duc\u00f3.<\/strong><\/li>\n<\/ul>\n<p>Sin lugar a dudas el hallazgo de un beb\u00e9 reci\u00e9n nacido hallado muerto en medio de un basural en calle Duc\u00f3 en San Felipe, se ha convertido en un impactante caso en estas primeras semanas de este a\u00f1o 2020, tras conocerse la brutalidad como el lactante fue asesinado y arrojado en este sitio eriazo el pasado 14 de enero.<\/p>\n<p>El hecho sigue conmocionando a la comunidad, m\u00e1s a\u00fan al desconocerse la identidad de la madre y\/o los responsables de este crimen, mientras que la polic\u00eda civil a\u00fan contin\u00faa efectuando labores investigativas tras los pasos de los protagonistas de este macabro asesinato.<\/p>\n<p>En este sentido, el jefe de la Brigada de Homicidios de la Polic\u00eda de Investigaciones de Los Andes, comisario <strong>Marcelo Lazen Moya<\/strong>, precis\u00f3 a <strong>Diario El Trabajo<\/strong> que esta secci\u00f3n especializada de la polic\u00eda civil se encuentra a la espera del resultado de algunas pericias que logren determinar en primera instancia, la identidad de la madre del beb\u00e9 fallecido.<\/p>\n<p>\u201c<em>Estamos a la espera de las respuesta a las pericias que se est\u00e1n realizando al menor y al tener respuesta de aquello se tienen que realizar otras diligencias para establecer la identidad de la madre del ni\u00f1o, en este caso del reci\u00e9n nacido.\u00a0 Pero no nos ha llegado la respuesta porque no es tan r\u00e1pido, esta es una diligencia administrativa m\u00e1s que investigativa en el primer inicio. Se est\u00e1n realizando todos los ex\u00e1menes (ADN) que permitan revelar la identidad de la madre\u201d.<\/em><\/p>\n<p>Asimismo los efectivos policiales requirieron informaci\u00f3n a distintos centros hospitalarios de la zona con informaci\u00f3n de embarazos que podr\u00edan haber llegado a t\u00e9rmino a principios de la primera quincena de este mes: <em>\u201cSe solicit\u00f3 la informaci\u00f3n a los distintos estamentos p\u00fablicos para que informen y hacer un cruce de informaci\u00f3n respecto a eso\u201d,<\/em> afirm\u00f3 el comisario Lazen.<\/p>\n<p>Cabe hacer presente que el reci\u00e9n nacido, de acuerdo a la informaci\u00f3n proporcionada por el Fiscal Eduardo Fajardo De La Cuba, es un beb\u00e9 de sexo masculino que fue hallado en medio del basural con su cord\u00f3n umbilical y restos de placenta, estim\u00e1ndose una data de muerte de 20 horas.<\/p>\n<p>Seg\u00fan el resultado de la autopsia en el Servicio M\u00e9dico Legal, arroj\u00f3 como causa de muerte, el golpe con un objeto contundente en el peque\u00f1o cr\u00e1neo del lactante.<\/p>\n<p><strong>Pablo Salinas Sald\u00edas<\/strong><\/p>\n<p><strong>\u00a0<\/strong><\/p>\n<figure id=\"attachment_96882\" aria-describedby=\"caption-attachment-96882\" style=\"width: 580px\" class=\"wp-caption alignnone\"><img data-recalc-dims=\"1\" loading=\"lazy\" decoding=\"async\" class=\"size-full wp-image-96882\" src=\"https:\/\/i0.wp.com\/www.eltrabajo.cl\/portal\/wp-content\/uploads\/2020\/01\/BEBE2-2.jpg?resize=580%2C359\" alt=\"El cuerpo del reci\u00e9n nacido fue hallado en este basural ubicado en calle Duc\u00f3 de San Felipe el pasado 14 de enero de este a\u00f1o.\" width=\"580\" height=\"359\" srcset=\"https:\/\/i0.wp.com\/eltrabajo.cl\/portal\/wp-content\/uploads\/2020\/01\/BEBE2-2.jpg?w=580&amp;ssl=1 580w, https:\/\/i0.wp.com\/eltrabajo.cl\/portal\/wp-content\/uploads\/2020\/01\/BEBE2-2.jpg?resize=300%2C186&amp;ssl=1 300w, https:\/\/i0.wp.com\/eltrabajo.cl\/portal\/wp-content\/uploads\/2020\/01\/BEBE2-2.jpg?resize=200%2C124&amp;ssl=1 200w, https:\/\/i0.wp.com\/eltrabajo.cl\/portal\/wp-content\/uploads\/2020\/01\/BEBE2-2.jpg?resize=242%2C150&amp;ssl=1 242w, https:\/\/i0.wp.com\/eltrabajo.cl\/portal\/wp-content\/uploads\/2020\/01\/BEBE2-2.jpg?resize=400%2C248&amp;ssl=1 400w\" sizes=\"auto, (max-width: 580px) 100vw, 580px\" \/><figcaption id=\"caption-attachment-96882\" class=\"wp-caption-text\">El cuerpo del reci\u00e9n nacido fue hallado en este basural ubicado en calle Duc\u00f3 de San Felipe el pasado 14 de enero de este a\u00f1o.<\/figcaption><\/figure>\n","protected":false},"excerpt":{"rendered":"<p>PDI a la espera del resultados de pericias: Polic\u00eda civil busca a responsables de este macabro hecho que ha conmocionado a la opini\u00f3n p\u00fablica tras conocerse este espeluznante caso de infanticidio ocurrido&#8230;<\/p>\n","protected":false},"author":482,"featured_media":96882,"comment_status":"open","ping_status":"open","sticky":false,"template":"","format":"standard","meta":{"advanced_seo_description":"","jetpack_seo_html_title":"","jetpack_seo_noindex":false,"_jetpack_memberships_contains_paid_content":false,"footnotes":""},"categories":[21],"tags":[],"class_list":["post-96881","post","type-post","status-publish","format-standard","has-post-thumbnail","hentry","category-policial"],"jetpack_featured_media_url":"https:\/\/i0.wp.com\/eltrabajo.cl\/portal\/wp-content\/uploads\/2020\/01\/BEBE2-2.jpg?fit=580%2C359&ssl=1","jetpack_sharing_enabled":true,"jetpack_likes_enabled":true,"jetpack-related-posts":[],"_links":{"self":[{"href":"https:\/\/eltrabajo.cl\/portal\/wp-json\/wp\/v2\/posts\/96881","targetHints":{"allow":["GET"]}}],"collection":[{"href":"https:\/\/eltrabajo.cl\/portal\/wp-json\/wp\/v2\/posts"}],"about":[{"href":"https:\/\/eltrabajo.cl\/portal\/wp-json\/wp\/v2\/types\/post"}],"author":[{"embeddable":true,"href":"https:\/\/eltrabajo.cl\/portal\/wp-json\/wp\/v2\/users\/482"}],"replies":[{"embeddable":true,"href":"https:\/\/eltrabajo.cl\/portal\/wp-json\/wp\/v2\/comments?post=96881"}],"version-history":[{"count":0,"href":"https:\/\/eltrabajo.cl\/portal\/wp-json\/wp\/v2\/posts\/96881\/revisions"}],"wp:featuredmedia":[{"embeddable":true,"href":"https:\/\/eltrabajo.cl\/portal\/wp-json\/wp\/v2\/media\/96882"}],"wp:attachment":[{"href":"https:\/\/eltrabajo.cl\/portal\/wp-json\/wp\/v2\/media?parent=96881"}],"wp:term":[{"taxonomy":"category","embeddable":true,"href":"https:\/\/eltrabajo.cl\/portal\/wp-json\/wp\/v2\/categories?post=96881"},{"taxonomy":"post_tag","embeddable":true,"href":"https:\/\/eltrabajo.cl\/portal\/wp-json\/wp\/v2\/tags?post=96881"}],"curies":[{"name":"wp","href":"https:\/\/api.w.org\/{rel}","templated":true}]}}