{"id":96884,"date":"2020-01-30T05:04:44","date_gmt":"2020-01-30T08:04:44","guid":{"rendered":"http:\/\/www.eltrabajo.cl\/portal\/?p=96884"},"modified":"2020-01-30T00:36:46","modified_gmt":"2020-01-30T03:36:46","slug":"junta-acreedores-acuerda-arrendar-planta-3-y-vender-produccion-de-rengo","status":"publish","type":"post","link":"https:\/\/eltrabajo.cl\/portal\/junta-acreedores-acuerda-arrendar-planta-3-y-vender-produccion-de-rengo\/","title":{"rendered":"Junta Acreedores acuerda arrendar Planta 3 y vender producci\u00f3n de Rengo"},"content":{"rendered":"<p><span style=\"color: #ff0000;\"><strong>Quiebra de Conservera Pentzke:<\/strong><\/span><\/p>\n<p>Ayer se realiz\u00f3 una nueva audiencia de la junta de acreedores de la Conservera Pentzke, donde se tomaron algunos acuerdos, como arrendar la Planta 3 ubicada en calle Duc\u00f3, continuaci\u00f3n y t\u00e9rminos de algunos leasings y tambi\u00e9n la venta de la producci\u00f3n de un campo que existe en la comuna de Rengo en la Sexta regi\u00f3n.<\/p>\n<p>El abogado <strong>Eduardo Herrera<\/strong>, representante de 65 trabajadores, se\u00f1al\u00f3 a nuestro medio que se form\u00f3 la junta de acreedores donde la mayor participaci\u00f3n la tienen los bancos y servicios financieros, el 83% de ellos llegaron a la junta; <em>\u201cse votaron algunas medidas, algunas propuestas, por el liquidador, por ejemplo el arriendo de la Planta 3, la continuaci\u00f3n o t\u00e9rminos de unos leasing, la venta de una producci\u00f3n de un campo que existe en Rengo y eso fue aprobado por la junta\u201d,<\/em> se\u00f1al\u00f3 el abogado Eduardo Herrera.<\/p>\n<p>&#8211; <strong>\u00bfQu\u00e9 pasa con los dineros, se tiene que producir algo de plata para poder pagar?<\/strong><\/p>\n<p>&#8211; Efectivamente, con la venta de estos productos se va a generar dinero para que el s\u00edndico comience a hacer los pagos correspondientes.<\/p>\n<p>&#8211; <strong>\u00bfCu\u00e1l es la cuenta que da \u00e9l, la gesti\u00f3n realizada?<\/strong><\/p>\n<p>&#8211; La pr\u00e1ctica del inventario de las diferentes plantas de la conservera y las negociaciones para las ventas de los bienes.<\/p>\n<p>&#8211; <strong>En ese contexto, \u00bfhay alguna persona interesada en comprar o invertir en la empresa, alguna inmobiliaria, algo que se deb\u00eda informar tambi\u00e9n en esta parte?<\/strong><\/p>\n<p>&#8211; Respecto a inmuebles no se habl\u00f3 sobre venta de inmuebles, salvo lo que dije, el arriendo de la Planta 3 a uno o varios acreedores que son los que tienen la garant\u00eda sobre los tarros de producci\u00f3n y tambi\u00e9n estaba la oferta de compra de la producci\u00f3n que est\u00e1 existente.<\/p>\n<p>&#8211; <strong>\u00bfQui\u00e9nes son esos acreedores que van a arrendar en el fondo para poder trabajar ah\u00ed o no?<\/strong><\/p>\n<p>&#8211; Efectivamente, para terminar con la producci\u00f3n de los tarros que ellos son propietarios y tienen las garant\u00edas, Agrocomex creo que es el nombre de esa sociedad.<\/p>\n<p>&#8211; <strong>\u00bfUsted se va conforme con todo esto?<\/strong><\/p>\n<p>&#8211; No tanto, porque en realidad aqu\u00ed el mayor porcentaje como dije al principio, son de los bancos, t\u00fa conoces los abogados de la zona, no ves abogados de la zona en esta presentaci\u00f3n, me encontr\u00e9 con cuatro abogados de ac\u00e1 de San Felipe-Los Andes, y el resto son abogados de Santiago y las decisiones ya vienen medias acordadas desde Santiago.<\/p>\n<p>&#8211; <strong>\u00bfQu\u00e9 pasos vienen ahora, hay una pr\u00f3xima junta?<\/strong><\/p>\n<p>&#8211; S\u00ed, hay una pr\u00f3xima junta en el mes de marzo, se van a tocar otros temas, esta es una oferta de compra de la producci\u00f3n que est\u00e1 vigente sujeta a que se facilite o no la marca Dos Caballos para venta de esos productos, porque la marca Dos Caballos no es de la conservera Pentzke, sino que de un tercero que se est\u00e1 viendo la posibilidad que se mantenga para los efectos que se genere el precio que ellos est\u00e1n ofreciendo.<\/p>\n<p>El abogado Eduardo Herrera reiter\u00f3 que si hay dinero, los que tienen preferencia para recibir pagos son los trabajadores; <em>\u201chasta cierto l\u00edmite, leyes sociales, cotizaciones previsionales, impuestos\u201d,<\/em> dijo.<\/p>\n<p>&#8211; <strong>Conversamos con V\u00edctor Cat\u00e1n, a quien se le deben 600 millones de pesos, y dec\u00eda que la empresa no s\u00e9 si ha dado la cara o no, o no ha tenido \u00e9tica de poner todos los bienes a disposici\u00f3n para poder cancelar todo esto. \u00bfOpina lo mismo usted?<\/strong><\/p>\n<p><strong>&#8211; <\/strong>Yo no puedo hablar por mis clientes porque ese tema no lo he tratado con ellos, yo solamente me preocupo de lo que est\u00e1 en la situaci\u00f3n de la quiebra, en este caso espec\u00edficamente lo que tiene Conservera Pentzke S.A. como empresa fallida.<\/p>\n<p>&#8211; <strong>\u00bfQu\u00e9 le parece el actuar de la empresa?<\/strong><\/p>\n<p>&#8211; Lamentablemente el monto de la deuda que se produjo, que es tan alto e incluso abarca m\u00e1s de un periodo de producci\u00f3n completa, revela que algo pas\u00f3 en la empresa, me parece que se hicieron todos los esfuerzos para mantenerla a flote, por lo menos los trabajadores se encontraban al d\u00eda a diferencia de otras empresas, en que los trabajadores llevaban varios meses sin pago. El resto es decisi\u00f3n de cada cual y el pensamiento de toda la gente que form\u00f3 parte de la conservera.<\/p>\n<p>El abogado Eduardo Herrera representa a 65 trabajadores.<\/p>\n<p>&nbsp;<\/p>\n<p><span style=\"color: #ff0000;\"><strong>HABLA EL S\u00cdNDICO DE QUIEBRAS<\/strong><\/span><\/p>\n<p>Por su parte el s\u00edndico <strong>Nelson Machuca<\/strong> dijo que es largo el tema, pero todo est\u00e1 en junta de acreedores.<\/p>\n<p>&#8211; <strong>\u00bfSe puede solucionar este problema, S\u00edndico?<\/strong><\/p>\n<p>&#8211; \u00bfQu\u00e9 problema, estimado?<\/p>\n<p>&#8211; <strong>El tema de poder pagar, vender la empresa, que vengan inversionistas.<\/strong><\/p>\n<p>&#8211; Hay que vender la empresa, hay que tratar de venderla como unidad econ\u00f3mica y pagarle a todos los acreedores, a los trabajadores, a los bancos y a todos los que haya que pagarle.<\/p>\n<p>&#8211; <strong>\u00bfHay alguien por ah\u00ed que quiera invertir en la empresa?<\/strong><\/p>\n<p>&#8211; Nooo, eso es informaci\u00f3n confidencial para no dar falsas expectativas y en eso estamos.<\/p>\n<p>&#8211; <strong>\u00bfQu\u00e9 se le puede decir a los trabajadores, a la comunidad, porque esta es una empresa emblem\u00e1tica?<\/strong><\/p>\n<p>&#8211; Que tengan confianza que se est\u00e1 haciendo lo mejor para poder vender la empresa y poder pagarle a todos los trabajadores.<\/p>\n<p>&#8211; <strong>\u00bfQu\u00e9 opini\u00f3n le merece que se diga por parte de algunos que esta quiebra podr\u00eda haber sido planificada?<\/strong><\/p>\n<p>&#8211; No, no me voy a referir a eso, estimado.<\/p>\n<p>Cabe destacar que la pr\u00f3xima junta ser\u00e1 en el mes de marzo.<\/p>\n<p>&nbsp;<\/p>\n<figure id=\"attachment_96885\" aria-describedby=\"caption-attachment-96885\" style=\"width: 580px\" class=\"wp-caption alignnone\"><img data-recalc-dims=\"1\" loading=\"lazy\" decoding=\"async\" class=\"size-full wp-image-96885\" src=\"https:\/\/i0.wp.com\/www.eltrabajo.cl\/portal\/wp-content\/uploads\/2020\/01\/Eduardo-Herrera.jpg?resize=580%2C359\" alt=\"Eduardo Herrera, uno de los abogados de los trabajadores, convers\u00f3 con nuestro medio a la salida de tribunales.\" width=\"580\" height=\"359\" srcset=\"https:\/\/i0.wp.com\/eltrabajo.cl\/portal\/wp-content\/uploads\/2020\/01\/Eduardo-Herrera.jpg?w=580&amp;ssl=1 580w, https:\/\/i0.wp.com\/eltrabajo.cl\/portal\/wp-content\/uploads\/2020\/01\/Eduardo-Herrera.jpg?resize=300%2C186&amp;ssl=1 300w, https:\/\/i0.wp.com\/eltrabajo.cl\/portal\/wp-content\/uploads\/2020\/01\/Eduardo-Herrera.jpg?resize=200%2C124&amp;ssl=1 200w, https:\/\/i0.wp.com\/eltrabajo.cl\/portal\/wp-content\/uploads\/2020\/01\/Eduardo-Herrera.jpg?resize=242%2C150&amp;ssl=1 242w, https:\/\/i0.wp.com\/eltrabajo.cl\/portal\/wp-content\/uploads\/2020\/01\/Eduardo-Herrera.jpg?resize=400%2C248&amp;ssl=1 400w\" sizes=\"auto, (max-width: 580px) 100vw, 580px\" \/><figcaption id=\"caption-attachment-96885\" class=\"wp-caption-text\">Eduardo Herrera, uno de los abogados de los trabajadores, convers\u00f3 con nuestro medio a la salida de tribunales.<\/figcaption><\/figure>\n","protected":false},"excerpt":{"rendered":"<p>Quiebra de Conservera Pentzke: Ayer se realiz\u00f3 una nueva audiencia de la junta de acreedores de la Conservera Pentzke, donde se tomaron algunos acuerdos, como arrendar la Planta 3 ubicada en calle&#8230;<\/p>\n","protected":false},"author":482,"featured_media":96885,"comment_status":"open","ping_status":"open","sticky":false,"template":"","format":"standard","meta":{"advanced_seo_description":"","jetpack_seo_html_title":"","jetpack_seo_noindex":false,"_jetpack_memberships_contains_paid_content":false,"footnotes":""},"categories":[97],"tags":[],"class_list":["post-96884","post","type-post","status-publish","format-standard","has-post-thumbnail","hentry","category-tribunales"],"jetpack_featured_media_url":"https:\/\/i0.wp.com\/eltrabajo.cl\/portal\/wp-content\/uploads\/2020\/01\/Eduardo-Herrera.jpg?fit=580%2C359&ssl=1","jetpack_sharing_enabled":true,"jetpack_likes_enabled":true,"jetpack-related-posts":[],"_links":{"self":[{"href":"https:\/\/eltrabajo.cl\/portal\/wp-json\/wp\/v2\/posts\/96884","targetHints":{"allow":["GET"]}}],"collection":[{"href":"https:\/\/eltrabajo.cl\/portal\/wp-json\/wp\/v2\/posts"}],"about":[{"href":"https:\/\/eltrabajo.cl\/portal\/wp-json\/wp\/v2\/types\/post"}],"author":[{"embeddable":true,"href":"https:\/\/eltrabajo.cl\/portal\/wp-json\/wp\/v2\/users\/482"}],"replies":[{"embeddable":true,"href":"https:\/\/eltrabajo.cl\/portal\/wp-json\/wp\/v2\/comments?post=96884"}],"version-history":[{"count":0,"href":"https:\/\/eltrabajo.cl\/portal\/wp-json\/wp\/v2\/posts\/96884\/revisions"}],"wp:featuredmedia":[{"embeddable":true,"href":"https:\/\/eltrabajo.cl\/portal\/wp-json\/wp\/v2\/media\/96885"}],"wp:attachment":[{"href":"https:\/\/eltrabajo.cl\/portal\/wp-json\/wp\/v2\/media?parent=96884"}],"wp:term":[{"taxonomy":"category","embeddable":true,"href":"https:\/\/eltrabajo.cl\/portal\/wp-json\/wp\/v2\/categories?post=96884"},{"taxonomy":"post_tag","embeddable":true,"href":"https:\/\/eltrabajo.cl\/portal\/wp-json\/wp\/v2\/tags?post=96884"}],"curies":[{"name":"wp","href":"https:\/\/api.w.org\/{rel}","templated":true}]}}