{"id":96887,"date":"2020-01-30T05:05:00","date_gmt":"2020-01-30T08:05:00","guid":{"rendered":"http:\/\/www.eltrabajo.cl\/portal\/?p=96887"},"modified":"2020-01-30T00:43:18","modified_gmt":"2020-01-30T03:43:18","slug":"hoy-al-mediodia-sepultaran-al-querido-profe-porta-calderon-en-rinconada","status":"publish","type":"post","link":"https:\/\/eltrabajo.cl\/portal\/hoy-al-mediodia-sepultaran-al-querido-profe-porta-calderon-en-rinconada\/","title":{"rendered":"Hoy al mediod\u00eda sepultar\u00e1n al querido \u2018Profe\u2019 Porta Calder\u00f3n en Rinconada"},"content":{"rendered":"<p><span style=\"color: #ff0000;\"><strong>Falleci\u00f3 a sus 74 a\u00f1os de edad por falla pulmonar:<\/strong><\/span><\/p>\n<p><strong>RINCONADA<\/strong>.- Fue la noche de este martes cuando v\u00edctima de una falla respiratoria, dej\u00f3 de existir el querido profesor aconcag\u00fcino <strong><em>Joaqu\u00edn Enrique Porta Calder\u00f3n<\/em><\/strong> (<em>El Se\u00f1or Porta<\/em>) a la edad de 74 a\u00f1os. Este carism\u00e1tico profesor tuvo doce hermanos m\u00e1s y \u00e9l era uno de los menores, no tuvo hijos pero siempre fue muy querido por sus sobrinos y dem\u00e1s familiares.<\/p>\n<p><strong>Diario El Trabajo<\/strong> habl\u00f3 ayer con una de sus sobrinas, <strong>Bessie Vargas Porta<\/strong>, quien nos comparti\u00f3 an\u00e9cdotas de su t\u00edo Joaqu\u00edn, \u00ab<em>t\u00edo fue profesor de Historia y Geograf\u00eda titulado en la Universidad de Chile. \u00c9l inici\u00f3 su carrera en el Liceo de Pitrufqu\u00e9n (Araucan\u00eda), al tiempo se traslad\u00f3 a San Antonio, hasta que lleg\u00f3 a San Felipe en 1974, imparti\u00f3 clases en el IAC, luego en el Liceo Corina Urbina hasta que jubil\u00f3 en 2011. En el Liceo de Ni\u00f1as t\u00edo lleg\u00f3 a ser subdirector, fue muy querido, respetuoso, responsable y un trotamundos, viajaba a muchos pa\u00edses, lo vemos en los \u00e1lbumes de fotos que ten\u00eda paseando en Italia, Pompeya, Roba, Vaticano y dem\u00e1s pa\u00edses europeos. \u00c9l era adicto a la lectura, todos los libros de su biblioteca personal los ley\u00f3. Quiero agradecer\u00e1 nombre de su familia el cari\u00f1o y apoyo para con nosotros los sobrinos por parte de sus colegas profesores y de exalumnos que tambi\u00e9n llegaron a ser sus colegas, a toda la gran familia liceana las gracias<\/em>\u00bb, dijo Vargas.<\/p>\n<p>El velatorio del \u2018Profe\u2019, como le llamaban cari\u00f1osamente, se realizan en su casa de habitaci\u00f3n en Rinconada de Los Andes, las exequias se realizar\u00e1n hoy jueves en la Iglesia San Jos\u00e9 Obrero hoy jueves al mediod\u00eda, y sus restos mortales descansar\u00e1n en el Cementerio Parroquial de Rinconada.<\/p>\n<p><strong>Roberto Gonz\u00e1lez Short<\/strong><\/p>\n<p>&nbsp;<\/p>\n<figure id=\"attachment_96888\" aria-describedby=\"caption-attachment-96888\" style=\"width: 580px\" class=\"wp-caption alignnone\"><img data-recalc-dims=\"1\" loading=\"lazy\" decoding=\"async\" class=\"size-full wp-image-96888\" src=\"https:\/\/i0.wp.com\/www.eltrabajo.cl\/portal\/wp-content\/uploads\/2020\/01\/Profe1.jpg?resize=580%2C360\" alt=\"MUY QUERIDO.- Al centro vemos al profesor Joaqu\u00edn Porta, acompa\u00f1ado de sus colegas profesoras en el a\u00f1o 2000.\" width=\"580\" height=\"360\" srcset=\"https:\/\/i0.wp.com\/eltrabajo.cl\/portal\/wp-content\/uploads\/2020\/01\/Profe1.jpg?w=580&amp;ssl=1 580w, https:\/\/i0.wp.com\/eltrabajo.cl\/portal\/wp-content\/uploads\/2020\/01\/Profe1.jpg?resize=300%2C186&amp;ssl=1 300w, https:\/\/i0.wp.com\/eltrabajo.cl\/portal\/wp-content\/uploads\/2020\/01\/Profe1.jpg?resize=200%2C124&amp;ssl=1 200w, https:\/\/i0.wp.com\/eltrabajo.cl\/portal\/wp-content\/uploads\/2020\/01\/Profe1.jpg?resize=242%2C150&amp;ssl=1 242w, https:\/\/i0.wp.com\/eltrabajo.cl\/portal\/wp-content\/uploads\/2020\/01\/Profe1.jpg?resize=400%2C248&amp;ssl=1 400w\" sizes=\"auto, (max-width: 580px) 100vw, 580px\" \/><figcaption id=\"caption-attachment-96888\" class=\"wp-caption-text\">MUY QUERIDO.- Al centro vemos al profesor Joaqu\u00edn Porta, acompa\u00f1ado de sus colegas profesoras en el a\u00f1o 2000.<\/figcaption><\/figure>\n<p>&nbsp;<\/p>\n<figure id=\"attachment_96889\" aria-describedby=\"caption-attachment-96889\" style=\"width: 580px\" class=\"wp-caption alignnone\"><img data-recalc-dims=\"1\" loading=\"lazy\" decoding=\"async\" class=\"size-full wp-image-96889\" src=\"https:\/\/i0.wp.com\/www.eltrabajo.cl\/portal\/wp-content\/uploads\/2020\/01\/Profe2.jpg?resize=580%2C360\" alt=\"SUS SOBRINOS.- Ellos son tres de los sobrinos del Profe: Marsela Rozas Porta, Carlos Porta y Bessie Vargas Porta.\" width=\"580\" height=\"360\" srcset=\"https:\/\/i0.wp.com\/eltrabajo.cl\/portal\/wp-content\/uploads\/2020\/01\/Profe2.jpg?w=580&amp;ssl=1 580w, https:\/\/i0.wp.com\/eltrabajo.cl\/portal\/wp-content\/uploads\/2020\/01\/Profe2.jpg?resize=300%2C186&amp;ssl=1 300w, https:\/\/i0.wp.com\/eltrabajo.cl\/portal\/wp-content\/uploads\/2020\/01\/Profe2.jpg?resize=200%2C124&amp;ssl=1 200w, https:\/\/i0.wp.com\/eltrabajo.cl\/portal\/wp-content\/uploads\/2020\/01\/Profe2.jpg?resize=242%2C150&amp;ssl=1 242w, https:\/\/i0.wp.com\/eltrabajo.cl\/portal\/wp-content\/uploads\/2020\/01\/Profe2.jpg?resize=400%2C248&amp;ssl=1 400w\" sizes=\"auto, (max-width: 580px) 100vw, 580px\" \/><figcaption id=\"caption-attachment-96889\" class=\"wp-caption-text\">SUS SOBRINOS.- Ellos son tres de los sobrinos del Profe: Marsela Rozas Porta, Carlos Porta y Bessie Vargas Porta.<\/figcaption><\/figure>\n<p>&nbsp;<\/p>\n<figure id=\"attachment_96890\" aria-describedby=\"caption-attachment-96890\" style=\"width: 579px\" class=\"wp-caption alignnone\"><img data-recalc-dims=\"1\" loading=\"lazy\" decoding=\"async\" class=\"size-full wp-image-96890\" src=\"https:\/\/i0.wp.com\/www.eltrabajo.cl\/portal\/wp-content\/uploads\/2020\/01\/Profe_Bessie-Vargas-Porta.jpg?resize=579%2C600\" alt=\"Una de sus sobrinas, Bessie Vargas Porta.\" width=\"579\" height=\"600\" srcset=\"https:\/\/i0.wp.com\/eltrabajo.cl\/portal\/wp-content\/uploads\/2020\/01\/Profe_Bessie-Vargas-Porta.jpg?w=579&amp;ssl=1 579w, https:\/\/i0.wp.com\/eltrabajo.cl\/portal\/wp-content\/uploads\/2020\/01\/Profe_Bessie-Vargas-Porta.jpg?resize=290%2C300&amp;ssl=1 290w, https:\/\/i0.wp.com\/eltrabajo.cl\/portal\/wp-content\/uploads\/2020\/01\/Profe_Bessie-Vargas-Porta.jpg?resize=145%2C150&amp;ssl=1 145w, https:\/\/i0.wp.com\/eltrabajo.cl\/portal\/wp-content\/uploads\/2020\/01\/Profe_Bessie-Vargas-Porta.jpg?resize=400%2C415&amp;ssl=1 400w\" sizes=\"auto, (max-width: 579px) 100vw, 579px\" \/><figcaption id=\"caption-attachment-96890\" class=\"wp-caption-text\">Una de sus sobrinas, Bessie Vargas Porta.<\/figcaption><\/figure>\n<p>&nbsp;<\/p>\n<figure id=\"attachment_96891\" aria-describedby=\"caption-attachment-96891\" style=\"width: 580px\" class=\"wp-caption alignnone\"><img data-recalc-dims=\"1\" loading=\"lazy\" decoding=\"async\" class=\"size-full wp-image-96891\" src=\"https:\/\/i0.wp.com\/www.eltrabajo.cl\/portal\/wp-content\/uploads\/2020\/01\/Profe_Joaquin-Porta-Calderon.jpg?resize=580%2C746\" alt=\"ADI\u00d3S PROFE.- Profesor aconcag\u00fcino Joaqu\u00edn Enrique Porta Calder\u00f3n (El Se\u00f1or Porta), falleci\u00f3 a la edad de 74 a\u00f1os.\" width=\"580\" height=\"746\" srcset=\"https:\/\/i0.wp.com\/eltrabajo.cl\/portal\/wp-content\/uploads\/2020\/01\/Profe_Joaquin-Porta-Calderon.jpg?w=580&amp;ssl=1 580w, https:\/\/i0.wp.com\/eltrabajo.cl\/portal\/wp-content\/uploads\/2020\/01\/Profe_Joaquin-Porta-Calderon.jpg?resize=233%2C300&amp;ssl=1 233w, https:\/\/i0.wp.com\/eltrabajo.cl\/portal\/wp-content\/uploads\/2020\/01\/Profe_Joaquin-Porta-Calderon.jpg?resize=117%2C150&amp;ssl=1 117w, https:\/\/i0.wp.com\/eltrabajo.cl\/portal\/wp-content\/uploads\/2020\/01\/Profe_Joaquin-Porta-Calderon.jpg?resize=400%2C514&amp;ssl=1 400w\" sizes=\"auto, (max-width: 580px) 100vw, 580px\" \/><figcaption id=\"caption-attachment-96891\" class=\"wp-caption-text\">ADI\u00d3S PROFE.- Profesor aconcag\u00fcino Joaqu\u00edn Enrique Porta Calder\u00f3n (El Se\u00f1or Porta), falleci\u00f3 a la edad de 74 a\u00f1os.<\/figcaption><\/figure>\n","protected":false},"excerpt":{"rendered":"<p>Falleci\u00f3 a sus 74 a\u00f1os de edad por falla pulmonar: RINCONADA.- Fue la noche de este martes cuando v\u00edctima de una falla respiratoria, dej\u00f3 de existir el querido profesor aconcag\u00fcino Joaqu\u00edn Enrique&#8230;<\/p>\n","protected":false},"author":482,"featured_media":96892,"comment_status":"open","ping_status":"open","sticky":false,"template":"","format":"standard","meta":{"advanced_seo_description":"","jetpack_seo_html_title":"","jetpack_seo_noindex":false,"_jetpack_memberships_contains_paid_content":false,"footnotes":""},"categories":[15],"tags":[],"class_list":["post-96887","post","type-post","status-publish","format-standard","has-post-thumbnail","hentry","category-comunidad"],"jetpack_featured_media_url":"https:\/\/i0.wp.com\/eltrabajo.cl\/portal\/wp-content\/uploads\/2020\/01\/Profe_Joaquin-Porta-Calderon-copia.jpg?fit=580%2C360&ssl=1","jetpack_sharing_enabled":true,"jetpack_likes_enabled":true,"jetpack-related-posts":[],"_links":{"self":[{"href":"https:\/\/eltrabajo.cl\/portal\/wp-json\/wp\/v2\/posts\/96887","targetHints":{"allow":["GET"]}}],"collection":[{"href":"https:\/\/eltrabajo.cl\/portal\/wp-json\/wp\/v2\/posts"}],"about":[{"href":"https:\/\/eltrabajo.cl\/portal\/wp-json\/wp\/v2\/types\/post"}],"author":[{"embeddable":true,"href":"https:\/\/eltrabajo.cl\/portal\/wp-json\/wp\/v2\/users\/482"}],"replies":[{"embeddable":true,"href":"https:\/\/eltrabajo.cl\/portal\/wp-json\/wp\/v2\/comments?post=96887"}],"version-history":[{"count":0,"href":"https:\/\/eltrabajo.cl\/portal\/wp-json\/wp\/v2\/posts\/96887\/revisions"}],"wp:featuredmedia":[{"embeddable":true,"href":"https:\/\/eltrabajo.cl\/portal\/wp-json\/wp\/v2\/media\/96892"}],"wp:attachment":[{"href":"https:\/\/eltrabajo.cl\/portal\/wp-json\/wp\/v2\/media?parent=96887"}],"wp:term":[{"taxonomy":"category","embeddable":true,"href":"https:\/\/eltrabajo.cl\/portal\/wp-json\/wp\/v2\/categories?post=96887"},{"taxonomy":"post_tag","embeddable":true,"href":"https:\/\/eltrabajo.cl\/portal\/wp-json\/wp\/v2\/tags?post=96887"}],"curies":[{"name":"wp","href":"https:\/\/api.w.org\/{rel}","templated":true}]}}