{"id":96894,"date":"2020-01-30T05:06:40","date_gmt":"2020-01-30T08:06:40","guid":{"rendered":"http:\/\/www.eltrabajo.cl\/portal\/?p=96894"},"modified":"2020-01-30T00:45:40","modified_gmt":"2020-01-30T03:45:40","slug":"joven-resulto-herido-tras-ataque-a-pedradas-a-su-domicilio-por-seis-sujetos","status":"publish","type":"post","link":"https:\/\/eltrabajo.cl\/portal\/joven-resulto-herido-tras-ataque-a-pedradas-a-su-domicilio-por-seis-sujetos\/","title":{"rendered":"Joven result\u00f3 herido tras ataque a pedradas a su domicilio por seis sujetos\u00a0"},"content":{"rendered":"<p><span style=\"color: #ff0000;\"><strong>Por aparentes rencillas anteriores en Santa Mar\u00eda:<\/strong><\/span><\/p>\n<ul>\n<li><strong>BAJADA: Cinco hombres y una mujer se movilizaban en veh\u00edculo, quienes habr\u00edan arrojado piedras contra el inmueble de las v\u00edctimas en la comuna de Santa Mar\u00eda.\u00a0 Momentos m\u00e1s tarde, Carabineros logr\u00f3 interceptar el m\u00f3vil procediendo a la detenci\u00f3n de los imputados en San Felipe.<\/strong><\/li>\n<\/ul>\n<p>Con una herida en la cabeza result\u00f3 un joven de 25 a\u00f1os de edad luego que un grupo de seis sujetos arrojaran una gran cantidad de piedras contra la propiedad ubicada en la poblaci\u00f3n Los Robles de Santa Mar\u00eda, aparentemente en venganza por rencillas anteriores.<\/p>\n<p>Seg\u00fan inform\u00f3 Carabineros, el hecho se habr\u00eda registrado en horas de la tarde de este martes, luego que la pareja de la v\u00edctima requiriera la presencia de los uniformados en su domicilio debido al ataque que se produc\u00eda en esos momentos.<\/p>\n<p>Los afectados refieren a que un grupo de seis personas habr\u00edan descendido de un veh\u00edculo estacionado en la v\u00eda p\u00fablica y habr\u00edan comenzado a arrojar piedras contra la propiedad, origin\u00e1ndose da\u00f1os y destrucci\u00f3n de vidrios de los ventanales.<\/p>\n<p>La pareja de inmediato se asom\u00f3 para increpar a los sujetos a quienes conoc\u00edan por sus apodos, inici\u00e1ndose una discusi\u00f3n entre ambas partes con insultos y amenazas.<\/p>\n<p>Durante este enfrentamiento, el propietario del inmueble habr\u00eda recibido una pedrada en la cabeza por parte de uno de los individuos, quienes tras cometer la agresi\u00f3n f\u00edsica, abordaron r\u00e1pidamente el autom\u00f3vil para emprender la huida en direcci\u00f3n desconocida.<\/p>\n<p>Carabineros, al llegar al lugar, encarg\u00f3 a todas las unidades de la zona las caracter\u00edsticas del veh\u00edculo hasta ser descubierto circulando en la ciudad de San Felipe, siendo interceptado por Carabineros en calle 1 esquina Circunvalaci\u00f3n Santa Teresa de la Villa Cordillera de esta comuna.<\/p>\n<p>En este lugar los uniformados procedieron a la detenci\u00f3n de cinco hombres y una mujer, quienes se encontraban dentro del veh\u00edculo.\u00a0 Posteriormente las v\u00edctimas reconocieron a los detenidos como los autores del ataque, sin proporcionar mayores antecedentes sobre el origen de estos sucesos que se deber\u00edan a presuntas rencillas anteriores.<\/p>\n<p>En tanto el joven v\u00edctima de estos hechos, fue trasladado hasta un centro hospitalario, resultando con una herida en la cabeza de car\u00e1cter menos grave.<\/p>\n<p>Momentos m\u00e1s tarde, por instrucci\u00f3n del Fiscal de turno, los seis detenidos fueron dejados en libertad a la espera de ser citados a comparecer ante el Ministerio P\u00fablico por los delitos de lesiones y da\u00f1os a la vivienda de las v\u00edctimas.<\/p>\n<p><strong>Pablo Salinas Sald\u00edas<\/strong><\/p>\n<p><strong>\u00a0<\/strong><\/p>\n<figure id=\"attachment_96895\" aria-describedby=\"caption-attachment-96895\" style=\"width: 580px\" class=\"wp-caption alignnone\"><img data-recalc-dims=\"1\" loading=\"lazy\" decoding=\"async\" class=\"size-full wp-image-96895\" src=\"https:\/\/i0.wp.com\/www.eltrabajo.cl\/portal\/wp-content\/uploads\/2020\/01\/casa-atacada-1.jpg?resize=580%2C360\" alt=\"El registro de los da\u00f1os ocasionados al inmueble de las v\u00edctimas en la poblaci\u00f3n Los Robles de Santa Mar\u00eda la tarde de este martes.\" width=\"580\" height=\"360\" srcset=\"https:\/\/i0.wp.com\/eltrabajo.cl\/portal\/wp-content\/uploads\/2020\/01\/casa-atacada-1.jpg?w=580&amp;ssl=1 580w, https:\/\/i0.wp.com\/eltrabajo.cl\/portal\/wp-content\/uploads\/2020\/01\/casa-atacada-1.jpg?resize=300%2C186&amp;ssl=1 300w, https:\/\/i0.wp.com\/eltrabajo.cl\/portal\/wp-content\/uploads\/2020\/01\/casa-atacada-1.jpg?resize=200%2C124&amp;ssl=1 200w, https:\/\/i0.wp.com\/eltrabajo.cl\/portal\/wp-content\/uploads\/2020\/01\/casa-atacada-1.jpg?resize=242%2C150&amp;ssl=1 242w, https:\/\/i0.wp.com\/eltrabajo.cl\/portal\/wp-content\/uploads\/2020\/01\/casa-atacada-1.jpg?resize=400%2C248&amp;ssl=1 400w\" sizes=\"auto, (max-width: 580px) 100vw, 580px\" \/><figcaption id=\"caption-attachment-96895\" class=\"wp-caption-text\">El registro de los da\u00f1os ocasionados al inmueble de las v\u00edctimas en la poblaci\u00f3n Los Robles de Santa Mar\u00eda la tarde de este martes.<\/figcaption><\/figure>\n<p>&nbsp;<\/p>\n<figure id=\"attachment_96896\" aria-describedby=\"caption-attachment-96896\" style=\"width: 580px\" class=\"wp-caption alignnone\"><img data-recalc-dims=\"1\" loading=\"lazy\" decoding=\"async\" class=\"size-full wp-image-96896\" src=\"https:\/\/i0.wp.com\/www.eltrabajo.cl\/portal\/wp-content\/uploads\/2020\/01\/casa-atacada-2.jpg?resize=580%2C358\" alt=\"Los sujetos, tras arrojar piedras, destruyeron los vidrios del ventanal del domicilio de los denunciantes.\" width=\"580\" height=\"358\" srcset=\"https:\/\/i0.wp.com\/eltrabajo.cl\/portal\/wp-content\/uploads\/2020\/01\/casa-atacada-2.jpg?w=580&amp;ssl=1 580w, https:\/\/i0.wp.com\/eltrabajo.cl\/portal\/wp-content\/uploads\/2020\/01\/casa-atacada-2.jpg?resize=300%2C185&amp;ssl=1 300w, https:\/\/i0.wp.com\/eltrabajo.cl\/portal\/wp-content\/uploads\/2020\/01\/casa-atacada-2.jpg?resize=200%2C123&amp;ssl=1 200w, https:\/\/i0.wp.com\/eltrabajo.cl\/portal\/wp-content\/uploads\/2020\/01\/casa-atacada-2.jpg?resize=243%2C150&amp;ssl=1 243w, https:\/\/i0.wp.com\/eltrabajo.cl\/portal\/wp-content\/uploads\/2020\/01\/casa-atacada-2.jpg?resize=400%2C247&amp;ssl=1 400w\" sizes=\"auto, (max-width: 580px) 100vw, 580px\" \/><figcaption id=\"caption-attachment-96896\" class=\"wp-caption-text\">Los sujetos, tras arrojar piedras, destruyeron los vidrios del ventanal del domicilio de los denunciantes.<\/figcaption><\/figure>\n","protected":false},"excerpt":{"rendered":"<p>Por aparentes rencillas anteriores en Santa Mar\u00eda: BAJADA: Cinco hombres y una mujer se movilizaban en veh\u00edculo, quienes habr\u00edan arrojado piedras contra el inmueble de las v\u00edctimas en la comuna de Santa&#8230;<\/p>\n","protected":false},"author":482,"featured_media":96895,"comment_status":"open","ping_status":"open","sticky":false,"template":"","format":"standard","meta":{"advanced_seo_description":"","jetpack_seo_html_title":"","jetpack_seo_noindex":false,"_jetpack_memberships_contains_paid_content":false,"footnotes":""},"categories":[21],"tags":[],"class_list":["post-96894","post","type-post","status-publish","format-standard","has-post-thumbnail","hentry","category-policial"],"jetpack_featured_media_url":"https:\/\/i0.wp.com\/eltrabajo.cl\/portal\/wp-content\/uploads\/2020\/01\/casa-atacada-1.jpg?fit=580%2C360&ssl=1","jetpack_sharing_enabled":true,"jetpack_likes_enabled":true,"jetpack-related-posts":[],"_links":{"self":[{"href":"https:\/\/eltrabajo.cl\/portal\/wp-json\/wp\/v2\/posts\/96894","targetHints":{"allow":["GET"]}}],"collection":[{"href":"https:\/\/eltrabajo.cl\/portal\/wp-json\/wp\/v2\/posts"}],"about":[{"href":"https:\/\/eltrabajo.cl\/portal\/wp-json\/wp\/v2\/types\/post"}],"author":[{"embeddable":true,"href":"https:\/\/eltrabajo.cl\/portal\/wp-json\/wp\/v2\/users\/482"}],"replies":[{"embeddable":true,"href":"https:\/\/eltrabajo.cl\/portal\/wp-json\/wp\/v2\/comments?post=96894"}],"version-history":[{"count":0,"href":"https:\/\/eltrabajo.cl\/portal\/wp-json\/wp\/v2\/posts\/96894\/revisions"}],"wp:featuredmedia":[{"embeddable":true,"href":"https:\/\/eltrabajo.cl\/portal\/wp-json\/wp\/v2\/media\/96895"}],"wp:attachment":[{"href":"https:\/\/eltrabajo.cl\/portal\/wp-json\/wp\/v2\/media?parent=96894"}],"wp:term":[{"taxonomy":"category","embeddable":true,"href":"https:\/\/eltrabajo.cl\/portal\/wp-json\/wp\/v2\/categories?post=96894"},{"taxonomy":"post_tag","embeddable":true,"href":"https:\/\/eltrabajo.cl\/portal\/wp-json\/wp\/v2\/tags?post=96894"}],"curies":[{"name":"wp","href":"https:\/\/api.w.org\/{rel}","templated":true}]}}