{"id":96898,"date":"2020-01-30T05:07:48","date_gmt":"2020-01-30T08:07:48","guid":{"rendered":"http:\/\/www.eltrabajo.cl\/portal\/?p=96898"},"modified":"2020-01-30T00:47:02","modified_gmt":"2020-01-30T03:47:02","slug":"libre-abogado-acusado-de-haber-ingresado-droga-a-carcel-de-san-felipe","status":"publish","type":"post","link":"https:\/\/eltrabajo.cl\/portal\/libre-abogado-acusado-de-haber-ingresado-droga-a-carcel-de-san-felipe\/","title":{"rendered":"Libre abogado acusado de haber ingresado droga a c\u00e1rcel de San Felipe"},"content":{"rendered":"<p>En libertad, con un plazo de 120 d\u00edas para el cierre de la investigaci\u00f3n, qued\u00f3 el abogado porte\u00f1o <strong>Daniel Gonz\u00e1lez Garc\u00eda<\/strong>, quien fue acusado de haber ingresado droga a la c\u00e1rcel de San Felipe.<\/p>\n<p>En conversaci\u00f3n con nuestro medio indic\u00f3 la situaci\u00f3n como bastante extra\u00f1a: \u201cYo, dentro de mi actividades profesionales, visit\u00e9 el recinto penitenciario de San Felipe, me entrevist\u00e9 con un interno y posterior a la entrevista del interno, Gendarmer\u00eda me se\u00f1ala que\u00a0 despu\u00e9s de haberse reunido conmigo portaba en su poder una cantidad desconocida de droga y otros elementos, por lo cual yo, cooperando con la investigaci\u00f3n, me qued\u00e9 ah\u00ed mientras se hac\u00edan los ex\u00e1menes pertinentes por parte del OS-7 de Carabineros para hacer las pruebas de campo. Y dentro de eso hab\u00edan diversas sustancias, todas compon\u00edan sustancias il\u00edcitas que obviamente no corresponden estar dentro de un recinto penal. Entonces se me leyeron mis derechos del detenido, haciendo presente que a m\u00ed no se me encontr\u00f3 portando ni ingresando ning\u00fan tipo de elemento que no est\u00e9 permitido, por un tema que supuestamente el interno no ten\u00eda nada al interior de la c\u00e1rcel. Posterior de mi visita \u00e9l se encontraba con estos elementos, se sospech\u00f3 de mi persona y por ello fui formalizado. Ahora se fij\u00f3 un plazo de 120 d\u00edas, dentro de los cuales se van a esclarecer todos los hechos, y obviamente voy a poder determinar mi inocencia en este asunto que ha sido bastante inc\u00f3modo m\u00e1s que desconcertante, bastante inc\u00f3modo, pero dentro de todo eso, bien y participando, colaborando con la investigaci\u00f3n.<\/p>\n<p>&#8211; <strong>\u00bfPor qu\u00e9 cree que pas\u00f3 esto, usted descarta de plano haber entregado algo al interno en el fondo? <\/strong><\/p>\n<p>&#8211; Efectivamente, de plano. Mire como se sabe a <em>vox populis<\/em>, al interior de las c\u00e1rceles a veces los internos tienen elementos que no son permitidos, entonces no descarto la posibilidad que quiz\u00e1s este interno previamente a mi entrevista, por miedo que le fuesen a incautar o meterse a la pieza o donde el guarda cosas, la haya guardado y se haya entrevistado posteriormente conmigo, y quiz\u00e1s por ello lo hayan sorprendido con estos elementos. En realidad yo no he hablado con \u00e9l ni en realidad s\u00e9 su versi\u00f3n del hecho ni de lo que pas\u00f3, entonces desconozco, estoy aventurando alguna hip\u00f3tesis que pudiera explicar eso, porque realmente no tiene ning\u00fan sentido\u2026 Yo no ingres\u00e9 nada.<\/p>\n<p>&#8211; <strong>Aclarando un poco, \u00bfcu\u00e1l cree usted que es la hip\u00f3tesis de esto?<\/strong><\/p>\n<p>&#8211; La hip\u00f3tesis es que el interno, efectivamente como dice Gendarmer\u00eda, lo pillaron con elementos il\u00edcitos, de que estos elementos il\u00edcitos estaban previamente a mi llegada y que \u00e9l los portaba obviamente dentro de sus vestimentas, previo a que yo vaya a entrevistarme con \u00e9l.<\/p>\n<p>El interno tiene una causa activa por el delito de robo con intimidaci\u00f3n. El abogado le ven\u00eda a informar que hab\u00eda avances.<\/p>\n<p>&nbsp;<\/p>\n<figure id=\"attachment_96899\" aria-describedby=\"caption-attachment-96899\" style=\"width: 580px\" class=\"wp-caption alignnone\"><img data-recalc-dims=\"1\" loading=\"lazy\" decoding=\"async\" class=\"size-full wp-image-96899\" src=\"https:\/\/i0.wp.com\/www.eltrabajo.cl\/portal\/wp-content\/uploads\/2020\/01\/CARCEL-SAN-FELIPE.jpg?resize=580%2C360\" alt=\"El delito fue denunciado por gendarmes del Centro de Cumplimiento Penitenciario de San Felipe la tarde de este martes.\" width=\"580\" height=\"360\" srcset=\"https:\/\/i0.wp.com\/eltrabajo.cl\/portal\/wp-content\/uploads\/2020\/01\/CARCEL-SAN-FELIPE.jpg?w=580&amp;ssl=1 580w, https:\/\/i0.wp.com\/eltrabajo.cl\/portal\/wp-content\/uploads\/2020\/01\/CARCEL-SAN-FELIPE.jpg?resize=300%2C186&amp;ssl=1 300w, https:\/\/i0.wp.com\/eltrabajo.cl\/portal\/wp-content\/uploads\/2020\/01\/CARCEL-SAN-FELIPE.jpg?resize=200%2C124&amp;ssl=1 200w, https:\/\/i0.wp.com\/eltrabajo.cl\/portal\/wp-content\/uploads\/2020\/01\/CARCEL-SAN-FELIPE.jpg?resize=242%2C150&amp;ssl=1 242w, https:\/\/i0.wp.com\/eltrabajo.cl\/portal\/wp-content\/uploads\/2020\/01\/CARCEL-SAN-FELIPE.jpg?resize=400%2C248&amp;ssl=1 400w\" sizes=\"auto, (max-width: 580px) 100vw, 580px\" \/><figcaption id=\"caption-attachment-96899\" class=\"wp-caption-text\">El delito fue denunciado por gendarmes del Centro de Cumplimiento Penitenciario de San Felipe la tarde de este martes.<\/figcaption><\/figure>\n","protected":false},"excerpt":{"rendered":"<p>En libertad, con un plazo de 120 d\u00edas para el cierre de la investigaci\u00f3n, qued\u00f3 el abogado porte\u00f1o Daniel Gonz\u00e1lez Garc\u00eda, quien fue acusado de haber ingresado droga a la c\u00e1rcel de&#8230;<\/p>\n","protected":false},"author":482,"featured_media":96899,"comment_status":"open","ping_status":"open","sticky":false,"template":"","format":"standard","meta":{"advanced_seo_description":"","jetpack_seo_html_title":"","jetpack_seo_noindex":false,"_jetpack_memberships_contains_paid_content":false,"footnotes":""},"categories":[97],"tags":[],"class_list":["post-96898","post","type-post","status-publish","format-standard","has-post-thumbnail","hentry","category-tribunales"],"jetpack_featured_media_url":"https:\/\/i0.wp.com\/eltrabajo.cl\/portal\/wp-content\/uploads\/2020\/01\/CARCEL-SAN-FELIPE.jpg?fit=580%2C360&ssl=1","jetpack_sharing_enabled":true,"jetpack_likes_enabled":true,"jetpack-related-posts":[],"_links":{"self":[{"href":"https:\/\/eltrabajo.cl\/portal\/wp-json\/wp\/v2\/posts\/96898","targetHints":{"allow":["GET"]}}],"collection":[{"href":"https:\/\/eltrabajo.cl\/portal\/wp-json\/wp\/v2\/posts"}],"about":[{"href":"https:\/\/eltrabajo.cl\/portal\/wp-json\/wp\/v2\/types\/post"}],"author":[{"embeddable":true,"href":"https:\/\/eltrabajo.cl\/portal\/wp-json\/wp\/v2\/users\/482"}],"replies":[{"embeddable":true,"href":"https:\/\/eltrabajo.cl\/portal\/wp-json\/wp\/v2\/comments?post=96898"}],"version-history":[{"count":0,"href":"https:\/\/eltrabajo.cl\/portal\/wp-json\/wp\/v2\/posts\/96898\/revisions"}],"wp:featuredmedia":[{"embeddable":true,"href":"https:\/\/eltrabajo.cl\/portal\/wp-json\/wp\/v2\/media\/96899"}],"wp:attachment":[{"href":"https:\/\/eltrabajo.cl\/portal\/wp-json\/wp\/v2\/media?parent=96898"}],"wp:term":[{"taxonomy":"category","embeddable":true,"href":"https:\/\/eltrabajo.cl\/portal\/wp-json\/wp\/v2\/categories?post=96898"},{"taxonomy":"post_tag","embeddable":true,"href":"https:\/\/eltrabajo.cl\/portal\/wp-json\/wp\/v2\/tags?post=96898"}],"curies":[{"name":"wp","href":"https:\/\/api.w.org\/{rel}","templated":true}]}}