{"id":96912,"date":"2020-01-31T05:02:47","date_gmt":"2020-01-31T08:02:47","guid":{"rendered":"http:\/\/www.eltrabajo.cl\/portal\/?p=96912"},"modified":"2020-01-30T23:04:41","modified_gmt":"2020-01-31T02:04:41","slug":"condenado-a-5-anos-por-ingresar-a-robar-a-pleno-dia-en-una-vivienda","status":"publish","type":"post","link":"https:\/\/eltrabajo.cl\/portal\/condenado-a-5-anos-por-ingresar-a-robar-a-pleno-dia-en-una-vivienda\/","title":{"rendered":"Condenado a 5 a\u00f1os por ingresar a robar a pleno d\u00eda en una vivienda"},"content":{"rendered":"<p><span style=\"color: #ff0000;\"><strong>Tras juicio abreviado en Tribunal de Garant\u00eda<\/strong><\/span><\/p>\n<ul>\n<li><strong>BAJADA: El sujeto fue capturado en flagrancia por Carabineros el pasado 9 de julio de 2019, al interior de un inmueble ubicado en la avenida Las Palmas de Llay Llay.<\/strong><\/li>\n<\/ul>\n<p>En juicio abreviado desarrollado en el Juzgado de Garant\u00eda de San Felipe, un sujeto identificado como <strong>Michel Hern\u00e1n Y\u00e1\u00f1ez Contreras<\/strong> fue condenado a cumplir una pena de 5 a\u00f1os de c\u00e1rcel por el delito de robo de especies desde el interior de una vivienda ubicada en la comuna de Llay Llay.<\/p>\n<p>Seg\u00fan los hechos descritos por el Fiscal <strong>Rodrigo Zapata Cuellar<\/strong>, la ma\u00f1ana del d\u00eda 9 de julio de 2019, a eso de las 08:50 horas, el actual sentenciado ingres\u00f3 a robar hasta un domicilio ubicado en avenida Las Palmas de Llay Llay.<\/p>\n<p>El ladr\u00f3n, aprovechando que la casa se encontraba en esos momentos sin moradores, escal\u00f3 la reja del cierre perimetral, accediendo hasta las dependencias tras introducirse por la ventana del ba\u00f1o, lo que le permiti\u00f3 registrar los dormitorios en b\u00fasqueda de especies.<\/p>\n<p>La investigaci\u00f3n detalla que el sujeto utiliz\u00f3 una mochila para llevarse consigo unos cables el\u00e9ctricos, dos c\u00e1maras fotogr\u00e1ficas y un micr\u00f3fono de propiedad de la v\u00edctima.<\/p>\n<p>Carabineros, al ser alertado de este delito, concurri\u00f3 al sitio del suceso, encontrando al ladr\u00f3n a\u00fan al interior del inmueble, procediendo a su detenci\u00f3n.<\/p>\n<p>Y\u00e1\u00f1ez Contreras acept\u00f3 un procedimiento abreviado en el Tribunal de Garant\u00eda de San Felipe, siendo condenado a la pena de cinco a\u00f1os de presidio menor en su grado m\u00e1ximo, abon\u00e1ndose un total de doce d\u00edas que estuvo sujeto a la cautelar de prisi\u00f3n preventiva.<\/p>\n<p>Dicha sentencia deber\u00e1 ser cumplida \u00edntegramente en el Centro de Cumplimiento Penitenciario de San Felipe, por el delito de robo en lugar habitado.<\/p>\n<p><strong>Pablo Salinas Sald\u00edas<\/strong><\/p>\n<p>&nbsp;<\/p>\n<figure id=\"attachment_96913\" aria-describedby=\"caption-attachment-96913\" style=\"width: 580px\" class=\"wp-caption alignnone\"><img data-recalc-dims=\"1\" loading=\"lazy\" decoding=\"async\" class=\"size-full wp-image-96913\" src=\"https:\/\/i0.wp.com\/www.eltrabajo.cl\/portal\/wp-content\/uploads\/2020\/01\/DETENIDO-LLAYLLAY.jpg?resize=580%2C359\" alt=\"El antisocial fue capturado por Carabineros de la Subcomisar\u00eda de Llay Llay el 9 de julio del a\u00f1o pasado. (Fotograf\u00eda Referencial).\" width=\"580\" height=\"359\" srcset=\"https:\/\/i0.wp.com\/eltrabajo.cl\/portal\/wp-content\/uploads\/2020\/01\/DETENIDO-LLAYLLAY.jpg?w=580&amp;ssl=1 580w, https:\/\/i0.wp.com\/eltrabajo.cl\/portal\/wp-content\/uploads\/2020\/01\/DETENIDO-LLAYLLAY.jpg?resize=300%2C186&amp;ssl=1 300w, https:\/\/i0.wp.com\/eltrabajo.cl\/portal\/wp-content\/uploads\/2020\/01\/DETENIDO-LLAYLLAY.jpg?resize=200%2C124&amp;ssl=1 200w, https:\/\/i0.wp.com\/eltrabajo.cl\/portal\/wp-content\/uploads\/2020\/01\/DETENIDO-LLAYLLAY.jpg?resize=242%2C150&amp;ssl=1 242w, https:\/\/i0.wp.com\/eltrabajo.cl\/portal\/wp-content\/uploads\/2020\/01\/DETENIDO-LLAYLLAY.jpg?resize=400%2C248&amp;ssl=1 400w\" sizes=\"auto, (max-width: 580px) 100vw, 580px\" \/><figcaption id=\"caption-attachment-96913\" class=\"wp-caption-text\">El antisocial fue capturado por Carabineros de la Subcomisar\u00eda de Llay Llay el 9 de julio del a\u00f1o pasado. (Fotograf\u00eda Referencial).<\/figcaption><\/figure>\n","protected":false},"excerpt":{"rendered":"<p>Tras juicio abreviado en Tribunal de Garant\u00eda BAJADA: El sujeto fue capturado en flagrancia por Carabineros el pasado 9 de julio de 2019, al interior de un inmueble ubicado en la avenida&#8230;<\/p>\n","protected":false},"author":482,"featured_media":96913,"comment_status":"open","ping_status":"open","sticky":false,"template":"","format":"standard","meta":{"advanced_seo_description":"","jetpack_seo_html_title":"","jetpack_seo_noindex":false,"_jetpack_memberships_contains_paid_content":false,"footnotes":""},"categories":[97],"tags":[],"class_list":["post-96912","post","type-post","status-publish","format-standard","has-post-thumbnail","hentry","category-tribunales"],"jetpack_featured_media_url":"https:\/\/i0.wp.com\/eltrabajo.cl\/portal\/wp-content\/uploads\/2020\/01\/DETENIDO-LLAYLLAY.jpg?fit=580%2C359&ssl=1","jetpack_sharing_enabled":true,"jetpack_likes_enabled":true,"jetpack-related-posts":[],"_links":{"self":[{"href":"https:\/\/eltrabajo.cl\/portal\/wp-json\/wp\/v2\/posts\/96912","targetHints":{"allow":["GET"]}}],"collection":[{"href":"https:\/\/eltrabajo.cl\/portal\/wp-json\/wp\/v2\/posts"}],"about":[{"href":"https:\/\/eltrabajo.cl\/portal\/wp-json\/wp\/v2\/types\/post"}],"author":[{"embeddable":true,"href":"https:\/\/eltrabajo.cl\/portal\/wp-json\/wp\/v2\/users\/482"}],"replies":[{"embeddable":true,"href":"https:\/\/eltrabajo.cl\/portal\/wp-json\/wp\/v2\/comments?post=96912"}],"version-history":[{"count":0,"href":"https:\/\/eltrabajo.cl\/portal\/wp-json\/wp\/v2\/posts\/96912\/revisions"}],"wp:featuredmedia":[{"embeddable":true,"href":"https:\/\/eltrabajo.cl\/portal\/wp-json\/wp\/v2\/media\/96913"}],"wp:attachment":[{"href":"https:\/\/eltrabajo.cl\/portal\/wp-json\/wp\/v2\/media?parent=96912"}],"wp:term":[{"taxonomy":"category","embeddable":true,"href":"https:\/\/eltrabajo.cl\/portal\/wp-json\/wp\/v2\/categories?post=96912"},{"taxonomy":"post_tag","embeddable":true,"href":"https:\/\/eltrabajo.cl\/portal\/wp-json\/wp\/v2\/tags?post=96912"}],"curies":[{"name":"wp","href":"https:\/\/api.w.org\/{rel}","templated":true}]}}